{"id":754,"date":"2018-08-14T11:02:13","date_gmt":"2018-08-14T14:02:13","guid":{"rendered":"http:\/\/saojosedoipiranga.com.br\/site\/?p=754"},"modified":"2018-08-14T11:02:13","modified_gmt":"2018-08-14T14:02:13","slug":"sagrado-coracao-de-jesus","status":"publish","type":"post","link":"https:\/\/saojosedoipiranga.com.br\/new\/2018\/08\/14\/sagrado-coracao-de-jesus\/","title":{"rendered":"SAGRADO CORA\u00c7\u00c3O DE JESUS"},"content":{"rendered":"\n<p><strong>O CORA\u00c7\u00c3O \u00c9 O S\u00cdMBOLO DO AMOR<\/strong><\/p>\n\n\n\n<p><strong>Celebrar o cora\u00e7\u00e3o de Cristo \u00e9 celebrar a Reden\u00e7\u00e3o<\/strong><\/p>\n\n\n\n<figure class=\"wp-block-image\"><img fetchpriority=\"high\" decoding=\"async\" width=\"960\" height=\"384\" src=\"http:\/\/saojosedoipiranga.com.br\/site\/wp-content\/uploads\/2018\/08\/sagrado-coracao-de-jesus.jpg\" alt=\"\" class=\"wp-image-755\" srcset=\"https:\/\/saojosedoipiranga.com.br\/new\/wp-content\/uploads\/2018\/08\/sagrado-coracao-de-jesus.jpg 960w, https:\/\/saojosedoipiranga.com.br\/new\/wp-content\/uploads\/2018\/08\/sagrado-coracao-de-jesus-300x120.jpg 300w, https:\/\/saojosedoipiranga.com.br\/new\/wp-content\/uploads\/2018\/08\/sagrado-coracao-de-jesus-768x307.jpg 768w\" sizes=\"(max-width: 960px) 100vw, 960px\" \/><\/figure>\n\n\n\n<p>O cora\u00e7\u00e3o representa o ser humano na sua totalidade. Ele \u00e9 o centro original da pessoa humana, e dele recebe a unidade. Segundo Karl Rahner, o cora\u00e7\u00e3o \u00e9 o centro de nosso ser, a fonte de nossa personalidade, o motivo principal de nossas atitudes e escolhas, e o lugar da misteriosa a\u00e7\u00e3o de Deus.<\/p>\n\n\n\n<p>O cora\u00e7\u00e3o \u00e9 o s\u00edmbolo do amor e, porque Cristo teve um amor perfeito, seu cora\u00e7\u00e3o \u00e9 para n\u00f3s o s\u00edmbolo perfeito do amor. Seu cora\u00e7\u00e3o esteve pleno de amor perfeito para com o Pai e para com os homens. N\u00f3s aprendemos o que \u00e9 amor quando tentamos compreender e viver algo do amor de Cristo.<\/p>\n\n\n\n<p>O Papa S\u00e3o Jo\u00e3o Paulo II, na sua primeira Enc\u00edclica, <em>Redemptor hominis,<\/em> escreveu: &#8220;A reden\u00e7\u00e3o do mundo \u2013 esse tremendo mist\u00e9rio de amor onde a\u00a0 Cria\u00e7\u00e3o se renova \u2013 \u00e9 na sua raiz mais profunda a plenitude da justi\u00e7a em um cora\u00e7\u00e3o humano, o cora\u00e7\u00e3o do Filho Primog\u00eanito, para que possa ser justi\u00e7a no cora\u00e7\u00e3o de muitos seres humanos, chamados desde a eternidade em Jesus Cristo a serem Filhos de Deus&#8221;.<\/p>\n\n\n\n<p><strong>O lado ferido, o lado fecundo de Cristo<\/strong><\/p>\n\n\n\n<p>Celebrar o Cora\u00e7\u00e3o de Jesus \u00e9 celebrar a reden\u00e7\u00e3o, \u00e9 celebrar o amor e responder ao amor amando \u2013 esse amor que tantas vezes n\u00e3o \u00e9 amado. &#8220;O cora\u00e7\u00e3o fala ao cora\u00e7\u00e3o&#8221;, afirmava S\u00e3o Jo\u00e3o Paulo II ao se referir \u00e0 devo\u00e7\u00e3o ao Cora\u00e7\u00e3o de Jesus como express\u00e3o e col\u00f3quio de amor. Celebrar o cora\u00e7\u00e3o de Jesus \u00e9 celebrar o sacramento do amor salv\u00edfico do Pai. <\/p>\n\n\n\n<p>Assim, lemos no Pref\u00e1cio da Missa do Sagrado Cora\u00e7\u00e3o: Jesus, elevado na cruz, fez que da ferida do seu lado brotassem, com a \u00e1gua e o sangue, os sacramentos da Igreja, para que, nos aproximando do cora\u00e7\u00e3o aberto do Salvador, todos pud\u00e9ssemos beber das fontes da Salva\u00e7\u00e3o. \u00a0<\/p>\n\n\n\n<p>tradu\u00e7\u00e3o livre do texto de <a href=\"http:\/\/www.mercaba.org\">www.mercaba.org<\/a>, por Eliana Galv\u00e1n Gil<\/p>\n\n\n<div class=\"wp-block-image\">\n<figure class=\"aligncenter\"><img decoding=\"async\" width=\"200\" height=\"83\" src=\"http:\/\/saojosedoipiranga.com.br\/site\/wp-content\/uploads\/2018\/08\/arabescoblog.png\" alt=\"\" class=\"wp-image-748\"\/><\/figure>\n<\/div>\n    <div class=\"xs_social_share_widget xs_share_url after_content \t\tmain_content  wslu-style-1 wslu-share-box-shaped wslu-fill-colored wslu-none wslu-share-horizontal wslu-theme-font-no wslu-main_content\">\n\n\t\t\n        <ul>\n\t\t\t        <\/ul>\n    <\/div> \n","protected":false},"excerpt":{"rendered":"<p>O CORA\u00c7\u00c3O \u00c9 O S\u00cdMBOLO DO AMOR Celebrar o cora\u00e7\u00e3o de Cristo \u00e9 celebrar a Reden\u00e7\u00e3o O cora\u00e7\u00e3o representa o ser humano na sua totalidade. Ele \u00e9 o centro original&hellip; <br \/> <a class=\"read-more\" href=\"https:\/\/saojosedoipiranga.com.br\/new\/2018\/08\/14\/sagrado-coracao-de-jesus\/\">Leia mais<\/a><\/p>\n","protected":false},"author":3,"featured_media":755,"comment_status":"closed","ping_status":"closed","sticky":false,"template":"","format":"standard","meta":{"_vp_format_video_url":"","_vp_image_focal_point":[],"footnotes":""},"categories":[3,5],"tags":[],"class_list":["post-754","post","type-post","status-publish","format-standard","has-post-thumbnail","hentry","category-blog","category-diversos"],"_links":{"self":[{"href":"https:\/\/saojosedoipiranga.com.br\/new\/wp-json\/wp\/v2\/posts\/754","targetHints":{"allow":["GET"]}}],"collection":[{"href":"https:\/\/saojosedoipiranga.com.br\/new\/wp-json\/wp\/v2\/posts"}],"about":[{"href":"https:\/\/saojosedoipiranga.com.br\/new\/wp-json\/wp\/v2\/types\/post"}],"author":[{"embeddable":true,"href":"https:\/\/saojosedoipiranga.com.br\/new\/wp-json\/wp\/v2\/users\/3"}],"replies":[{"embeddable":true,"href":"https:\/\/saojosedoipiranga.com.br\/new\/wp-json\/wp\/v2\/comments?post=754"}],"version-history":[{"count":0,"href":"https:\/\/saojosedoipiranga.com.br\/new\/wp-json\/wp\/v2\/posts\/754\/revisions"}],"wp:featuredmedia":[{"embeddable":true,"href":"https:\/\/saojosedoipiranga.com.br\/new\/wp-json\/wp\/v2\/media\/755"}],"wp:attachment":[{"href":"https:\/\/saojosedoipiranga.com.br\/new\/wp-json\/wp\/v2\/media?parent=754"}],"wp:term":[{"taxonomy":"category","embeddable":true,"href":"https:\/\/saojosedoipiranga.com.br\/new\/wp-json\/wp\/v2\/categories?post=754"},{"taxonomy":"post_tag","embeddable":true,"href":"https:\/\/saojosedoipiranga.com.br\/new\/wp-json\/wp\/v2\/tags?post=754"}],"curies":[{"name":"wp","href":"https:\/\/api.w.org\/{rel}","templated":true}]}}