{"id":745,"date":"2018-08-14T10:53:49","date_gmt":"2018-08-14T13:53:49","guid":{"rendered":"http:\/\/saojosedoipiranga.com.br\/site\/?p=745"},"modified":"2018-08-14T10:53:49","modified_gmt":"2018-08-14T13:53:49","slug":"sao-pedro-e-sao-paulo","status":"publish","type":"post","link":"https:\/\/saojosedoipiranga.com.br\/new\/2018\/08\/14\/sao-pedro-e-sao-paulo\/","title":{"rendered":"S\u00c3O PEDRO E S\u00c3O PAULO"},"content":{"rendered":"\n<p><strong>Solenidade de S\u00e3o Pedro e S\u00e3o Paulo<\/strong><\/p>\n\n\n\n<figure class=\"wp-block-image\"><img fetchpriority=\"high\" decoding=\"async\" width=\"980\" height=\"362\" src=\"http:\/\/saojosedoipiranga.com.br\/site\/wp-content\/uploads\/2018\/08\/sao-pedro-sao-paulo.jpg\" alt=\"\" class=\"wp-image-746\" srcset=\"https:\/\/saojosedoipiranga.com.br\/new\/wp-content\/uploads\/2018\/08\/sao-pedro-sao-paulo.jpg 980w, https:\/\/saojosedoipiranga.com.br\/new\/wp-content\/uploads\/2018\/08\/sao-pedro-sao-paulo-300x111.jpg 300w, https:\/\/saojosedoipiranga.com.br\/new\/wp-content\/uploads\/2018\/08\/sao-pedro-sao-paulo-768x284.jpg 768w\" sizes=\"(max-width: 980px) 100vw, 980px\" \/><\/figure>\n\n\n\n<hr class=\"wp-block-separator\"\/>\n\n\n\n<p>&#8230; A ant\u00edfona de entrada da Missa do Dia proclama: <em>Eis<\/em> os <em>santos<\/em> que, <em>vivendo neste mundo<\/em>, <em>plantaram<\/em> a <em>Igreja<\/em>, <em>regando-a<\/em> com <em>seu sangue<\/em>. <em>Beberam<\/em> do <em>c\u00e1lice<\/em> do <em>Senhor<\/em> e <em>se tornaram amigos<\/em> de <em>Deus<\/em>.<\/p>\n\n\n\n<p>Pedro e Paulo foram escolhidos por Deus para a dif\u00edcil tarefa de iniciar a evangeliza\u00e7\u00e3o e muito sofreram e lutaram para cumprir a sua miss\u00e3o. Pedro um simples pescador da Galil\u00e9ia conheceu Jesus por meio de seu irm\u00e3o Andr\u00e9, que na \u00e9poca era disc\u00edpulo de Jo\u00e3o Batista. Interessados e curiosos pelas palavras do Batista sobre Jesus, Andr\u00e9 e outro disc\u00edpulo o seguiram e perguntaram: \u201cRabi, onde moras?\u201d, Jesus \u201crespondeu vinde e vede\u201d (Jo 1, 37-39). No dia seguinte Andr\u00e9 trouxe seu irm\u00e3o Pedro para apresent\u00e1-lo a Jesus. Ele fixou o olhar em Pedro de uma maneira toda especial e disse \u201cTu \u00e9s Sim\u00e3o, filho de Jo\u00e3o, chamar-te-\u00e1s Cefas (que quer dizer Pedra)( Jo 1,42); essas palavras j\u00e1 indicam que, desde esse primeiro momento Deus tinha um plano para ele, era o l\u00edder que conduziria seus irm\u00e3os nos primeiros tempos da Igreja.\u00a0\u00a0 <\/p>\n\n\n\n<p>Se fiz\u00e9ssemos um quadro comparativo entre eles, encontrar\u00edamos muito mais diferen\u00e7as do que semelhan\u00e7as, mas, cada um deles colocou aos p\u00e9s do Cristo sua vontade, e sua plena disponibilidade para engrandecer a Igreja.\u00a0\u00a0\u00a0\u00a0 <\/p>\n\n\n\n<p>Saulo de Tarso (Paulo), um judeu muito culto e estudioso da Lei, n\u00e3o conheceu pessoalmente Jesus, e, aproximadamente no ano 35 foi nomeado pelo Sin\u00e9drio para perseguir crist\u00e3os. Mas, tamb\u00e9m para ele Deus tinha um plano, e o chamou quando Saulo ia para Damasco denunciar alguns crist\u00e3os (At 9,1-19). Jesus lhe pergunta: \u201cSaulo por que me persegues?\u201d Na pergunta de Jesus podemos ver que Ele e a Igreja formam uma unidade indivisa e quem a persegue tamb\u00e9m persegue Jesus. Depois de batizado por Ananias se retira por um tempo ao deserto. Uma vez preparado e fortalecido na sua f\u00e9 vai pregar a Boa Nova entre os pag\u00e3os criando comunidades em diferentes regi\u00f5es do Imp\u00e9rio Romano.<\/p>\n\n\n\n<p>\u00a0As hist\u00f3rias destes dois gigantes da Igreja voltam a se aproximar no momento final de suas vidas, n\u00e3o h\u00e1 datas precisas, mas, ambos foram martirizados em Roma mais ou menos entre os anos 64-67 durante o imp\u00e9rio de Nero, Paulo \u00e9 decapitado e uma tradi\u00e7\u00e3o diz que Pedro foi crucificado de cabe\u00e7a para abaixo.\u00a0 \u00a0\u00a0\u00a0<\/p>\n\n\n<div class=\"wp-block-image\">\n<figure class=\"aligncenter\"><img decoding=\"async\" width=\"200\" height=\"83\" src=\"http:\/\/saojosedoipiranga.com.br\/site\/wp-content\/uploads\/2018\/08\/arabescoblog.png\" alt=\"\" class=\"wp-image-748\"\/><\/figure>\n<\/div>\n    <div class=\"xs_social_share_widget xs_share_url after_content \t\tmain_content  wslu-style-1 wslu-share-box-shaped wslu-fill-colored wslu-none wslu-share-horizontal wslu-theme-font-no wslu-main_content\">\n\n\t\t\n        <ul>\n\t\t\t        <\/ul>\n    <\/div> \n","protected":false},"excerpt":{"rendered":"<p>Solenidade de S\u00e3o Pedro e S\u00e3o Paulo &#8230; A ant\u00edfona de entrada da Missa do Dia proclama: Eis os santos que, vivendo neste mundo, plantaram a Igreja, regando-a com seu&hellip; <br \/> <a class=\"read-more\" href=\"https:\/\/saojosedoipiranga.com.br\/new\/2018\/08\/14\/sao-pedro-e-sao-paulo\/\">Leia mais<\/a><\/p>\n","protected":false},"author":3,"featured_media":746,"comment_status":"closed","ping_status":"closed","sticky":false,"template":"","format":"standard","meta":{"_vp_format_video_url":"","_vp_image_focal_point":[],"footnotes":""},"categories":[3,5],"tags":[],"class_list":["post-745","post","type-post","status-publish","format-standard","has-post-thumbnail","hentry","category-blog","category-diversos"],"_links":{"self":[{"href":"https:\/\/saojosedoipiranga.com.br\/new\/wp-json\/wp\/v2\/posts\/745","targetHints":{"allow":["GET"]}}],"collection":[{"href":"https:\/\/saojosedoipiranga.com.br\/new\/wp-json\/wp\/v2\/posts"}],"about":[{"href":"https:\/\/saojosedoipiranga.com.br\/new\/wp-json\/wp\/v2\/types\/post"}],"author":[{"embeddable":true,"href":"https:\/\/saojosedoipiranga.com.br\/new\/wp-json\/wp\/v2\/users\/3"}],"replies":[{"embeddable":true,"href":"https:\/\/saojosedoipiranga.com.br\/new\/wp-json\/wp\/v2\/comments?post=745"}],"version-history":[{"count":0,"href":"https:\/\/saojosedoipiranga.com.br\/new\/wp-json\/wp\/v2\/posts\/745\/revisions"}],"wp:featuredmedia":[{"embeddable":true,"href":"https:\/\/saojosedoipiranga.com.br\/new\/wp-json\/wp\/v2\/media\/746"}],"wp:attachment":[{"href":"https:\/\/saojosedoipiranga.com.br\/new\/wp-json\/wp\/v2\/media?parent=745"}],"wp:term":[{"taxonomy":"category","embeddable":true,"href":"https:\/\/saojosedoipiranga.com.br\/new\/wp-json\/wp\/v2\/categories?post=745"},{"taxonomy":"post_tag","embeddable":true,"href":"https:\/\/saojosedoipiranga.com.br\/new\/wp-json\/wp\/v2\/tags?post=745"}],"curies":[{"name":"wp","href":"https:\/\/api.w.org\/{rel}","templated":true}]}}