{"id":5673,"date":"2023-01-05T11:39:54","date_gmt":"2023-01-05T14:39:54","guid":{"rendered":"https:\/\/saojosedoipiranga.com.br\/new\/?p=5673"},"modified":"2023-01-05T11:39:54","modified_gmt":"2023-01-05T14:39:54","slug":"epifania","status":"publish","type":"post","link":"https:\/\/saojosedoipiranga.com.br\/new\/2023\/01\/05\/epifania\/","title":{"rendered":"Epifania"},"content":{"rendered":"\n<h2 class=\"wp-block-heading\">Manifesta\u00e7\u00e3o do amor de Deus no mundo<\/h2>\n\n\n\n<p>Queridos irm\u00e3os e irm\u00e3s, no pr\u00f3ximo domingo 08\/01\/23 celebraremos a Festa da Epifania do Senhor.<\/p>\n\n\n\n<p>Vivemos ainda no clima do Natal. A alegria invade nossos cora\u00e7\u00f5es. Tudo respira festa. As casas, as ruas e as igrejas permanecem enfeitadas com s\u00edmbolos natalinos. Partilhamos os votos de Feliz Natal e Pr\u00f3spero Ano novo. A paz parece ter encontrado a sua morada entre n\u00f3s e constru\u00eddo a sua casa no mundo. Prolongamos visitas aos amigos e familiares. Preparamos confraterniza\u00e7\u00f5es. N\u00e3o nos cansamos de ouvir m\u00fasicas natalinas. Um desejo enraizado no cora\u00e7\u00e3o nos faz cantar: <em>\u201cGl\u00f3ria a Deus e paz na terra aos homens de boa vontade\u201d.<\/em> Rezamos para que essa paz e essa harmonia perdurem por muito tempo ou que nunca se apaguem. O nascido em Bel\u00e9m \u00e9 o pr\u00edncipe da Paz. Ele \u00e9 a nossa salva\u00e7\u00e3o.<\/p>\n\n\n\n<p>Natal e Epifania s\u00e3o duas festas que celebram o mesmo mist\u00e9rio. Na Ora\u00e7\u00e3o Eucar\u00edstica do pr\u00f3ximo domingo, Epifania do Senhor, rezamos: <em>\u201cQuando Cristo se manifestou em nossa carne mortal, v\u00f3s nos recriastes na luz eterna de sua divindade\u201d. <\/em>Na ora\u00e7\u00e3o sobre as oferendas da missa da noite de Natal rezamos: <em>\u201cAcolhei, \u00f3 Deus, a oferenda da festa de hoje, na qual o c\u00e9u e a terra trocam seus dons, e dai-nos participar da divindade daquele que uniu a v\u00f3s a nossa humanidade\u201d.<\/em><\/p>\n\n\n\n<p>No Natal lembramos a manifesta\u00e7\u00e3o do Senhor aos seus concidad\u00e3os, representados pelos pastores. Na Epifania voltamos nosso olhar para os outros povos e na\u00e7\u00f5es, representadas pelos magos.<\/p>\n\n\n\n<div class=\"wp-block-media-text alignwide is-stacked-on-mobile\" style=\"grid-template-columns:44% auto\"><figure class=\"wp-block-media-text__media\"><img fetchpriority=\"high\" decoding=\"async\" width=\"550\" height=\"768\" src=\"https:\/\/saojosedoipiranga.com.br\/new\/wp-content\/uploads\/2023\/01\/pinterest-todocoleccion-1.jpg\" alt=\"\" class=\"wp-image-5677 size-full\" srcset=\"https:\/\/saojosedoipiranga.com.br\/new\/wp-content\/uploads\/2023\/01\/pinterest-todocoleccion-1.jpg 550w, https:\/\/saojosedoipiranga.com.br\/new\/wp-content\/uploads\/2023\/01\/pinterest-todocoleccion-1-215x300.jpg 215w, https:\/\/saojosedoipiranga.com.br\/new\/wp-content\/uploads\/2023\/01\/pinterest-todocoleccion-1-500x698.jpg 500w\" sizes=\"(max-width: 550px) 100vw, 550px\" \/><\/figure><div class=\"wp-block-media-text__content\">\n<p class=\"has-medium-font-size\">Epifania \u00e9 a revela\u00e7\u00e3o da ternura e do amor de Deus que deseja salvar a todos. Contudo, ele s\u00f3 ser\u00e1 salva\u00e7\u00e3o se a comunidade se colocar em sintonia com a salva\u00e7\u00e3o que \u00e9 oferecida a todos.<\/p>\n<\/div><\/div>\n\n\n\n<p>Deus na sua bondade alimenta nossos sonhos de paz e oferece sinais. Os sinais de Deus n\u00e3o s\u00e3o os mesmos: os magos tiveram a estrela; Herodes teve a palavra dos magos; os judeus tiveram a escritura. Deus continua falando de muitas maneiras. O importante \u00e9 p\u00f4r-se em atitude de busca.<\/p>\n\n\n\n<p>Os magos do Evangelho representam os povos que caminham ao encontro da Paz, que \u00e9 o pr\u00f3prio Deus. Ele vem at\u00e9 n\u00f3s em Jesus. N\u00f3s temos de nos colocar no caminho da procura. Essa procura n\u00e3o \u00e9 f\u00e1cil. H\u00e1 momentos em que n\u00e3o vemos mais a \u201cestrela\u201d, n\u00e3o vemos os sinais de Deus e ficamos perdidos.<\/p>\n\n\n\n<p>Jesus aparece como resposta \u00e0s expectativas do povo de Israel e de todos os povos. Os magos s\u00e3o os verdadeiros fi\u00e9is que adoram o Filho de Deus e antecipam a comunidade eclesial. Do nascimento de Jesus, segue o nascimento da Igreja, destinada a ser \u201cuma multid\u00e3o imensa, que ningu\u00e9m podia contar, gente de todas as na\u00e7\u00f5es, tribos, povos e l\u00ednguas\u201d (Ap 7,9).<\/p>\n\n\n\n<p>A Epifania retoma o Natal de Jesus celebrando a sua humanidade manifestada a todos os povos. Traz consigo a m\u00edstica de que a salva\u00e7\u00e3o destina-se a todos: \u201cLevanta-te e brilha, Jerusal\u00e9m, olha o horizonte e v\u00ea. Sobre todas as na\u00e7\u00f5es brilha a gl\u00f3ria do Senhor\u201d (Is 60,1). Manifestemos neste dia o Redentor de todos os povos e fa\u00e7amos a festa de todas as na\u00e7\u00f5es.<\/p>\n\n\n\n<p><em>\u201cEpifania \u00e9 a festa da chegada da Paz para todos os habitantes da terra. \u00c9 a festa do encontro da paz com as culturas, religi\u00f5es e cren\u00e7as\u201d.<\/em><\/p>\n\n\n\n<p>Que este novo ano de 2023 seja de muita paz, alegrias, prosperidade e da b\u00ean\u00e7\u00e3os de Deus e o amor de Maria sobre todos n\u00f3s!<\/p>\n\n\n\n<p class=\"has-text-align-right\"><em>Por Marcos Mendes<\/em><\/p>\n\n\n\n<p class=\"has-text-align-right\" style=\"font-size:14px\">Catequista, membro da equipe de liturgia<br>e coordenador dos Ac\u00f3litos e Coroinhas da Par\u00f3quia S\u00e3o Jos\u00e9.<\/p>\n\n    <div class=\"xs_social_share_widget xs_share_url after_content \t\tmain_content  wslu-style-1 wslu-share-box-shaped wslu-fill-colored wslu-none wslu-share-horizontal wslu-theme-font-no wslu-main_content\">\n\n\t\t\n        <ul>\n\t\t\t        <\/ul>\n    <\/div> \n","protected":false},"excerpt":{"rendered":"<p>Manifesta\u00e7\u00e3o do amor de Deus no mundo Queridos irm\u00e3os e irm\u00e3s, no pr\u00f3ximo domingo 08\/01\/23 celebraremos a Festa da Epifania do Senhor. Vivemos ainda no clima do Natal. A alegria&hellip; <br \/> <a class=\"read-more\" href=\"https:\/\/saojosedoipiranga.com.br\/new\/2023\/01\/05\/epifania\/\">Leia mais<\/a><\/p>\n","protected":false},"author":3,"featured_media":5675,"comment_status":"closed","ping_status":"closed","sticky":false,"template":"","format":"standard","meta":{"_vp_format_video_url":"","_vp_image_focal_point":[],"footnotes":""},"categories":[3,9,10],"tags":[106,591,592,586,593],"class_list":["post-5673","post","type-post","status-publish","format-standard","has-post-thumbnail","hentry","category-blog","category-formacao","category-noticias","tag-deus","tag-epifania","tag-manifestacao-de-cristo","tag-natal","tag-simbolos-natalinos"],"_links":{"self":[{"href":"https:\/\/saojosedoipiranga.com.br\/new\/wp-json\/wp\/v2\/posts\/5673","targetHints":{"allow":["GET"]}}],"collection":[{"href":"https:\/\/saojosedoipiranga.com.br\/new\/wp-json\/wp\/v2\/posts"}],"about":[{"href":"https:\/\/saojosedoipiranga.com.br\/new\/wp-json\/wp\/v2\/types\/post"}],"author":[{"embeddable":true,"href":"https:\/\/saojosedoipiranga.com.br\/new\/wp-json\/wp\/v2\/users\/3"}],"replies":[{"embeddable":true,"href":"https:\/\/saojosedoipiranga.com.br\/new\/wp-json\/wp\/v2\/comments?post=5673"}],"version-history":[{"count":3,"href":"https:\/\/saojosedoipiranga.com.br\/new\/wp-json\/wp\/v2\/posts\/5673\/revisions"}],"predecessor-version":[{"id":5688,"href":"https:\/\/saojosedoipiranga.com.br\/new\/wp-json\/wp\/v2\/posts\/5673\/revisions\/5688"}],"wp:featuredmedia":[{"embeddable":true,"href":"https:\/\/saojosedoipiranga.com.br\/new\/wp-json\/wp\/v2\/media\/5675"}],"wp:attachment":[{"href":"https:\/\/saojosedoipiranga.com.br\/new\/wp-json\/wp\/v2\/media?parent=5673"}],"wp:term":[{"taxonomy":"category","embeddable":true,"href":"https:\/\/saojosedoipiranga.com.br\/new\/wp-json\/wp\/v2\/categories?post=5673"},{"taxonomy":"post_tag","embeddable":true,"href":"https:\/\/saojosedoipiranga.com.br\/new\/wp-json\/wp\/v2\/tags?post=5673"}],"curies":[{"name":"wp","href":"https:\/\/api.w.org\/{rel}","templated":true}]}}