{"id":5643,"date":"2022-12-23T16:28:00","date_gmt":"2022-12-23T19:28:00","guid":{"rendered":"https:\/\/saojosedoipiranga.com.br\/new\/?p=5643"},"modified":"2022-12-23T08:31:31","modified_gmt":"2022-12-23T11:31:31","slug":"misterio-do-natal","status":"publish","type":"post","link":"https:\/\/saojosedoipiranga.com.br\/new\/2022\/12\/23\/misterio-do-natal\/","title":{"rendered":"Mist\u00e9rio do Natal"},"content":{"rendered":"\n<p>Se me perguntarem se prefiro viajar para a praia ou para o interior em um s\u00edtio, logicamente vou preferir o s\u00edtio. Ficar a noite contemplando o c\u00e9u estrelado, \u00e9 realmente encantador. S\u00e3o milh\u00f5es de estrelas e astros. Quem ser\u00e1 capaz de conta-los? Fico tamb\u00e9m imaginando a imensid\u00e3o desse espa\u00e7o. At\u00e9 onde vai? Se \u00e9 que em algum lugar termina&#8230; As dist\u00e2ncias nem podem ser mais contadas em quil\u00f4metros, mas em anos-luz. A prop\u00f3sito, o que seria mesmo um ano-luz?&nbsp; \u00c9 a dist\u00e2ncia que um raio de luz percorre durante um ano numa velocidade de 300.000 km por segundo. E temos estrelas a 100.000 anos-luz de dist\u00e2ncia daqui, e at\u00e9 mesmo muit\u00edssimo mais! Gal\u00e1xias a milh\u00f5es de anos-luz. Dizer que esse universo \u00e9 imenso, \u00e9 muito pouco!<\/p>\n\n\n\n<p>E o nosso planeta Terra nesse contexto? Proporcionalmente falando, n\u00e3o passa de um min\u00fasculo gr\u00e3ozinho de p\u00f3, menor ainda. E sobre ele caminham esses \u201cmicro-organismos\u201d chamados seres humanos, que somos n\u00f3s.<\/p>\n\n\n\n<p>De repente, descobrindo-me t\u00e3o pequeno no meio dessa imensid\u00e3o c\u00f3smica, lembro-me do Natal e levo quase que um susto. Mas no embalo deste susto, tamb\u00e9m mergulho numa contempla\u00e7\u00e3o que me faz c\u00f3cegas na alma. Lembro-me que o Verbo eterno, criador de tudo isso, se faz pequenino, muito pequenino, micro pequenino, sobre esse nosso ch\u00e3o t\u00e3o pequeno. Aqui, por obra do Esp\u00edrito Santo, torna-se um embri\u00e3ozinho humano no seio da Virgem Maria. Depois, ap\u00f3s longos meses de carinhosa gesta\u00e7\u00e3o, a crian\u00e7a vem \u00e0 luz, fr\u00e1gil como toda crian\u00e7a, dependente dos cuidados da m\u00e3e.&nbsp; Ali\u00e1s, n\u00e3o teve nem mesmo um lugar para nascer. Foi nascer num est\u00e1bulo, deitado sobre as palhas de uma manjedoura, entre o boi e um burrinho. Ei-lo: o Verbo criador deste universo infinito, feito m\u00ednimo do m\u00ednimo, micro pequenino sobre este min\u00fasculo planeta terra. \u00c9 muita humildade n\u00e3o acham? \u00c9 AMOR demais por n\u00f3s que, em nosso orgulho, nos rebelamos contra Ele.<\/p>\n\n\n\n<p>O verbo eterno de Deus criador, subsistindo na condi\u00e7\u00e3o de Deus, se abaixa \u00e0 condi\u00e7\u00e3o de um simples ser humano feito servo de todos e, desta maneira, vem nos resgatar a cidadania divina que hav\u00edamos perdido. O Verbo eterno se faz nosso irm\u00e3o e, desta maneira podemos agora sentir Deus como nosso parente mais pr\u00f3ximo, ou seja, nosso Pai.<\/p>\n\n\n\n<p>Consequentemente, na qualidade de filhos e filhas de Deus, sent\u00edmo-nos tamb\u00e9m parentes, os mais pr\u00f3ximos, uns dos outros, irm\u00e3os e irm\u00e3s, irmanando-nos todos na busca da paz. E ent\u00e3o cantamos: \u201c<em>Gl\u00f3ria a Deus nas alturas e paz na terra aos homens por ele amados\u201d <\/em>(Lc 2,14).<\/p>\n\n\n\n<p>Por isso, a igreja na voz do sacerdote que preside a celebra\u00e7\u00e3o lit\u00fargica da Festa de Natal, reza com alegria e confian\u00e7a: \u201c\u00d3 Deus, que admiravelmente criastes o ser humano e mais admiravelmente restabelecestes a sua dignidade, dai-nos participar da divindade do vosso Filho, que se dignou assumir nossa humanidade&#8230; (Ora\u00e7\u00e3o do dia de Natal). E n\u00f3s, radiantes de alegria e entusiasmo respondemos: \u201cAm\u00e9m\u201d.<\/p>\n\n\n\n<p>Depois, na Liturgia Eucar\u00edstica do mesmo dia, diante de Deus, nosso Pai, a Igreja tamb\u00e9m proclama: Por ele (Cristo), realiza-se hoje o maravilhoso encontro que nos d\u00e1 vida nova em plenitude. No momento em que vosso Filho assume nossa fraqueza, a natureza humana recebe uma incompar\u00e1vel dignidade: ao tornar-se ele um de n\u00f3s, nos tornamos eternos (Pref\u00e1cio do Natal do Senhor III).<\/p>\n\n\n\n<p>Enfim, depois de participarmos neste dia da entrega maior de Jesus pela nossa salva\u00e7\u00e3o, isto \u00e9, depois de participarmos do seu mist\u00e9rio pascal na divina eucaristia, depois que recebemos o seu corpo entregue e o seu sangue derramado, sob as esp\u00e9cies do p\u00e3o e do vinho, ent\u00e3o a Igreja faz esta bel\u00edssima ora\u00e7\u00e3o: \u201c\u00d3 Deus de miseric\u00f3rdia, que o Salvador do mundo hoje nascido, como nos fez nascer para a vida eterna, nos conceda tamb\u00e9m sua imortalidade. Por Cristo, Nosso Senhor\u201d. E todos n\u00f3s, novamente com a mesma alegria, entusiasmo e confian\u00e7a renovada respondemos. \u201cAm\u00e9m\u201d. (Ora\u00e7\u00e3o ap\u00f3s comunh\u00e3o).<\/p>\n\n\n\n<p>Desejo a todos um Santo e Feliz Natal!<\/p>\n\n\n\n<p class=\"has-text-align-right\"><em>Por Marcos Mendes<\/em><\/p>\n\n\n\n<p class=\"has-text-align-right\" style=\"font-size:14px\">Catequista, membro da equipe de liturgia<br>da Par\u00f3quia S\u00e3o Jos\u00e9, coordenador dos Ac\u00f3litos e Coroinhas.<\/p>\n\n    <div class=\"xs_social_share_widget xs_share_url after_content \t\tmain_content  wslu-style-1 wslu-share-box-shaped wslu-fill-colored wslu-none wslu-share-horizontal wslu-theme-font-no wslu-main_content\">\n\n\t\t\n        <ul>\n\t\t\t        <\/ul>\n    <\/div> \n","protected":false},"excerpt":{"rendered":"<p>Se me perguntarem se prefiro viajar para a praia ou para o interior em um s\u00edtio, logicamente vou preferir o s\u00edtio. Ficar a noite contemplando o c\u00e9u estrelado, \u00e9 realmente&hellip; <br \/> <a class=\"read-more\" href=\"https:\/\/saojosedoipiranga.com.br\/new\/2022\/12\/23\/misterio-do-natal\/\">Leia mais<\/a><\/p>\n","protected":false},"author":3,"featured_media":5644,"comment_status":"closed","ping_status":"closed","sticky":false,"template":"","format":"standard","meta":{"_vp_format_video_url":"","_vp_image_focal_point":[],"footnotes":""},"categories":[3,9],"tags":[587,586,585],"class_list":["post-5643","post","type-post","status-publish","format-standard","has-post-thumbnail","hentry","category-blog","category-formacao","tag-nascimento-de-jesus","tag-natal","tag-presepio"],"_links":{"self":[{"href":"https:\/\/saojosedoipiranga.com.br\/new\/wp-json\/wp\/v2\/posts\/5643","targetHints":{"allow":["GET"]}}],"collection":[{"href":"https:\/\/saojosedoipiranga.com.br\/new\/wp-json\/wp\/v2\/posts"}],"about":[{"href":"https:\/\/saojosedoipiranga.com.br\/new\/wp-json\/wp\/v2\/types\/post"}],"author":[{"embeddable":true,"href":"https:\/\/saojosedoipiranga.com.br\/new\/wp-json\/wp\/v2\/users\/3"}],"replies":[{"embeddable":true,"href":"https:\/\/saojosedoipiranga.com.br\/new\/wp-json\/wp\/v2\/comments?post=5643"}],"version-history":[{"count":2,"href":"https:\/\/saojosedoipiranga.com.br\/new\/wp-json\/wp\/v2\/posts\/5643\/revisions"}],"predecessor-version":[{"id":5657,"href":"https:\/\/saojosedoipiranga.com.br\/new\/wp-json\/wp\/v2\/posts\/5643\/revisions\/5657"}],"wp:featuredmedia":[{"embeddable":true,"href":"https:\/\/saojosedoipiranga.com.br\/new\/wp-json\/wp\/v2\/media\/5644"}],"wp:attachment":[{"href":"https:\/\/saojosedoipiranga.com.br\/new\/wp-json\/wp\/v2\/media?parent=5643"}],"wp:term":[{"taxonomy":"category","embeddable":true,"href":"https:\/\/saojosedoipiranga.com.br\/new\/wp-json\/wp\/v2\/categories?post=5643"},{"taxonomy":"post_tag","embeddable":true,"href":"https:\/\/saojosedoipiranga.com.br\/new\/wp-json\/wp\/v2\/tags?post=5643"}],"curies":[{"name":"wp","href":"https:\/\/api.w.org\/{rel}","templated":true}]}}