{"id":5583,"date":"2022-11-27T15:44:00","date_gmt":"2022-11-27T18:44:00","guid":{"rendered":"https:\/\/saojosedoipiranga.com.br\/new\/?p=5583"},"modified":"2022-11-25T15:46:54","modified_gmt":"2022-11-25T18:46:54","slug":"coroa-do-advento","status":"publish","type":"post","link":"https:\/\/saojosedoipiranga.com.br\/new\/2022\/11\/27\/coroa-do-advento\/","title":{"rendered":"Coroa do Advento"},"content":{"rendered":"\n<p><em>\u201cO povo que andava nas trevas viu uma grande luz\u201d (Is 9,1).<\/em><\/p>\n\n\n\n<p>Um dos s\u00edmbolos mais caracter\u00edsticos do Advento, tempo de alegre expectativa pela vinda do Senhor \u00e9 a&nbsp;<strong>coroa do Advento<\/strong>.<\/p>\n\n\n\n<p>O<em> <\/em><strong><u><em><em>Diret\u00f3rio sobre Piedade Popular<\/em><\/em><\/u>\u00a0<\/strong>assim sintetiza seu simbolismo: \u201cA coroa do Advento, com o progressivo acender das suas quatro luzes, domingo ap\u00f3s domingo, at\u00e9 \u00e0 solenidade do Natal, \u00e9 mem\u00f3ria das v\u00e1rias etapas da hist\u00f3ria da salva\u00e7\u00e3o antes de Cristo e s\u00edmbolo da luz prof\u00e9tica que ia iluminando a noite da expectativa, at\u00e9 o surgimento do Sol de justi\u00e7a\u201d (n. 98).<\/p>\n\n\n\n<p>Quando a coroa \u00e9 montada na igreja, vale lembrar que ela \u00e9 um elemento devocional, e n\u00e3o lit\u00fargico. N\u00e3o \u00e9, portanto, um elemento obrigat\u00f3rio, como s\u00e3o os elementos fundamentais do espa\u00e7o sagrado (altar, amb\u00e3o, cadeira presidencial&#8230;).<\/p>\n\n\n\n<figure class=\"wp-block-image size-large\"><img fetchpriority=\"high\" decoding=\"async\" width=\"1024\" height=\"442\" src=\"https:\/\/saojosedoipiranga.com.br\/new\/wp-content\/uploads\/2022\/11\/ramos-1024x442.jpg\" alt=\"\" class=\"wp-image-5600\" srcset=\"https:\/\/saojosedoipiranga.com.br\/new\/wp-content\/uploads\/2022\/11\/ramos-1024x442.jpg 1024w, https:\/\/saojosedoipiranga.com.br\/new\/wp-content\/uploads\/2022\/11\/ramos-300x130.jpg 300w, https:\/\/saojosedoipiranga.com.br\/new\/wp-content\/uploads\/2022\/11\/ramos-768x332.jpg 768w, https:\/\/saojosedoipiranga.com.br\/new\/wp-content\/uploads\/2022\/11\/ramos-1536x664.jpg 1536w, https:\/\/saojosedoipiranga.com.br\/new\/wp-content\/uploads\/2022\/11\/ramos-2048x885.jpg 2048w, https:\/\/saojosedoipiranga.com.br\/new\/wp-content\/uploads\/2022\/11\/ramos-500x216.jpg 500w, https:\/\/saojosedoipiranga.com.br\/new\/wp-content\/uploads\/2022\/11\/ramos-800x346.jpg 800w, https:\/\/saojosedoipiranga.com.br\/new\/wp-content\/uploads\/2022\/11\/ramos-1280x553.jpg 1280w, https:\/\/saojosedoipiranga.com.br\/new\/wp-content\/uploads\/2022\/11\/ramos-1920x829.jpg 1920w\" sizes=\"(max-width: 1024px) 100vw, 1024px\" \/><\/figure>\n\n\n\n<p>Os <em><strong><u><em>\u201cramos sempre verdes\u201d<\/em><\/u><\/strong>,<\/em> como indica o\u00a0<em>Diret\u00f3rio<\/em>, remetem ao inverno no hemisf\u00e9rio norte, onde a maioria das \u00e1rvores perdem suas folhas. Assim como para \u00e1rvore de Natal, portanto, para a coroa do Advento se recorre a \u00e1rvores perenes, isto \u00e9, que n\u00e3o perdem suas folhas no inverno, como o pinheiro, o abeto ou o cipreste, como s\u00edmbolos da esperan\u00e7a, da vida, da vit\u00f3ria de Cristo sobre a morte.<\/p>\n\n\n\n<p>A liturgia orienta evitar uma presen\u00e7a excessiva de flores, de modo a n\u00e3o antecipar a alegria pr\u00f3pria do Natal.<\/p>\n\n\n\n<div class=\"wp-block-media-text alignwide is-stacked-on-mobile\" style=\"grid-template-columns:23% auto\"><figure class=\"wp-block-media-text__media\"><img decoding=\"async\" width=\"932\" height=\"1024\" src=\"https:\/\/saojosedoipiranga.com.br\/new\/wp-content\/uploads\/2022\/11\/vela-1-932x1024.png\" alt=\"\" class=\"wp-image-5592 size-full\" srcset=\"https:\/\/saojosedoipiranga.com.br\/new\/wp-content\/uploads\/2022\/11\/vela-1-932x1024.png 932w, https:\/\/saojosedoipiranga.com.br\/new\/wp-content\/uploads\/2022\/11\/vela-1-273x300.png 273w, https:\/\/saojosedoipiranga.com.br\/new\/wp-content\/uploads\/2022\/11\/vela-1-768x844.png 768w, https:\/\/saojosedoipiranga.com.br\/new\/wp-content\/uploads\/2022\/11\/vela-1-1398x1536.png 1398w, https:\/\/saojosedoipiranga.com.br\/new\/wp-content\/uploads\/2022\/11\/vela-1-1864x2048.png 1864w, https:\/\/saojosedoipiranga.com.br\/new\/wp-content\/uploads\/2022\/11\/vela-1-500x549.png 500w, https:\/\/saojosedoipiranga.com.br\/new\/wp-content\/uploads\/2022\/11\/vela-1-800x879.png 800w, https:\/\/saojosedoipiranga.com.br\/new\/wp-content\/uploads\/2022\/11\/vela-1-1280x1406.png 1280w, https:\/\/saojosedoipiranga.com.br\/new\/wp-content\/uploads\/2022\/11\/vela-1-1920x2109.png 1920w, https:\/\/saojosedoipiranga.com.br\/new\/wp-content\/uploads\/2022\/11\/vela-1-1024x1125.png 1024w, https:\/\/saojosedoipiranga.com.br\/new\/wp-content\/uploads\/2022\/11\/vela-1-983x1080.png 983w\" sizes=\"(max-width: 932px) 100vw, 932px\" \/><\/figure><div class=\"wp-block-media-text__content\">\n<p style=\"font-size:18px\">As <em><u><strong>quatro velas<\/strong><\/u><\/em> s\u00e3o \u201cmem\u00f3ria das v\u00e1rias etapas da hist\u00f3ria da salva\u00e7\u00e3o antes de Cristo\u201d: a cria\u00e7\u00e3o, a alian\u00e7a de Deus com Abra\u00e3o, o \u00eaxodo, o reinado de Davi, a prega\u00e7\u00e3o dos profetas&#8230;<\/p>\n<\/div><\/div>\n\n\n\n<p>S\u00e3o geralmente dispostas em uma coroa de forma <em><u>circular<\/u><\/em>. O c\u00edrculo, na tradi\u00e7\u00e3o crist\u00e3, \u00e9 s\u00edmbolo da perfei\u00e7\u00e3o e da eternidade. Al\u00e9m disso, \u00e9 desde a Antiguidade um s\u00edmbolo de vit\u00f3ria, associada \u00e0 coroa (<em> 1Cor<\/em>\u00a09,24-25;\u00a0<em>2Tm<\/em>\u00a04,6-8).<\/p>\n\n\n\n<figure class=\"wp-block-image size-large\"><img decoding=\"async\" width=\"1024\" height=\"683\" src=\"https:\/\/saojosedoipiranga.com.br\/new\/wp-content\/uploads\/2022\/11\/kalisa-veer-7bLgIlTvnXQ-unsplash-1024x683.jpg\" alt=\"\" class=\"wp-image-5596\" srcset=\"https:\/\/saojosedoipiranga.com.br\/new\/wp-content\/uploads\/2022\/11\/kalisa-veer-7bLgIlTvnXQ-unsplash-1024x683.jpg 1024w, https:\/\/saojosedoipiranga.com.br\/new\/wp-content\/uploads\/2022\/11\/kalisa-veer-7bLgIlTvnXQ-unsplash-300x200.jpg 300w, https:\/\/saojosedoipiranga.com.br\/new\/wp-content\/uploads\/2022\/11\/kalisa-veer-7bLgIlTvnXQ-unsplash-768x512.jpg 768w, https:\/\/saojosedoipiranga.com.br\/new\/wp-content\/uploads\/2022\/11\/kalisa-veer-7bLgIlTvnXQ-unsplash-1536x1024.jpg 1536w, https:\/\/saojosedoipiranga.com.br\/new\/wp-content\/uploads\/2022\/11\/kalisa-veer-7bLgIlTvnXQ-unsplash-2048x1365.jpg 2048w, https:\/\/saojosedoipiranga.com.br\/new\/wp-content\/uploads\/2022\/11\/kalisa-veer-7bLgIlTvnXQ-unsplash-500x333.jpg 500w, https:\/\/saojosedoipiranga.com.br\/new\/wp-content\/uploads\/2022\/11\/kalisa-veer-7bLgIlTvnXQ-unsplash-800x533.jpg 800w, https:\/\/saojosedoipiranga.com.br\/new\/wp-content\/uploads\/2022\/11\/kalisa-veer-7bLgIlTvnXQ-unsplash-1280x853.jpg 1280w, https:\/\/saojosedoipiranga.com.br\/new\/wp-content\/uploads\/2022\/11\/kalisa-veer-7bLgIlTvnXQ-unsplash-1920x1280.jpg 1920w, https:\/\/saojosedoipiranga.com.br\/new\/wp-content\/uploads\/2022\/11\/kalisa-veer-7bLgIlTvnXQ-unsplash-1620x1080.jpg 1620w\" sizes=\"(max-width: 1024px) 100vw, 1024px\" \/><\/figure>\n\n\n\n<p>A luz, com efeito, \u00e9 quase como um \u201crefr\u00e3o\u201d do Tempo do Natal (<em>cJo<\/em>&nbsp;1,1-14; 8,12), desde a Missa da Noite (<em>Is<\/em>&nbsp;9,1;&nbsp;<em>Lc<\/em>&nbsp;2,9) at\u00e9 a Epifania (<em>Is<\/em>&nbsp;60,1-3), ecoando inclusive na Festa da Apresenta\u00e7\u00e3o do Senhor, 40 dias ap\u00f3s o Natal (<em>Lc<\/em>&nbsp;2,32).<\/p>\n\n\n\n<p>As velas que lentamente se consomem podem remeter-nos \u00e0 conclus\u00e3o da primeira alian\u00e7a, levada \u00e0 plenitude por Cristo, o \u201cSol nascente que nos veio visitar\u201d (Lc 1,78-79;&nbsp;<em>Ap<\/em>&nbsp;21,23).<\/p>\n\n\n\n<p>Como vimos, as quatro velas est\u00e3o associadas aos quatro domingos do Advento. Assim, a cor das velas pode ser, nesse caso, a mesma dos domingos: quatro velas roxas ou ent\u00e3o tr\u00eas velas roxas e uma rosa (em alus\u00e3o ao 3\u00ba Domingo, conhecido como \u201c<em>Gaudete<\/em>\u201d, \u201cDomingo da Alegria\u201d).<\/p>\n\n\n\n<p>Por\u00e9m, \u00e0s vezes encontramos coroas do Advento com velas em quatro cores distintas. Em alguns lugares, por fim, h\u00e1 o costume de inserir no centro da coroa uma quinta vela, sempre de cor branca, que se acenderia no in\u00edcio da Missa da Noite do Natal do Senhor, ao fim da proclama\u00e7\u00e3o do Natal ou&nbsp;<em><u>Kalenda<\/u><\/em>, antes da celebra\u00e7\u00e3o.<\/p>\n\n\n\n<p>Existem diferentes tradi\u00e7\u00f5es sobre os significados das velas. Uma bastante difundida:<\/p>\n\n\n\n<ul class=\"wp-block-list\"><li>a primeira vela \u00e9 do&nbsp;<strong>profeta<\/strong>;<\/li><li>a segunda vela \u00e9 de&nbsp;<strong>Bel\u00e9m<\/strong>;<\/li><li>a terceira vela \u00e9 dos&nbsp;<strong>pastores<\/strong>;<\/li><li>a quarta vela \u00e9 dos&nbsp;<strong>anjos<\/strong>.<\/li><\/ul>\n\n\n\n<p>Outra tradi\u00e7\u00e3o v\u00ea nas quatro velas as grandes fases da Hist\u00f3ria da Salva\u00e7\u00e3o at\u00e9 a chegada de Cristo. Assim:<\/p>\n\n\n\n<ul class=\"wp-block-list\"><li>a primeira \u00e9 a&nbsp;<strong>vela do perd\u00e3o<\/strong>&nbsp;concedido a Ad\u00e3o e Eva, que de mortais se tornar\u00e3o seres viventes em Deus;<\/li><li>a segunda \u00e9 a&nbsp;<strong>vela da f\u00e9<\/strong>&nbsp;dos patriarcas que creem na promessa da Terra Prometida;<\/li><li>a terceira \u00e9 a&nbsp;<strong>vela da alegria<\/strong>&nbsp;de Davi pela sua descend\u00eancia;<\/li><li>a quarta \u00e9 a&nbsp;<strong>vela do ensinamento<\/strong>&nbsp;dos profetas que anunciam a justi\u00e7a e a paz.<\/li><\/ul>\n\n\n\n<p>Nesta perspectiva podemos ver nas quatro velas as vindas ou visitas de Deus na hist\u00f3ria, preparando sua visita ou vinda definitiva no seu Filho Encarnado, nosso Senhor e Salvador Jesus Cristo:<\/p>\n\n\n\n<ul class=\"wp-block-list\"><li>o tempo da cria\u00e7\u00e3o: de Ad\u00e3o e Eva at\u00e9 No\u00e9;<\/li><li>o tempo dos patriarcas;<\/li><li>o tempo dos reis;<\/li><li>o tempo dos profetas.<\/li><\/ul>\n\n\n\n<figure class=\"wp-block-image size-large\"><img loading=\"lazy\" decoding=\"async\" width=\"1024\" height=\"90\" src=\"https:\/\/saojosedoipiranga.com.br\/new\/wp-content\/uploads\/2022\/11\/voce-sabia-hzt-1-1024x90.jpg\" alt=\"\" class=\"wp-image-5587\" srcset=\"https:\/\/saojosedoipiranga.com.br\/new\/wp-content\/uploads\/2022\/11\/voce-sabia-hzt-1-1024x90.jpg 1024w, https:\/\/saojosedoipiranga.com.br\/new\/wp-content\/uploads\/2022\/11\/voce-sabia-hzt-1-300x26.jpg 300w, https:\/\/saojosedoipiranga.com.br\/new\/wp-content\/uploads\/2022\/11\/voce-sabia-hzt-1-768x68.jpg 768w, https:\/\/saojosedoipiranga.com.br\/new\/wp-content\/uploads\/2022\/11\/voce-sabia-hzt-1-1536x135.jpg 1536w, https:\/\/saojosedoipiranga.com.br\/new\/wp-content\/uploads\/2022\/11\/voce-sabia-hzt-1-2048x180.jpg 2048w, https:\/\/saojosedoipiranga.com.br\/new\/wp-content\/uploads\/2022\/11\/voce-sabia-hzt-1-500x44.jpg 500w, https:\/\/saojosedoipiranga.com.br\/new\/wp-content\/uploads\/2022\/11\/voce-sabia-hzt-1-800x70.jpg 800w, https:\/\/saojosedoipiranga.com.br\/new\/wp-content\/uploads\/2022\/11\/voce-sabia-hzt-1-1280x113.jpg 1280w, https:\/\/saojosedoipiranga.com.br\/new\/wp-content\/uploads\/2022\/11\/voce-sabia-hzt-1-1920x169.jpg 1920w\" sizes=\"(max-width: 1024px) 100vw, 1024px\" \/><\/figure>\n\n\n\n<p>A origem exata da coroa do Advento n\u00e3o \u00e9 precisa. Alguns estudiosos sugerem que surgiu no leste da Alemanha durante o s\u00e9culo XVI, sobretudo entre os luteranos. Essa tradi\u00e7\u00e3o, por\u00e9m, s\u00f3 se popularizou no s\u00e9culo XIX.<\/p>\n\n\n\n<p>Atribui-se ao te\u00f3logo protestante\u00a0Johann Hinrich Wichern, ent\u00e3o respons\u00e1vel por um lar para \u00f3rf\u00e3os em Hamburgo (Alemanha), a elabora\u00e7\u00e3o da coroa do Advento como a conhecemos. Em\u00a01839,\u00a0Wichern teria disposto quatro velas grandes e vinte velas pequenas sobre uma roda de carro\u00e7a, que as crian\u00e7as do orfanato iam acendendo uma a cada dia, as velas pequenas nos dias de semana e as velas grandes nos domingos, desde o in\u00edcio do m\u00eas de dezembro at\u00e9 a noite de Natal.<\/p>\n\n\n\n<p>Devido ao alto custo das velas na \u00e9poca, a coroa do Advento resumiu-se a 04 velas<\/p>\n\n    <div class=\"xs_social_share_widget xs_share_url after_content \t\tmain_content  wslu-style-1 wslu-share-box-shaped wslu-fill-colored wslu-none wslu-share-horizontal wslu-theme-font-no wslu-main_content\">\n\n\t\t\n        <ul>\n\t\t\t        <\/ul>\n    <\/div> \n","protected":false},"excerpt":{"rendered":"<p>\u201cO povo que andava nas trevas viu uma grande luz\u201d (Is 9,1). Um dos s\u00edmbolos mais caracter\u00edsticos do Advento, tempo de alegre expectativa pela vinda do Senhor \u00e9 a&nbsp;coroa do&hellip; <br \/> <a class=\"read-more\" href=\"https:\/\/saojosedoipiranga.com.br\/new\/2022\/11\/27\/coroa-do-advento\/\">Leia mais<\/a><\/p>\n","protected":false},"author":3,"featured_media":5602,"comment_status":"closed","ping_status":"closed","sticky":false,"template":"","format":"standard","meta":{"_vp_format_video_url":"","_vp_image_focal_point":[],"footnotes":""},"categories":[3,5,9,10],"tags":[579,582,580,581,583,584],"class_list":["post-5583","post","type-post","status-publish","format-standard","has-post-thumbnail","hentry","category-blog","category-diversos","category-formacao","category-noticias","tag-advento","tag-catecismo-da-igreja-catolica","tag-coroa-do-advento","tag-diretorio-sobre-piedade-popular","tag-tempo-do-advento","tag-velas-do-advento"],"_links":{"self":[{"href":"https:\/\/saojosedoipiranga.com.br\/new\/wp-json\/wp\/v2\/posts\/5583","targetHints":{"allow":["GET"]}}],"collection":[{"href":"https:\/\/saojosedoipiranga.com.br\/new\/wp-json\/wp\/v2\/posts"}],"about":[{"href":"https:\/\/saojosedoipiranga.com.br\/new\/wp-json\/wp\/v2\/types\/post"}],"author":[{"embeddable":true,"href":"https:\/\/saojosedoipiranga.com.br\/new\/wp-json\/wp\/v2\/users\/3"}],"replies":[{"embeddable":true,"href":"https:\/\/saojosedoipiranga.com.br\/new\/wp-json\/wp\/v2\/comments?post=5583"}],"version-history":[{"count":4,"href":"https:\/\/saojosedoipiranga.com.br\/new\/wp-json\/wp\/v2\/posts\/5583\/revisions"}],"predecessor-version":[{"id":5601,"href":"https:\/\/saojosedoipiranga.com.br\/new\/wp-json\/wp\/v2\/posts\/5583\/revisions\/5601"}],"wp:featuredmedia":[{"embeddable":true,"href":"https:\/\/saojosedoipiranga.com.br\/new\/wp-json\/wp\/v2\/media\/5602"}],"wp:attachment":[{"href":"https:\/\/saojosedoipiranga.com.br\/new\/wp-json\/wp\/v2\/media?parent=5583"}],"wp:term":[{"taxonomy":"category","embeddable":true,"href":"https:\/\/saojosedoipiranga.com.br\/new\/wp-json\/wp\/v2\/categories?post=5583"},{"taxonomy":"post_tag","embeddable":true,"href":"https:\/\/saojosedoipiranga.com.br\/new\/wp-json\/wp\/v2\/tags?post=5583"}],"curies":[{"name":"wp","href":"https:\/\/api.w.org\/{rel}","templated":true}]}}