{"id":5572,"date":"2022-11-27T09:41:00","date_gmt":"2022-11-27T12:41:00","guid":{"rendered":"https:\/\/saojosedoipiranga.com.br\/new\/?p=5572"},"modified":"2022-11-25T11:42:58","modified_gmt":"2022-11-25T14:42:58","slug":"advento","status":"publish","type":"post","link":"https:\/\/saojosedoipiranga.com.br\/new\/2022\/11\/27\/advento\/","title":{"rendered":"Advento"},"content":{"rendered":"\n<p>Queridos irm\u00e3os e irm\u00e3s em Cristo Jesus.<\/p>\n\n\n\n<p>Com a Solenidade de Nosso Senhor Jesus Cristo Rei do Universo, celebrada no \u00faltimo domingo dia 20\/11\/22, a igreja encerra mais um Ano Lit\u00fargico.<\/p>\n\n\n\n<p>A partir do pr\u00f3ximo domingo dia 27\/11\/22 iniciamos um novo ciclo, um novo ano dentro da Igreja, o Tempo do Advento s\u00e3o os 04 domingos que antecedem o Natal e nos remete \u00e0 reflex\u00e3o de tudo o que fizemos durante este ano e nos convida a nos preparar para uma nova caminhada ao lado do nosso salvador, Jesus Cristo.<\/p>\n\n\n\n<p style=\"font-size:22px\"><strong>A palavra \u201cAdvento\u201d tem sua origem do latim que quer dizer: vinda, chegada.<\/strong><\/p>\n\n\n\n<p>A cor lit\u00fargica desse per\u00edodo do Advento \u00e9 o roxo,&nbsp;que n\u00e3o \u00e9 para tristeza, mas nos chama \u00e0 interioriza\u00e7\u00e3o, reflex\u00e3o e ora\u00e7\u00e3o. Usa-se tamb\u00e9m no terceiro domingo do Advento a cor rosa, chamado domingo da alegria ou o Domingo Gaudette, onde nosso cora\u00e7\u00e3o j\u00e1 est\u00e1 radiante de alegria pela proximidade da chegada do Senhor.<\/p>\n\n\n\n<p>N\u00f3s, crist\u00e3os, consideramos a vida e a hist\u00f3ria como uma grande caminhada, que s\u00f3 terminar\u00e1 quando nos encontramos todos na casa do Pai, na Cidade de Deus, na \u201cnova Jerusal\u00e9m\u201d, no Reino definitivo, como Deus prometeu. Por isso, n\u00e3o \u00e9 conveniente representar o Ano Lit\u00fargico dentro de um c\u00edrculo fechado. Isso poderia dar impress\u00e3o de que estamos presos no tempo: todo ano, tudo come\u00e7aria de novo da estaca zero e jamais poder\u00edamos esperar grandes mudan\u00e7as. Muita gente refor\u00e7a esse pensamento dizendo: \u201cSempre foi assim! Sempre ser\u00e1 assim! \u201d<\/p>\n\n\n\n<p>Mas, tanto a ressurrei\u00e7\u00e3o de Jesus como o seu nascimento nos ensinam exatamente o contr\u00e1rio: a for\u00e7a e a presen\u00e7a de Deus no meio de n\u00f3s, nos d\u00e3o possibilidade de mudar a hist\u00f3ria, de lutar para melhorar a situa\u00e7\u00e3o, para transform\u00e1-la em hist\u00f3ria de salva\u00e7\u00e3o, de vida para todos. Nenhum poder deste mundo, nenhum governo, nenhum grupo poderoso \u00e9 eterno, por mais que se apresente assim: todos poder\u00e3o ser desbancados pelo poder do Reino de Deus que est\u00e1 crescendo no meio de n\u00f3s.<\/p>\n\n\n\n<p>O advento do Reino de Deus traz em si uma proposta radicalmente nova de relacionamento entre as pessoas, traz em si uma cr\u00edtica a muitos projetos e maneiras de se organizar a sociedade e a vida individual de cada um. Vivemos numa sociedade que s\u00f3 visa lucro, o poder, a domina\u00e7\u00e3o de alguns poucos sobre todos os outros. A pessoa humana \u00e9 reduzida a mercadoria. A injusti\u00e7a se petrificou nas estruturas socioecon\u00f4micas que a cada dia matam milhares de pessoas. Uns t\u00eam tudo, outros n\u00e3o t\u00eam nem terra, nem trabalho, nem sal\u00e1rio digno, nem casa, nem comida. Viver o Advento significa, portanto, rever os nossos projetos, avali\u00e1-los \u00e0 luz da mensagem do Advento do Senhor, rever o rumo que estamos tomando em nossa vida individual, social e comunit\u00e1ria.<\/p>\n\n\n\n<p>O Senhor vem para assumir a dire\u00e7\u00e3o do mundo e de nossas vidas. Jesus, vem realizando a salva\u00e7\u00e3o, a cada dia, a cada momento da hist\u00f3ria, at\u00e9 que um dia o Reino esteja plenamente estabelecido. O senhor vem: cada celebra\u00e7\u00e3o lit\u00fargica \u00e9 uma <em><u>visita<\/u><\/em> do Senhor, dia de sua vinda, principalmente quando celebramos a Eucaristia, a ceia do Senhor, proclamando sua vit\u00f3ria sobre todas as mortes, <em><u>at\u00e9 que Ele venha.<\/u><\/em><em><u><\/u><\/em><\/p>\n\n\n\n<p>O tempo lit\u00fargico do Advento faz-nos viver profundamente este aspecto da presen\u00e7a\/aus\u00eancia do Reino. Reaviva em n\u00f3s a esperan\u00e7a de um futuro melhor dentro de um mundo que parece estar se suicidando. Reanima a nossa coragem: os nossos esfor\u00e7os por uma vida digna, por uma sociedade fraterna, n\u00e3o ser\u00e3o em v\u00e3o. Reaviva nosso amor. Algu\u00e9m espera por n\u00f3s no ponto de chegada e j\u00e1 se faz presente como companheiro de caminhada: o Senhor Jesus.<\/p>\n\n\n\n<p>\u00c9 por isso que a prece mais caracter\u00edstica do tempo do Advento \u00e9: <strong><em>\u201cVem, Senhor Jesus!\u201d<\/em><\/strong><\/p>\n\n\n\n<p>Somente por meio de Jesus \u00e9 que temos acesso ao Pai.<\/p>\n\n\n\n<p>Que cada um de n\u00f3s possa viver fielmente e intensamente esse tempo do Advento.<\/p>\n\n    <div class=\"xs_social_share_widget xs_share_url after_content \t\tmain_content  wslu-style-1 wslu-share-box-shaped wslu-fill-colored wslu-none wslu-share-horizontal wslu-theme-font-no wslu-main_content\">\n\n\t\t\n        <ul>\n\t\t\t        <\/ul>\n    <\/div> \n","protected":false},"excerpt":{"rendered":"<p>Queridos irm\u00e3os e irm\u00e3s em Cristo Jesus. Com a Solenidade de Nosso Senhor Jesus Cristo Rei do Universo, celebrada no \u00faltimo domingo dia 20\/11\/22, a igreja encerra mais um Ano&hellip; <br \/> <a class=\"read-more\" href=\"https:\/\/saojosedoipiranga.com.br\/new\/2022\/11\/27\/advento\/\">Leia mais<\/a><\/p>\n","protected":false},"author":3,"featured_media":5573,"comment_status":"closed","ping_status":"closed","sticky":false,"template":"","format":"standard","meta":{"_vp_format_video_url":"","_vp_image_focal_point":[],"footnotes":""},"categories":[3,9,10],"tags":[],"class_list":["post-5572","post","type-post","status-publish","format-standard","has-post-thumbnail","hentry","category-blog","category-formacao","category-noticias"],"_links":{"self":[{"href":"https:\/\/saojosedoipiranga.com.br\/new\/wp-json\/wp\/v2\/posts\/5572","targetHints":{"allow":["GET"]}}],"collection":[{"href":"https:\/\/saojosedoipiranga.com.br\/new\/wp-json\/wp\/v2\/posts"}],"about":[{"href":"https:\/\/saojosedoipiranga.com.br\/new\/wp-json\/wp\/v2\/types\/post"}],"author":[{"embeddable":true,"href":"https:\/\/saojosedoipiranga.com.br\/new\/wp-json\/wp\/v2\/users\/3"}],"replies":[{"embeddable":true,"href":"https:\/\/saojosedoipiranga.com.br\/new\/wp-json\/wp\/v2\/comments?post=5572"}],"version-history":[{"count":2,"href":"https:\/\/saojosedoipiranga.com.br\/new\/wp-json\/wp\/v2\/posts\/5572\/revisions"}],"predecessor-version":[{"id":5575,"href":"https:\/\/saojosedoipiranga.com.br\/new\/wp-json\/wp\/v2\/posts\/5572\/revisions\/5575"}],"wp:featuredmedia":[{"embeddable":true,"href":"https:\/\/saojosedoipiranga.com.br\/new\/wp-json\/wp\/v2\/media\/5573"}],"wp:attachment":[{"href":"https:\/\/saojosedoipiranga.com.br\/new\/wp-json\/wp\/v2\/media?parent=5572"}],"wp:term":[{"taxonomy":"category","embeddable":true,"href":"https:\/\/saojosedoipiranga.com.br\/new\/wp-json\/wp\/v2\/categories?post=5572"},{"taxonomy":"post_tag","embeddable":true,"href":"https:\/\/saojosedoipiranga.com.br\/new\/wp-json\/wp\/v2\/tags?post=5572"}],"curies":[{"name":"wp","href":"https:\/\/api.w.org\/{rel}","templated":true}]}}