{"id":5549,"date":"2022-11-18T16:02:00","date_gmt":"2022-11-18T19:02:00","guid":{"rendered":"https:\/\/saojosedoipiranga.com.br\/new\/?p=5549"},"modified":"2022-11-18T10:49:16","modified_gmt":"2022-11-18T13:49:16","slug":"solenidade-de-nosso-senhor-jesus-cristo","status":"publish","type":"post","link":"https:\/\/saojosedoipiranga.com.br\/new\/2022\/11\/18\/solenidade-de-nosso-senhor-jesus-cristo\/","title":{"rendered":"Solenidade de Nosso Senhor Jesus Cristo"},"content":{"rendered":"\n<h3 class=\"wp-block-heading\">Rei do Universo<\/h3>\n\n\n\n<p>No pr\u00f3ximo domingo, 20 de novembro celebraremos a Festa de Cristo Rei do universo e tamb\u00e9m o encerramento do Ano Lit\u00fargico na Igreja.<\/p>\n\n\n\n<p>Achou estranho?<\/p>\n\n\n\n<p>Pois \u00e9, o Calend\u00e1rio da Igreja difere do nosso Calend\u00e1rio Civil que inicia no dia 01 de janeiro e se encerra no dia 31 de dezembro.<\/p>\n\n\n\n<p>Por\u00e9m, falaremos no Calend\u00e1rio Lit\u00fargico na pr\u00f3xima semana.<\/p>\n\n\n\n<p>Al\u00e9m de anunciar o t\u00e9rmino do Ano Lit\u00fargico, a Festa de Cristo Rei, celebrada sempre 5 domingos antes do Natal, nos remete \u00e0 conclus\u00e3o de toda hist\u00f3ria da salva\u00e7\u00e3o.<\/p>\n\n\n\n<p>N\u00e3o se trata de um reinado de categorias pol\u00edticas e humanas. O pr\u00f3prio Jesus disse: <\/p>\n\n\n\n<blockquote class=\"wp-block-quote has-text-align-center is-layout-flow wp-block-quote-is-layout-flow\" style=\"font-size:30px\"><p>\u201c<em>O meu reino <\/em><br><em>n\u00e3o \u00e9 desse mundo\u201d<\/em>.<\/p><\/blockquote>\n\n\n\n<p>\u201cJesus, que se ofereceu na cruz, o cordeiro manso e humilde e que realizou a reden\u00e7\u00e3o da humanidade, entregar\u00e1 ao Pai um reino eterno e universal\u201d.<\/p>\n\n\n\n<p>Portanto, tudo se encaminha para o definitivo estabelecimento do Reino de Deus. A cada Eucaristia anunciamos esta verdade e renovamos o nosso compromisso de colaborar com a instaura\u00e7\u00e3o desse Reino.<\/p>\n\n\n\n<blockquote class=\"wp-block-quote has-text-align-center is-layout-flow wp-block-quote-is-layout-flow\" style=\"font-size:30px\"><p>O crist\u00e3o verdadeiro <br>n\u00e3o tem d\u00favidas.<\/p><\/blockquote>\n\n\n\n<p>O verdadeiro crist\u00e3o sabe que o Cristo j\u00e1 \u00e9 vitorioso, e que o seu reinado j\u00e1 foi inaugurado.<\/p>\n\n\n\n<p>Lembram dessas palavras de Jesus na Cruz: \u201c<em>Hoje estar\u00e1s comigo no para\u00edso<\/em>\u201d? Por outro lado, anunciar a vit\u00f3ria de Cristo Rei \u00e9 optar pelo seu caminho e destino; \u00e9 vencer a tenta\u00e7\u00e3o de ficar apenas assistindo passivamente \u00e0 sua luta, ou mesmo, diante do des\u00e2nimo e frustra\u00e7\u00f5es humanas, passar para o outro lado, tornando-se um advers\u00e1rio dele, colaborando com a desconstru\u00e7\u00e3o do reino. A cruz de Jesus n\u00e3o \u00e9 apenas instrumento de supl\u00edcio, mas prova da sua fidelidade ao Pai, confundindo os seus opositores. A cruz \u00e9 o trono do qual Ele exerce a sua suprema autoridade, n\u00e3o desiste do seu poder real, mas o manifesta sobretudo no perd\u00e3o e na miseric\u00f3rdia para aqueles que o reconhecem, apesar de seu sofrimento, como Salvador da humanidade.<\/p>\n\n\n\n<div class=\"wp-block-media-text alignwide is-stacked-on-mobile\" style=\"grid-template-columns:32% auto\"><figure class=\"wp-block-media-text__media\"><img fetchpriority=\"high\" decoding=\"async\" width=\"530\" height=\"1024\" src=\"https:\/\/saojosedoipiranga.com.br\/new\/wp-content\/uploads\/2022\/11\/pinterest-fonte-Samo-Prutskij-1-530x1024.jpg\" alt=\"\" class=\"wp-image-5552 size-full\" srcset=\"https:\/\/saojosedoipiranga.com.br\/new\/wp-content\/uploads\/2022\/11\/pinterest-fonte-Samo-Prutskij-1-530x1024.jpg 530w, https:\/\/saojosedoipiranga.com.br\/new\/wp-content\/uploads\/2022\/11\/pinterest-fonte-Samo-Prutskij-1-155x300.jpg 155w, https:\/\/saojosedoipiranga.com.br\/new\/wp-content\/uploads\/2022\/11\/pinterest-fonte-Samo-Prutskij-1-500x965.jpg 500w, https:\/\/saojosedoipiranga.com.br\/new\/wp-content\/uploads\/2022\/11\/pinterest-fonte-Samo-Prutskij-1-559x1080.jpg 559w, https:\/\/saojosedoipiranga.com.br\/new\/wp-content\/uploads\/2022\/11\/pinterest-fonte-Samo-Prutskij-1.jpg 564w\" sizes=\"(max-width: 530px) 100vw, 530px\" \/><\/figure><div class=\"wp-block-media-text__content\">\n<h3 class=\"wp-block-heading\"><em>Voc\u00ea sabia<\/em>?!<\/h3>\n\n\n\n<p>Embora o culto a Jesus como Rei remonte \u00e0s origens do Cristianismo, a institui\u00e7\u00e3o de uma celebra\u00e7\u00e3o lit\u00fargica desse mist\u00e9rio \u00e9 bastante recente.<\/p>\n\n\n\n<p>A Festa de Nosso Senhor Jesus Cristo Rei (<em>Domini Nostri Jesu Christi Regis<\/em>) foi institu\u00edda pelo Papa Pio XI em 1939 atrav\u00e9s da Enc\u00edclica \u201c<em>Quas Primas<\/em>\u201d, promulgada no dia 11 de dezembro de 1925.<\/p>\n\n\n\n<p>A Enc\u00edclica destaca que no Jubileu Ordin\u00e1rio de 1925 celebrou-se tamb\u00e9m o XVI Centen\u00e1rio do Conc\u00edlio de Niceia (325), primeiro Conc\u00edlio Ecum\u00eanico da Igreja, o qual afirmou a divindade de Jesus Cristo, na qual se fundamenta o mist\u00e9rio da sua realeza.<\/p>\n<\/div><\/div>\n\n    <div class=\"xs_social_share_widget xs_share_url after_content \t\tmain_content  wslu-style-1 wslu-share-box-shaped wslu-fill-colored wslu-none wslu-share-horizontal wslu-theme-font-no wslu-main_content\">\n\n\t\t\n        <ul>\n\t\t\t        <\/ul>\n    <\/div> \n","protected":false},"excerpt":{"rendered":"<p>Rei do Universo No pr\u00f3ximo domingo, 20 de novembro celebraremos a Festa de Cristo Rei do universo e tamb\u00e9m o encerramento do Ano Lit\u00fargico na Igreja. Achou estranho? Pois \u00e9,&hellip; <br \/> <a class=\"read-more\" href=\"https:\/\/saojosedoipiranga.com.br\/new\/2022\/11\/18\/solenidade-de-nosso-senhor-jesus-cristo\/\">Leia mais<\/a><\/p>\n","protected":false},"author":3,"featured_media":5550,"comment_status":"closed","ping_status":"closed","sticky":false,"template":"","format":"standard","meta":{"_vp_format_video_url":"","_vp_image_focal_point":[],"footnotes":""},"categories":[3,5,9,10],"tags":[575,577,578,576],"class_list":["post-5549","post","type-post","status-publish","format-standard","has-post-thumbnail","hentry","category-blog","category-diversos","category-formacao","category-noticias","tag-cristo-rei","tag-dia-de-cristo-rei","tag-festa-de-cristo-rei","tag-nosso-senhor-jesus-cristo"],"_links":{"self":[{"href":"https:\/\/saojosedoipiranga.com.br\/new\/wp-json\/wp\/v2\/posts\/5549","targetHints":{"allow":["GET"]}}],"collection":[{"href":"https:\/\/saojosedoipiranga.com.br\/new\/wp-json\/wp\/v2\/posts"}],"about":[{"href":"https:\/\/saojosedoipiranga.com.br\/new\/wp-json\/wp\/v2\/types\/post"}],"author":[{"embeddable":true,"href":"https:\/\/saojosedoipiranga.com.br\/new\/wp-json\/wp\/v2\/users\/3"}],"replies":[{"embeddable":true,"href":"https:\/\/saojosedoipiranga.com.br\/new\/wp-json\/wp\/v2\/comments?post=5549"}],"version-history":[{"count":6,"href":"https:\/\/saojosedoipiranga.com.br\/new\/wp-json\/wp\/v2\/posts\/5549\/revisions"}],"predecessor-version":[{"id":5560,"href":"https:\/\/saojosedoipiranga.com.br\/new\/wp-json\/wp\/v2\/posts\/5549\/revisions\/5560"}],"wp:featuredmedia":[{"embeddable":true,"href":"https:\/\/saojosedoipiranga.com.br\/new\/wp-json\/wp\/v2\/media\/5550"}],"wp:attachment":[{"href":"https:\/\/saojosedoipiranga.com.br\/new\/wp-json\/wp\/v2\/media?parent=5549"}],"wp:term":[{"taxonomy":"category","embeddable":true,"href":"https:\/\/saojosedoipiranga.com.br\/new\/wp-json\/wp\/v2\/categories?post=5549"},{"taxonomy":"post_tag","embeddable":true,"href":"https:\/\/saojosedoipiranga.com.br\/new\/wp-json\/wp\/v2\/tags?post=5549"}],"curies":[{"name":"wp","href":"https:\/\/api.w.org\/{rel}","templated":true}]}}