{"id":543,"date":"2018-05-31T13:55:13","date_gmt":"2018-05-31T16:55:13","guid":{"rendered":"http:\/\/saojosedoipiranga.com.br\/site\/?p=543"},"modified":"2018-05-31T13:55:13","modified_gmt":"2018-05-31T16:55:13","slug":"uma-reflexao-sobre-a-festa-de-pentecostes","status":"publish","type":"post","link":"https:\/\/saojosedoipiranga.com.br\/new\/2018\/05\/31\/uma-reflexao-sobre-a-festa-de-pentecostes\/","title":{"rendered":"Uma reflex\u00e3o sobre a festa de Pentecostes"},"content":{"rendered":"<p>Dentro de poucos dias a Igreja comemora a festa de Pentecostes. Transcorridos 50 dias ap\u00f3s a P\u00e1scoa, Jesus, re\u00fane os disc\u00edpulos e avisa que volta para o Pai, como ainda n\u00e3o entendiam muito bem ficaram profundamente desanimados. Ele disse: \u201cNo entanto \u00e9 de vosso interesse que Eu parta \u201cpois, se Eu n\u00e3o for, o par\u00e1clito n\u00e3o vir\u00e1 a v\u00f3s. Mas, se Eu for, envi\u00e1-lo-ei a v\u00f3s \u201c (Jo 16,7). \u00c9 uma promessa surpreendente, seus disc\u00edpulos nem tinham tido muito tempo para se acostumar com o fato extraordin\u00e1rio e absolutamente desconhecido da Ressurrei\u00e7\u00e3o e agora Ele lhes anuncia outro acontecimento totalmente novo \u2013 eles receberiam o Esp\u00edrito do pr\u00f3prio Deus!<\/p>\n<p>Mesmo que muito se esfor\u00e7assem, n\u00e3o era poss\u00edvel imaginar o que veriam poucos dias depois. Como o medo dos judeus era muito grande, se fecharam numa sala junto a Maria e em ora\u00e7\u00e3o aguardaram.<\/p>\n<p>E eis que o Esp\u00edrito de Deus chega com todo poder e seus olhos viram coisas por demais extraordin\u00e1rias: vento impetuoso, fogo sobre as cabe\u00e7as, uma explos\u00e3o de incontrol\u00e1vel alegria interior, uma vontade imensa de sair e anunciar a Boa Nova\u2026 Nada e nem ningu\u00e9m seria capaz de det\u00ea-los. Finalmente estavam preparados para o projeto salvifico do Pai \u2013 era o nascimento da Igreja. Agora, tudo estava claro e n\u00e3o havia d\u00favidas. Foi para isso que Jesus os tinha escolhido e eles se entregariam com profundo amor \u00e0 miss\u00e3o que receberam.<\/p>\n<p>E n\u00f3s, aqui, 2000 anos depois?<\/p>\n<p>N\u00f3s tamb\u00e9m vamos receber a efus\u00e3o do Esp\u00edrito Santo, o Sopro de Deus. N\u00e3o haver\u00e1 chamas sobre nossas cabe\u00e7as, mas haver\u00e1, sim, um revigorante fogo no cora\u00e7\u00e3o, que nos impulsionar\u00e1 a confessar sem medo nossa f\u00e9 e nos revestir\u00e1 de entusiasmo para anunciar suas maravilhas. O Divino Esp\u00edrito Santo vindo do cora\u00e7\u00e3o aberto de Jesus se far\u00e1 presente em n\u00f3s com a mesma intensidade daquele dia, porque Deus quer transformar nossas vidas e nos fazer felizes. Vamos receb\u00ea-lo com amor, sem medo, confiantes, colocando N\u00b4Ele a nossa esperan\u00e7a.<\/p>\n<p>Para finalizar eis as palavras do Papa Francisco, proferidas por ocasi\u00e3o do Pentecostes de 2017:<\/p>\n<p>\u201cO Esp\u00edrito Santo torna poss\u00edvel esta esperan\u00e7a invenc\u00edvel, dando-nos testemunho interior de que somos filhos de Deus e seus herdeiros\u201d. O Esp\u00edrito Santo \u201cfaz com que sejamos semeadores de esperan\u00e7a\u201d e \u201cconsoladores e defensores dos irm\u00e3os\u201d.<\/p>\n<p><strong>Escrito por: Eliana Galv\u00e1n Gil<\/strong><\/p>\n\n    <div class=\"xs_social_share_widget xs_share_url after_content \t\tmain_content  wslu-style-1 wslu-share-box-shaped wslu-fill-colored wslu-none wslu-share-horizontal wslu-theme-font-no wslu-main_content\">\n\n\t\t\n        <ul>\n\t\t\t        <\/ul>\n    <\/div> \n","protected":false},"excerpt":{"rendered":"<p>Dentro de poucos dias a Igreja comemora a festa de Pentecostes. Transcorridos 50 dias ap\u00f3s a P\u00e1scoa, Jesus, re\u00fane os disc\u00edpulos e avisa que volta para o Pai, como ainda&hellip; <br \/> <a class=\"read-more\" href=\"https:\/\/saojosedoipiranga.com.br\/new\/2018\/05\/31\/uma-reflexao-sobre-a-festa-de-pentecostes\/\">Leia mais<\/a><\/p>\n","protected":false},"author":3,"featured_media":544,"comment_status":"open","ping_status":"open","sticky":false,"template":"","format":"standard","meta":{"_vp_format_video_url":"","_vp_image_focal_point":[],"footnotes":""},"categories":[10],"tags":[],"class_list":["post-543","post","type-post","status-publish","format-standard","has-post-thumbnail","hentry","category-noticias"],"_links":{"self":[{"href":"https:\/\/saojosedoipiranga.com.br\/new\/wp-json\/wp\/v2\/posts\/543","targetHints":{"allow":["GET"]}}],"collection":[{"href":"https:\/\/saojosedoipiranga.com.br\/new\/wp-json\/wp\/v2\/posts"}],"about":[{"href":"https:\/\/saojosedoipiranga.com.br\/new\/wp-json\/wp\/v2\/types\/post"}],"author":[{"embeddable":true,"href":"https:\/\/saojosedoipiranga.com.br\/new\/wp-json\/wp\/v2\/users\/3"}],"replies":[{"embeddable":true,"href":"https:\/\/saojosedoipiranga.com.br\/new\/wp-json\/wp\/v2\/comments?post=543"}],"version-history":[{"count":0,"href":"https:\/\/saojosedoipiranga.com.br\/new\/wp-json\/wp\/v2\/posts\/543\/revisions"}],"wp:featuredmedia":[{"embeddable":true,"href":"https:\/\/saojosedoipiranga.com.br\/new\/wp-json\/wp\/v2\/media\/544"}],"wp:attachment":[{"href":"https:\/\/saojosedoipiranga.com.br\/new\/wp-json\/wp\/v2\/media?parent=543"}],"wp:term":[{"taxonomy":"category","embeddable":true,"href":"https:\/\/saojosedoipiranga.com.br\/new\/wp-json\/wp\/v2\/categories?post=543"},{"taxonomy":"post_tag","embeddable":true,"href":"https:\/\/saojosedoipiranga.com.br\/new\/wp-json\/wp\/v2\/tags?post=543"}],"curies":[{"name":"wp","href":"https:\/\/api.w.org\/{rel}","templated":true}]}}