{"id":5362,"date":"2022-10-20T13:22:46","date_gmt":"2022-10-20T16:22:46","guid":{"rendered":"https:\/\/saojosedoipiranga.com.br\/new\/?p=5362"},"modified":"2022-10-20T13:22:46","modified_gmt":"2022-10-20T16:22:46","slug":"voce-conhece-a-historia-do-domingo-da-caridade-aqui-da-paroquia-sao-jose-do-ipiranga","status":"publish","type":"post","link":"https:\/\/saojosedoipiranga.com.br\/new\/2022\/10\/20\/voce-conhece-a-historia-do-domingo-da-caridade-aqui-da-paroquia-sao-jose-do-ipiranga\/","title":{"rendered":"Voc\u00ea conhece a hist\u00f3ria do Domingo da Caridade aqui da Par\u00f3quia S\u00e3o Jos\u00e9 do Ipiranga?"},"content":{"rendered":"\n<p class=\"has-text-align-right\" style=\"font-size:11px\">Imagem meramente ilustrativa<\/p>\n\n\n\n<p style=\"font-size:28px\"><strong>\u201cSenta que l\u00e1 vem hist\u00f3ria!\u201d<\/strong><\/p>\n\n\n\n<p>O Domingo da caridade come\u00e7ou na d\u00e9cada de 80 com o padre Raimundo Sebasti\u00e3o Nogueira, nds, p\u00e1roco da S\u00e3o Jos\u00e9 na ocasi\u00e3o. Ele come\u00e7ou a arrecada\u00e7\u00e3o de alimentos na comunidade para que a assist\u00eancia social do Instituto Theodoro Ratisbonne direcionasse \u00e0s fam\u00edlias carentes e a comunidade paroquial respondeu carinhosamente ao seu incentivo.<\/p>\n\n\n\n<p>Os anos foram passando e, depois do pe. Raimundo, passaram 7 p\u00e1rocos at\u00e9 chegar ao pe. Ramires em 2011, que convidou, neste mesmo ano, a paroquiana Maria Helena para criar a Pastoral Social.<\/p>\n\n\n\n<p>Ela aceitou o convite e chamou para ajud\u00e1-la o Sr. Miguel, paroquiano tamb\u00e9m muito querido de nossa comunidade, em mem\u00f3ria, e come\u00e7aram ent\u00e3o este lindo trabalho. Ao longo dos anos outros volunt\u00e1rios entraram na pastoral para ajudar pois as doa\u00e7\u00f5es foram aumentando e s\u00f3 os dois n\u00e3o davam mais conta.<\/p>\n\n\n\n<p>A\u00ed voc\u00ea se pergunta, mas se \u00e9 s\u00f3 receber os alimentos, por que tantas pessoas?<\/p>\n\n\n\n<p>O servi\u00e7o da pastoral era receber os alimentos no segundo domingo do m\u00eas durante as missas; portanto os volunt\u00e1rios passavam o dia inteiro e para isso se organizavam fazendo escala entre eles, para receber as doa\u00e7\u00f5es, em vista que temos 5 missas no domingo.<\/p>\n\n\n\n<p style=\"font-size:18px\"><strong>E n\u00e3o para por a\u00ed!<\/strong><\/p>\n\n\n\n<p>Eles precisavam tamb\u00e9m separar, pesar, montar e depois distribuir as cestas b\u00e1sicas.<\/p>\n\n\n\n<p>Nesta \u00e9poca haviam fam\u00edlias e institui\u00e7\u00f5es cadastradas aqui na Par\u00f3quia e a Assist\u00eancia Social do Instituto Theodoro Ratisbonne recebia algumas cestas tamb\u00e9m para distribuir \u00e0s fam\u00edlias cadastradas com eles.<\/p>\n\n\n\n<p>Tudo ia muito bem! Receb\u00edamos uma m\u00e9dia de 1000 a 1200 quilos por m\u00eas.<\/p>\n\n\n\n<p style=\"font-size:18px\"><strong>At\u00e9 que veio a pandemia&#8230;<\/strong><\/p>\n\n\n\n<p>Foram meses dif\u00edceis e a equipe n\u00e3o podia mais vir enquanto a pandemia acontecia.<\/p>\n\n\n\n<p>Foi nesse per\u00edodo que o pe. Valden\u00edcio&nbsp; Antonio da Silva, nds, convidou a Sandra para assumir a Pastoral Social. Ela aceitou o convite e juntamente com a Rosana, ambas volunt\u00e1rias e paroquianas, colocaram as m\u00e3os \u201cna massa\u201d, ou melhor, nos alimentos (rs) cuidando de tudo.<\/p>\n\n\n\n<p>Deus \u00e9 bom o tempo todo e pudemos, com a gra\u00e7a de Deus, continuar recebendo alimentos e assim prosseguir ajudando as pessoas com cestas b\u00e1sicas.<\/p>\n\n\n\n<p>Com a entrada do pe. Benedito Donizetti Vieira, nds, na administra\u00e7\u00e3o da Par\u00f3quia S\u00e3o Jos\u00e9, as doa\u00e7\u00f5es voltaram a ser entregues integralmente para a Assist\u00eancia Social do Instituto Theodoro Ratisbonne, que faz a distribui\u00e7\u00e3o, todos os meses, das cestas para 90 fam\u00edlias cadastradas em seu sistema.<\/p>\n\n\n\n<p>Hoje a Pastoral conta novamente com uma equipe de 7 volunt\u00e1rios: Maria Helena, Aida, \u00c1urea, Karina, Silvio, Teka e Vansleig.<\/p>\n\n\n\n<figure class=\"wp-block-gallery has-nested-images columns-default is-cropped wp-block-gallery-1 is-layout-flex wp-block-gallery-is-layout-flex\">\n<figure class=\"wp-block-image size-large\"><img fetchpriority=\"high\" decoding=\"async\" width=\"1024\" height=\"769\" data-id=\"5365\" src=\"https:\/\/saojosedoipiranga.com.br\/new\/wp-content\/uploads\/2022\/10\/IMG_20221013_151205-1-1024x769.jpg\" alt=\"\" class=\"wp-image-5365\" srcset=\"https:\/\/saojosedoipiranga.com.br\/new\/wp-content\/uploads\/2022\/10\/IMG_20221013_151205-1-1024x769.jpg 1024w, https:\/\/saojosedoipiranga.com.br\/new\/wp-content\/uploads\/2022\/10\/IMG_20221013_151205-1-300x225.jpg 300w, https:\/\/saojosedoipiranga.com.br\/new\/wp-content\/uploads\/2022\/10\/IMG_20221013_151205-1-768x577.jpg 768w, https:\/\/saojosedoipiranga.com.br\/new\/wp-content\/uploads\/2022\/10\/IMG_20221013_151205-1-1536x1153.jpg 1536w, https:\/\/saojosedoipiranga.com.br\/new\/wp-content\/uploads\/2022\/10\/IMG_20221013_151205-1-2048x1538.jpg 2048w, https:\/\/saojosedoipiranga.com.br\/new\/wp-content\/uploads\/2022\/10\/IMG_20221013_151205-1-500x375.jpg 500w, https:\/\/saojosedoipiranga.com.br\/new\/wp-content\/uploads\/2022\/10\/IMG_20221013_151205-1-800x601.jpg 800w, https:\/\/saojosedoipiranga.com.br\/new\/wp-content\/uploads\/2022\/10\/IMG_20221013_151205-1-1280x961.jpg 1280w, https:\/\/saojosedoipiranga.com.br\/new\/wp-content\/uploads\/2022\/10\/IMG_20221013_151205-1-1920x1442.jpg 1920w, https:\/\/saojosedoipiranga.com.br\/new\/wp-content\/uploads\/2022\/10\/IMG_20221013_151205-1-1438x1080.jpg 1438w\" sizes=\"(max-width: 1024px) 100vw, 1024px\" \/><\/figure>\n\n\n\n<figure class=\"wp-block-image size-large\"><img decoding=\"async\" width=\"1024\" height=\"769\" data-id=\"5366\" src=\"https:\/\/saojosedoipiranga.com.br\/new\/wp-content\/uploads\/2022\/10\/IMG_20221013_151314-1024x769.jpg\" alt=\"\" class=\"wp-image-5366\" srcset=\"https:\/\/saojosedoipiranga.com.br\/new\/wp-content\/uploads\/2022\/10\/IMG_20221013_151314-1024x769.jpg 1024w, https:\/\/saojosedoipiranga.com.br\/new\/wp-content\/uploads\/2022\/10\/IMG_20221013_151314-300x225.jpg 300w, https:\/\/saojosedoipiranga.com.br\/new\/wp-content\/uploads\/2022\/10\/IMG_20221013_151314-768x577.jpg 768w, https:\/\/saojosedoipiranga.com.br\/new\/wp-content\/uploads\/2022\/10\/IMG_20221013_151314-1536x1153.jpg 1536w, https:\/\/saojosedoipiranga.com.br\/new\/wp-content\/uploads\/2022\/10\/IMG_20221013_151314-2048x1538.jpg 2048w, https:\/\/saojosedoipiranga.com.br\/new\/wp-content\/uploads\/2022\/10\/IMG_20221013_151314-500x375.jpg 500w, https:\/\/saojosedoipiranga.com.br\/new\/wp-content\/uploads\/2022\/10\/IMG_20221013_151314-800x601.jpg 800w, https:\/\/saojosedoipiranga.com.br\/new\/wp-content\/uploads\/2022\/10\/IMG_20221013_151314-1280x961.jpg 1280w, https:\/\/saojosedoipiranga.com.br\/new\/wp-content\/uploads\/2022\/10\/IMG_20221013_151314-1920x1442.jpg 1920w, https:\/\/saojosedoipiranga.com.br\/new\/wp-content\/uploads\/2022\/10\/IMG_20221013_151314-1438x1080.jpg 1438w\" sizes=\"(max-width: 1024px) 100vw, 1024px\" \/><\/figure>\n\n\n\n<figure class=\"wp-block-image size-large\"><img decoding=\"async\" width=\"1024\" height=\"769\" data-id=\"5367\" src=\"https:\/\/saojosedoipiranga.com.br\/new\/wp-content\/uploads\/2022\/10\/IMG_20221013_151319-1024x769.jpg\" alt=\"\" class=\"wp-image-5367\" srcset=\"https:\/\/saojosedoipiranga.com.br\/new\/wp-content\/uploads\/2022\/10\/IMG_20221013_151319-1024x769.jpg 1024w, https:\/\/saojosedoipiranga.com.br\/new\/wp-content\/uploads\/2022\/10\/IMG_20221013_151319-300x225.jpg 300w, https:\/\/saojosedoipiranga.com.br\/new\/wp-content\/uploads\/2022\/10\/IMG_20221013_151319-768x577.jpg 768w, https:\/\/saojosedoipiranga.com.br\/new\/wp-content\/uploads\/2022\/10\/IMG_20221013_151319-1536x1153.jpg 1536w, https:\/\/saojosedoipiranga.com.br\/new\/wp-content\/uploads\/2022\/10\/IMG_20221013_151319-2048x1538.jpg 2048w, https:\/\/saojosedoipiranga.com.br\/new\/wp-content\/uploads\/2022\/10\/IMG_20221013_151319-500x375.jpg 500w, https:\/\/saojosedoipiranga.com.br\/new\/wp-content\/uploads\/2022\/10\/IMG_20221013_151319-800x601.jpg 800w, https:\/\/saojosedoipiranga.com.br\/new\/wp-content\/uploads\/2022\/10\/IMG_20221013_151319-1280x961.jpg 1280w, https:\/\/saojosedoipiranga.com.br\/new\/wp-content\/uploads\/2022\/10\/IMG_20221013_151319-1920x1442.jpg 1920w, https:\/\/saojosedoipiranga.com.br\/new\/wp-content\/uploads\/2022\/10\/IMG_20221013_151319-1438x1080.jpg 1438w\" sizes=\"(max-width: 1024px) 100vw, 1024px\" \/><\/figure>\n<\/figure>\n\n\n\n<p class=\"has-text-align-center has-small-font-size\">Primeira Foto, da esquerda para a direita: Renan, Aida, Pe. Benedito, \u00c1urea, Maria Helena; <br>Segunda e terceira fotos: Alimentos doados, pesados e separados em outubro de 2022.<\/p>\n\n    <div class=\"xs_social_share_widget xs_share_url after_content \t\tmain_content  wslu-style-1 wslu-share-box-shaped wslu-fill-colored wslu-none wslu-share-horizontal wslu-theme-font-no wslu-main_content\">\n\n\t\t\n        <ul>\n\t\t\t        <\/ul>\n    <\/div> \n","protected":false},"excerpt":{"rendered":"<p>Imagem meramente ilustrativa \u201cSenta que l\u00e1 vem hist\u00f3ria!\u201d O Domingo da caridade come\u00e7ou na d\u00e9cada de 80 com o padre Raimundo Sebasti\u00e3o Nogueira, nds, p\u00e1roco da S\u00e3o Jos\u00e9 na ocasi\u00e3o.&hellip; <br \/> <a class=\"read-more\" href=\"https:\/\/saojosedoipiranga.com.br\/new\/2022\/10\/20\/voce-conhece-a-historia-do-domingo-da-caridade-aqui-da-paroquia-sao-jose-do-ipiranga\/\">Leia mais<\/a><\/p>\n","protected":false},"author":3,"featured_media":5370,"comment_status":"closed","ping_status":"closed","sticky":false,"template":"","format":"standard","meta":{"_vp_format_video_url":"","_vp_image_focal_point":[],"footnotes":""},"categories":[442,2,3,5,10],"tags":[567,566,568,270,358],"class_list":["post-5362","post","type-post","status-publish","format-standard","has-post-thumbnail","hentry","category-acontece","category-avisos_semanais","category-blog","category-diversos","category-noticias","tag-doacao-de-alimentos","tag-domingo-da-caridade","tag-historia-da-igreja","tag-paroquia-sao-jose-do-ipiranga","tag-sao-jose-2"],"_links":{"self":[{"href":"https:\/\/saojosedoipiranga.com.br\/new\/wp-json\/wp\/v2\/posts\/5362","targetHints":{"allow":["GET"]}}],"collection":[{"href":"https:\/\/saojosedoipiranga.com.br\/new\/wp-json\/wp\/v2\/posts"}],"about":[{"href":"https:\/\/saojosedoipiranga.com.br\/new\/wp-json\/wp\/v2\/types\/post"}],"author":[{"embeddable":true,"href":"https:\/\/saojosedoipiranga.com.br\/new\/wp-json\/wp\/v2\/users\/3"}],"replies":[{"embeddable":true,"href":"https:\/\/saojosedoipiranga.com.br\/new\/wp-json\/wp\/v2\/comments?post=5362"}],"version-history":[{"count":6,"href":"https:\/\/saojosedoipiranga.com.br\/new\/wp-json\/wp\/v2\/posts\/5362\/revisions"}],"predecessor-version":[{"id":5375,"href":"https:\/\/saojosedoipiranga.com.br\/new\/wp-json\/wp\/v2\/posts\/5362\/revisions\/5375"}],"wp:featuredmedia":[{"embeddable":true,"href":"https:\/\/saojosedoipiranga.com.br\/new\/wp-json\/wp\/v2\/media\/5370"}],"wp:attachment":[{"href":"https:\/\/saojosedoipiranga.com.br\/new\/wp-json\/wp\/v2\/media?parent=5362"}],"wp:term":[{"taxonomy":"category","embeddable":true,"href":"https:\/\/saojosedoipiranga.com.br\/new\/wp-json\/wp\/v2\/categories?post=5362"},{"taxonomy":"post_tag","embeddable":true,"href":"https:\/\/saojosedoipiranga.com.br\/new\/wp-json\/wp\/v2\/tags?post=5362"}],"curies":[{"name":"wp","href":"https:\/\/api.w.org\/{rel}","templated":true}]}}