{"id":535,"date":"2018-05-31T13:49:48","date_gmt":"2018-05-31T16:49:48","guid":{"rendered":"http:\/\/saojosedoipiranga.com.br\/site\/?p=535"},"modified":"2018-05-31T13:49:48","modified_gmt":"2018-05-31T16:49:48","slug":"origem-da-festa-de-corpus-christi","status":"publish","type":"post","link":"https:\/\/saojosedoipiranga.com.br\/new\/2018\/05\/31\/origem-da-festa-de-corpus-christi\/","title":{"rendered":"Origem da Festa de Corpus Christi"},"content":{"rendered":"<p>No final do s\u00e9culo\u00a0 XIII surgiu em Lieja, na B\u00e9lgica, um Movimento Eucar\u00edstico cujo centro foi na\u00a0 Abadia de Cornillon. A partir deste movimento, tiveram sua origem v\u00e1rios costumes eucar\u00edsticos, como por exemplo a Exposi\u00e7\u00e3o e B\u00ean\u00e7\u00e3o do Sant\u00edssimo Sacramento, o uso dos sinos durante a eleva\u00e7\u00e3o na Missa e a festa de\u00a0 Corpus Christi.<u><\/u><\/p>\n<p class=\"m_6632846723680621754MsoNoSpacing\">Santa Juliana de Mont Cornillon, naquela \u00e9poca priora da Abadia, tinha desde jovem uma grande venera\u00e7\u00e3o ao Sant\u00edssimo Sacramento e sempre esperava que houvesse uma festa especial em sua honra. Este desejo se intensificou por uma vis\u00e3o que ela teve da Igreja sob a apar\u00eancia de uma lua cheia com uma mancha negra, que significava a aus\u00eancia dessa solenidade. Juliana comunicou estas apari\u00e7\u00f5es ao ent\u00e3o bispo de Lieja, e, mais tarde, ao Papa Urbano IV.<u><\/u><u><\/u><\/p>\n<p class=\"m_6632846723680621754MsoNoSpacing\">O bispo\u00a0Roberto convocou um s\u00ednodo em 1246 e ordenou que a celebra\u00e7\u00e3o fosse feita no ano seguinte. A festa foi celebrada pela primeira vez em 1247 na quinta-feira posterior \u00e0 festa\u00a0 da Sant\u00edssima Trindade.<u><\/u><u><\/u><\/p>\n<p class=\"m_6632846723680621754MsoNoSpacing\">O Papa Urbano IV, em raz\u00e3o do milagre eucar\u00edstico ocorrido em Lanciano (It\u00e1lia) e tamb\u00e9m pela peti\u00e7\u00e3o de v\u00e1rios bispos, determinou que a festa se estendesse por toda a Igreja, fixando-a para a quinta-feira depois da oitava de Pentecostes\u00a0e outorgando muitas indulg\u00eancias a todos que assistissem \u00e0 Santa Missa e Of\u00edcio.<u><\/u><u><\/u><\/p>\n<p class=\"m_6632846723680621754MsoNoSpacing\">Finalmente, o Conc\u00edlio de Trento determinou que, a cada ano, a Igreja celebrasse a solenidade do Corpo de Cristo com prociss\u00e3o pelas ruas e lugares p\u00fablicos. Nisto, os crist\u00e3os expressam sua gratid\u00e3o por t\u00e3o inef\u00e1vel e verdadeiramente divino sacramento, no qual se faz novamente presente a vit\u00f3ria sobre a morte na ressurrei\u00e7\u00e3o de Nosso Senhor Jesus Cristo.<u><\/u><u><\/u><\/p>\n<div class=\"m_6632846723680621754clearfix m_6632846723680621754entry-meta-bar\">\u00a0<strong>Escrito por: Eliana Galv\u00e1n Gil<\/strong><\/div>\n\n    <div class=\"xs_social_share_widget xs_share_url after_content \t\tmain_content  wslu-style-1 wslu-share-box-shaped wslu-fill-colored wslu-none wslu-share-horizontal wslu-theme-font-no wslu-main_content\">\n\n\t\t\n        <ul>\n\t\t\t        <\/ul>\n    <\/div> \n","protected":false},"excerpt":{"rendered":"<p>No final do s\u00e9culo\u00a0 XIII surgiu em Lieja, na B\u00e9lgica, um Movimento Eucar\u00edstico cujo centro foi na\u00a0 Abadia de Cornillon. A partir deste movimento, tiveram sua origem v\u00e1rios costumes eucar\u00edsticos,&hellip; <br \/> <a class=\"read-more\" href=\"https:\/\/saojosedoipiranga.com.br\/new\/2018\/05\/31\/origem-da-festa-de-corpus-christi\/\">Leia mais<\/a><\/p>\n","protected":false},"author":3,"featured_media":536,"comment_status":"open","ping_status":"open","sticky":false,"template":"","format":"standard","meta":{"_vp_format_video_url":"","_vp_image_focal_point":[],"footnotes":""},"categories":[10],"tags":[85,357,359],"class_list":["post-535","post","type-post","status-publish","format-standard","has-post-thumbnail","hentry","category-noticias","tag-corpus-christi","tag-sao-jose","tag-sao-jose-do-ipiranga"],"_links":{"self":[{"href":"https:\/\/saojosedoipiranga.com.br\/new\/wp-json\/wp\/v2\/posts\/535","targetHints":{"allow":["GET"]}}],"collection":[{"href":"https:\/\/saojosedoipiranga.com.br\/new\/wp-json\/wp\/v2\/posts"}],"about":[{"href":"https:\/\/saojosedoipiranga.com.br\/new\/wp-json\/wp\/v2\/types\/post"}],"author":[{"embeddable":true,"href":"https:\/\/saojosedoipiranga.com.br\/new\/wp-json\/wp\/v2\/users\/3"}],"replies":[{"embeddable":true,"href":"https:\/\/saojosedoipiranga.com.br\/new\/wp-json\/wp\/v2\/comments?post=535"}],"version-history":[{"count":0,"href":"https:\/\/saojosedoipiranga.com.br\/new\/wp-json\/wp\/v2\/posts\/535\/revisions"}],"wp:featuredmedia":[{"embeddable":true,"href":"https:\/\/saojosedoipiranga.com.br\/new\/wp-json\/wp\/v2\/media\/536"}],"wp:attachment":[{"href":"https:\/\/saojosedoipiranga.com.br\/new\/wp-json\/wp\/v2\/media?parent=535"}],"wp:term":[{"taxonomy":"category","embeddable":true,"href":"https:\/\/saojosedoipiranga.com.br\/new\/wp-json\/wp\/v2\/categories?post=535"},{"taxonomy":"post_tag","embeddable":true,"href":"https:\/\/saojosedoipiranga.com.br\/new\/wp-json\/wp\/v2\/tags?post=535"}],"curies":[{"name":"wp","href":"https:\/\/api.w.org\/{rel}","templated":true}]}}