{"id":5264,"date":"2022-10-21T09:06:00","date_gmt":"2022-10-21T12:06:00","guid":{"rendered":"https:\/\/saojosedoipiranga.com.br\/new\/?p=5264"},"modified":"2022-10-03T14:15:08","modified_gmt":"2022-10-03T17:15:08","slug":"a-catequese-atraves-da-arte-parte-viii","status":"publish","type":"post","link":"https:\/\/saojosedoipiranga.com.br\/new\/2022\/10\/21\/a-catequese-atraves-da-arte-parte-viii\/","title":{"rendered":"A catequese atrav\u00e9s da arte &#8211; Parte VIII"},"content":{"rendered":"\n<p>Esta \u00e9 a \u00faltima pintura lateral da Nave da nossa Par\u00f3quia. Veja:<\/p>\n\n\n\n<p class=\"has-text-align-center\" style=\"font-size:25px\"><em><strong>O Matrim\u00f4nio<\/strong><\/em><\/p>\n\n\n\n<p>Pintura que tem como centro dois pombos sobre uma almofada, aninhados entre rosas e sobrepostos por alian\u00e7as entrela\u00e7adas, tudo entre uma nuvem e a luz que ambos admiram.<\/p>\n\n\n\n<p>Conclu\u00edmos esta leitura com um est\u00edmulo \u00e0 fam\u00edlia, dom sagrado atribu\u00eddo por Deus desde o in\u00edcio e representado pelo Matrim\u00f4nio: os pombos, que s\u00e3o o casal, evidenciados pelas alian\u00e7as que carregam, precisam se portar com sabedoria por entre as rosas. Estas, ao mesmo tempo em que demonstram sua beleza e perfume, tamb\u00e9m exp\u00f5em seus espinhos, exatamente como na rela\u00e7\u00e3o conturbada do Senhor Deus com seu povo, contudo, esta uni\u00e3o \u00e9 t\u00e3o querida que \u00e9 feita Sacramento e posto nas nuvens \u00e0 vista de Deus.<\/p>\n\n    <div class=\"xs_social_share_widget xs_share_url after_content \t\tmain_content  wslu-style-1 wslu-share-box-shaped wslu-fill-colored wslu-none wslu-share-horizontal wslu-theme-font-no wslu-main_content\">\n\n\t\t\n        <ul>\n\t\t\t        <\/ul>\n    <\/div> \n","protected":false},"excerpt":{"rendered":"<p>Esta \u00e9 a \u00faltima pintura lateral da Nave da nossa Par\u00f3quia. Veja: O Matrim\u00f4nio Pintura que tem como centro dois pombos sobre uma almofada, aninhados entre rosas e sobrepostos por&hellip; <br \/> <a class=\"read-more\" href=\"https:\/\/saojosedoipiranga.com.br\/new\/2022\/10\/21\/a-catequese-atraves-da-arte-parte-viii\/\">Leia mais<\/a><\/p>\n","protected":false},"author":3,"featured_media":5268,"comment_status":"closed","ping_status":"closed","sticky":false,"template":"","format":"standard","meta":{"_vp_format_video_url":"","_vp_image_focal_point":[],"footnotes":""},"categories":[3,5,9],"tags":[556,61,536,450,557,449,199,451,565,531],"class_list":["post-5264","post","type-post","status-publish","format-standard","has-post-thumbnail","hentry","category-blog","category-diversos","category-formacao","tag-arte-sacra","tag-casamento","tag-estudo-pintura-sacra","tag-icone-catolico","tag-icones-na-igreja","tag-iconografia","tag-matrimonio","tag-pintura-sacra","tag-sacramento-do-matrimonio","tag-teologia"],"_links":{"self":[{"href":"https:\/\/saojosedoipiranga.com.br\/new\/wp-json\/wp\/v2\/posts\/5264","targetHints":{"allow":["GET"]}}],"collection":[{"href":"https:\/\/saojosedoipiranga.com.br\/new\/wp-json\/wp\/v2\/posts"}],"about":[{"href":"https:\/\/saojosedoipiranga.com.br\/new\/wp-json\/wp\/v2\/types\/post"}],"author":[{"embeddable":true,"href":"https:\/\/saojosedoipiranga.com.br\/new\/wp-json\/wp\/v2\/users\/3"}],"replies":[{"embeddable":true,"href":"https:\/\/saojosedoipiranga.com.br\/new\/wp-json\/wp\/v2\/comments?post=5264"}],"version-history":[{"count":3,"href":"https:\/\/saojosedoipiranga.com.br\/new\/wp-json\/wp\/v2\/posts\/5264\/revisions"}],"predecessor-version":[{"id":5278,"href":"https:\/\/saojosedoipiranga.com.br\/new\/wp-json\/wp\/v2\/posts\/5264\/revisions\/5278"}],"wp:featuredmedia":[{"embeddable":true,"href":"https:\/\/saojosedoipiranga.com.br\/new\/wp-json\/wp\/v2\/media\/5268"}],"wp:attachment":[{"href":"https:\/\/saojosedoipiranga.com.br\/new\/wp-json\/wp\/v2\/media?parent=5264"}],"wp:term":[{"taxonomy":"category","embeddable":true,"href":"https:\/\/saojosedoipiranga.com.br\/new\/wp-json\/wp\/v2\/categories?post=5264"},{"taxonomy":"post_tag","embeddable":true,"href":"https:\/\/saojosedoipiranga.com.br\/new\/wp-json\/wp\/v2\/tags?post=5264"}],"curies":[{"name":"wp","href":"https:\/\/api.w.org\/{rel}","templated":true}]}}