{"id":5173,"date":"2022-09-28T08:49:59","date_gmt":"2022-09-28T11:49:59","guid":{"rendered":"https:\/\/saojosedoipiranga.com.br\/new\/?p=5173"},"modified":"2022-09-28T08:51:54","modified_gmt":"2022-09-28T11:51:54","slug":"cores-liturgicas","status":"publish","type":"post","link":"https:\/\/saojosedoipiranga.com.br\/new\/2022\/09\/28\/cores-liturgicas\/","title":{"rendered":"Cores Lit\u00fargicas"},"content":{"rendered":"\n<p>Queridos irm\u00e3os e irm\u00e3s, muitas vezes a pessoas nos perguntam o porqu\u00ea de em certos momentos o padre estar com os paramentos na cor verde, vermelho, branco ou roxo.<\/p>\n\n\n\n<p><strong>\u00c9 o padre quem escolhe a cor que vai usar?<\/strong><\/p>\n\n\n\n<p>Vamos l\u00e1 ent\u00e3o!<\/p>\n\n\n\n<p><strong>N\u00e3o<\/strong>, n\u00e3o \u00e9 o padre quem escolhe a cor que vai usar.<\/p>\n\n\n\n<p>N\u00f3s seguimos na Igreja um calend\u00e1rio que difere do calend\u00e1rio civil. Chamamos de Calend\u00e1rio Lit\u00fargico.<\/p>\n\n\n\n<p>Esse Calend\u00e1rio Lit\u00fargico \u00e9 quem determina as cores de todas as celebra\u00e7\u00f5es durante o ano. As diferentes cores lit\u00fargicas visam manifestar externamente o car\u00e1ter dos mist\u00e9rios celebrados, e tamb\u00e9m a consci\u00eancia de uma vida crist\u00e3 que progride com o desenrolar do Ano Lit\u00fargico.<\/p>\n\n\n\n<p>Falaremos em breve mais detalhadamente sobre o Calend\u00e1rio Lit\u00fargico. Hoje vamos nos ater \u00e0s cores lit\u00fargicas mais propriamente.<\/p>\n\n\n\n<hr class=\"wp-block-separator\"\/>\n\n\n\n<pre class=\"wp-block-verse\" style=\"font-size:25px\"><strong><mark style=\"background-color:rgba(0, 0, 0, 0);color:#727272\" class=\"has-inline-color\">Branco<\/mark><\/strong><\/pre>\n\n\n\n<div class=\"wp-block-media-text alignwide is-stacked-on-mobile\"><figure class=\"wp-block-media-text__media\"><img fetchpriority=\"high\" decoding=\"async\" width=\"768\" height=\"1024\" src=\"https:\/\/saojosedoipiranga.com.br\/new\/wp-content\/uploads\/2022\/09\/IMG_20220922_145103-768x1024.jpg\" alt=\"\" class=\"wp-image-5200 size-full\" srcset=\"https:\/\/saojosedoipiranga.com.br\/new\/wp-content\/uploads\/2022\/09\/IMG_20220922_145103-768x1023.jpg 768w, https:\/\/saojosedoipiranga.com.br\/new\/wp-content\/uploads\/2022\/09\/IMG_20220922_145103-225x300.jpg 225w, https:\/\/saojosedoipiranga.com.br\/new\/wp-content\/uploads\/2022\/09\/IMG_20220922_145103-500x666.jpg 500w, https:\/\/saojosedoipiranga.com.br\/new\/wp-content\/uploads\/2022\/09\/IMG_20220922_145103-800x1066.jpg 800w, https:\/\/saojosedoipiranga.com.br\/new\/wp-content\/uploads\/2022\/09\/IMG_20220922_145103-810x1080.jpg 810w, https:\/\/saojosedoipiranga.com.br\/new\/wp-content\/uploads\/2022\/09\/IMG_20220922_145103.jpg 851w\" sizes=\"(max-width: 768px) 100vw, 768px\" \/><\/figure><div class=\"wp-block-media-text__content\">\n<p class=\"has-medium-font-size\">Representa a alegria, a pureza, a vit\u00f3ria. Em sua apari\u00e7\u00e3o aos ap\u00f3stolos ap\u00f3s a ressurrei\u00e7\u00e3o, Cristo estava de branco. Usa-se o branco na Solenidade do Natal, Tempo do Natal, Quinta-feira Santa, Vig\u00edlia Pascal do S\u00e1bado Santo, Festas de Nossa Senhora, Solenidades e Festas do Senhor, celebra\u00e7\u00f5es de Santos e Tempo Pascal.<\/p>\n<\/div><\/div>\n\n\n\n<hr class=\"wp-block-separator\"\/>\n\n\n\n<p style=\"font-size:25px\"><strong><mark style=\"background-color:rgba(0, 0, 0, 0);color:#006e46\" class=\"has-inline-color\">Verde<\/mark><\/strong><\/p>\n\n\n\n<div class=\"wp-block-media-text alignwide is-stacked-on-mobile\"><figure class=\"wp-block-media-text__media\"><img decoding=\"async\" width=\"769\" height=\"1024\" src=\"https:\/\/saojosedoipiranga.com.br\/new\/wp-content\/uploads\/2022\/09\/IMG_20220921_143004-769x1024.jpg\" alt=\"\" class=\"wp-image-5201 size-full\" srcset=\"https:\/\/saojosedoipiranga.com.br\/new\/wp-content\/uploads\/2022\/09\/IMG_20220921_143004-769x1024.jpg 769w, https:\/\/saojosedoipiranga.com.br\/new\/wp-content\/uploads\/2022\/09\/IMG_20220921_143004-225x300.jpg 225w, https:\/\/saojosedoipiranga.com.br\/new\/wp-content\/uploads\/2022\/09\/IMG_20220921_143004-768x1022.jpg 768w, https:\/\/saojosedoipiranga.com.br\/new\/wp-content\/uploads\/2022\/09\/IMG_20220921_143004-500x665.jpg 500w, https:\/\/saojosedoipiranga.com.br\/new\/wp-content\/uploads\/2022\/09\/IMG_20220921_143004-800x1065.jpg 800w, https:\/\/saojosedoipiranga.com.br\/new\/wp-content\/uploads\/2022\/09\/IMG_20220921_143004-811x1080.jpg 811w, https:\/\/saojosedoipiranga.com.br\/new\/wp-content\/uploads\/2022\/09\/IMG_20220921_143004.jpg 852w\" sizes=\"(max-width: 769px) 100vw, 769px\" \/><\/figure><div class=\"wp-block-media-text__content\">\n<p class=\"has-medium-font-size\">Representa a esperan\u00e7a, o amadurecimento da nossa f\u00e9 em Cristo Jesus. Usa-se o verde durante todo o Tempo comum, exceto quando o domingo d\u00e1 lugar \u00e0s Festas ou Solenidades, momentos nos quais a cor lit\u00fargica \u00e9 usada de acordo com o fato ou acontecimento celebrado como, por exemplo, na Solenidade da Sant\u00edssima Trindade estamos no Tempo Comum, mas usa-se o BRANCO.<\/p>\n<\/div><\/div>\n\n\n\n<hr class=\"wp-block-separator\"\/>\n\n\n\n<p style=\"font-size:25px\"><strong><mark style=\"background-color:rgba(0, 0, 0, 0);color:#5600a5\" class=\"has-inline-color\">Roxo<\/mark><\/strong><\/p>\n\n\n\n<div class=\"wp-block-media-text alignwide is-stacked-on-mobile\"><figure class=\"wp-block-media-text__media\"><img decoding=\"async\" width=\"768\" height=\"1024\" src=\"https:\/\/saojosedoipiranga.com.br\/new\/wp-content\/uploads\/2022\/09\/IMG_20220922_150837-768x1024.jpg\" alt=\"\" class=\"wp-image-5203 size-full\" srcset=\"https:\/\/saojosedoipiranga.com.br\/new\/wp-content\/uploads\/2022\/09\/IMG_20220922_150837-768x1023.jpg 768w, https:\/\/saojosedoipiranga.com.br\/new\/wp-content\/uploads\/2022\/09\/IMG_20220922_150837-225x300.jpg 225w, https:\/\/saojosedoipiranga.com.br\/new\/wp-content\/uploads\/2022\/09\/IMG_20220922_150837-500x666.jpg 500w, https:\/\/saojosedoipiranga.com.br\/new\/wp-content\/uploads\/2022\/09\/IMG_20220922_150837-800x1066.jpg 800w, https:\/\/saojosedoipiranga.com.br\/new\/wp-content\/uploads\/2022\/09\/IMG_20220922_150837-810x1080.jpg 810w, https:\/\/saojosedoipiranga.com.br\/new\/wp-content\/uploads\/2022\/09\/IMG_20220922_150837.jpg 851w\" sizes=\"(max-width: 768px) 100vw, 768px\" \/><\/figure><div class=\"wp-block-media-text__content\">\n<p class=\"has-medium-font-size\">Representa a penit\u00eancia, arrependimento, humildade, serenidade, recolhimento. Usa-se a cor roxa no Tempo do Advento, no Tempo da Quaresma, na Semana Santa (at\u00e9 Quinta-feira Santa pela manh\u00e3), na Celebra\u00e7\u00e3o de Finados e, tamb\u00e9m no Rito de Ex\u00e9quias.<\/p>\n<\/div><\/div>\n\n\n\n<hr class=\"wp-block-separator\"\/>\n\n\n\n<p style=\"font-size:25px\"><strong><mark style=\"background-color:rgba(0, 0, 0, 0);color:#c20707\" class=\"has-inline-color\">Vermelho<\/mark><\/strong><\/p>\n\n\n\n<div class=\"wp-block-media-text alignwide is-stacked-on-mobile\"><figure class=\"wp-block-media-text__media\"><img loading=\"lazy\" decoding=\"async\" width=\"769\" height=\"1024\" src=\"https:\/\/saojosedoipiranga.com.br\/new\/wp-content\/uploads\/2022\/09\/1663162155097-1-769x1024.jpg\" alt=\"\" class=\"wp-image-5175 size-full\" srcset=\"https:\/\/saojosedoipiranga.com.br\/new\/wp-content\/uploads\/2022\/09\/1663162155097-1-769x1024.jpg 769w, https:\/\/saojosedoipiranga.com.br\/new\/wp-content\/uploads\/2022\/09\/1663162155097-1-225x300.jpg 225w, https:\/\/saojosedoipiranga.com.br\/new\/wp-content\/uploads\/2022\/09\/1663162155097-1-768x1023.jpg 768w, https:\/\/saojosedoipiranga.com.br\/new\/wp-content\/uploads\/2022\/09\/1663162155097-1-1153x1536.jpg 1153w, https:\/\/saojosedoipiranga.com.br\/new\/wp-content\/uploads\/2022\/09\/1663162155097-1-1538x2048.jpg 1538w, https:\/\/saojosedoipiranga.com.br\/new\/wp-content\/uploads\/2022\/09\/1663162155097-1-500x666.jpg 500w, https:\/\/saojosedoipiranga.com.br\/new\/wp-content\/uploads\/2022\/09\/1663162155097-1-800x1065.jpg 800w, https:\/\/saojosedoipiranga.com.br\/new\/wp-content\/uploads\/2022\/09\/1663162155097-1-1280x1705.jpg 1280w, https:\/\/saojosedoipiranga.com.br\/new\/wp-content\/uploads\/2022\/09\/1663162155097-1-1920x2557.jpg 1920w, https:\/\/saojosedoipiranga.com.br\/new\/wp-content\/uploads\/2022\/09\/1663162155097-1-1024x1364.jpg 1024w, https:\/\/saojosedoipiranga.com.br\/new\/wp-content\/uploads\/2022\/09\/1663162155097-1-811x1080.jpg 811w, https:\/\/saojosedoipiranga.com.br\/new\/wp-content\/uploads\/2022\/09\/1663162155097-1-scaled.jpg 1922w\" sizes=\"(max-width: 769px) 100vw, 769px\" \/><\/figure><div class=\"wp-block-media-text__content\">\n<p class=\"has-medium-font-size\">Representa o mart\u00edrio, o fogo do Esp\u00edrito Santo. Usa-se o Vermelho no Domingo de Ramos e da Paix\u00e3o do Senhor, Sexta-feira da Paix\u00e3o, Domingo de Pentecostes e celebra\u00e7\u00e3o dos santos m\u00e1rtires, ap\u00f3stolos e dos evangelistas.<\/p>\n<\/div><\/div>\n\n\n\n<hr class=\"wp-block-separator\"\/>\n\n\n\n<p style=\"font-size:25px\"><strong><mark style=\"background-color:rgba(0, 0, 0, 0);color:#f8688c\" class=\"has-inline-color\">Rosa ou R\u00f3seo<\/mark><\/strong><\/p>\n\n\n\n<div class=\"wp-block-media-text alignwide is-stacked-on-mobile\"><figure class=\"wp-block-media-text__media\"><img loading=\"lazy\" decoding=\"async\" width=\"769\" height=\"1024\" src=\"https:\/\/saojosedoipiranga.com.br\/new\/wp-content\/uploads\/2022\/09\/IMG_20220922_145722-769x1024.jpg\" alt=\"\" class=\"wp-image-5204 size-full\" srcset=\"https:\/\/saojosedoipiranga.com.br\/new\/wp-content\/uploads\/2022\/09\/IMG_20220922_145722-769x1024.jpg 769w, https:\/\/saojosedoipiranga.com.br\/new\/wp-content\/uploads\/2022\/09\/IMG_20220922_145722-225x300.jpg 225w, https:\/\/saojosedoipiranga.com.br\/new\/wp-content\/uploads\/2022\/09\/IMG_20220922_145722-768x1022.jpg 768w, https:\/\/saojosedoipiranga.com.br\/new\/wp-content\/uploads\/2022\/09\/IMG_20220922_145722-500x665.jpg 500w, https:\/\/saojosedoipiranga.com.br\/new\/wp-content\/uploads\/2022\/09\/IMG_20220922_145722-800x1065.jpg 800w, https:\/\/saojosedoipiranga.com.br\/new\/wp-content\/uploads\/2022\/09\/IMG_20220922_145722-811x1080.jpg 811w, https:\/\/saojosedoipiranga.com.br\/new\/wp-content\/uploads\/2022\/09\/IMG_20220922_145722.jpg 852w\" sizes=\"(max-width: 769px) 100vw, 769px\" \/><\/figure><div class=\"wp-block-media-text__content\">\n<p class=\"has-medium-font-size\">Representa a grande alegria que est\u00e1 perto de acontecer. Essa cor \u00e9 opcional. Usa-se o Rosa ou R\u00f3seo no 4\u00ba Domingo da Quaresma tamb\u00e9m chamado de \u201cLaetare\u201d e no 3\u00ba Domingo do Tempo do Advento tamb\u00e9m chamado de \u201cGaudete\u201d.<\/p>\n<\/div><\/div>\n\n\n\n<hr class=\"wp-block-separator\"\/>\n\n\n\n<p><strong><u><mark style=\"background-color:rgba(0, 0, 0, 0);color:#0066af\" class=\"has-inline-color\">IMPORTANTE:<\/mark><\/u><\/strong><mark style=\"background-color:rgba(0, 0, 0, 0)\" class=\"has-inline-color has-vivid-cyan-blue-color\"> <\/mark>Se uma Festa ou Solenidade ocorrer no domingo, substituindo a celebra\u00e7\u00e3o do tempo lit\u00fargico, usa-se ent\u00e3o a cor lit\u00fargica da Festa ou Solenidade.<\/p>\n\n\n\n<p><\/p>\n\n\n\n<p class=\"has-text-align-right\">Texto de Marcos Mendes<\/p>\n\n\n\n<p class=\"has-text-align-right\" style=\"font-size:15px\">Catequista, membro da equipe de liturgia<br>da Par\u00f3quia S\u00e3o Jos\u00e9, coordenador dos Ac\u00f3litos e Coroinhas.<\/p>\n\n    <div class=\"xs_social_share_widget xs_share_url after_content \t\tmain_content  wslu-style-1 wslu-share-box-shaped wslu-fill-colored wslu-none wslu-share-horizontal wslu-theme-font-no wslu-main_content\">\n\n\t\t\n        <ul>\n\t\t\t        <\/ul>\n    <\/div> \n","protected":false},"excerpt":{"rendered":"<p>Queridos irm\u00e3os e irm\u00e3s, muitas vezes a pessoas nos perguntam o porqu\u00ea de em certos momentos o padre estar com os paramentos na cor verde, vermelho, branco ou roxo. \u00c9&hellip; <br \/> <a class=\"read-more\" href=\"https:\/\/saojosedoipiranga.com.br\/new\/2022\/09\/28\/cores-liturgicas\/\">Leia mais<\/a><\/p>\n","protected":false},"author":3,"featured_media":5234,"comment_status":"closed","ping_status":"closed","sticky":false,"template":"","format":"standard","meta":{"_vp_format_video_url":"","_vp_image_focal_point":[],"footnotes":""},"categories":[3,5,9],"tags":[552,551,190,553],"class_list":["post-5173","post","type-post","status-publish","format-standard","has-post-thumbnail","hentry","category-blog","category-diversos","category-formacao","tag-calendario-liturgico","tag-cores-liturgicas","tag-liturgia","tag-significado-das-cores-na-liturgia"],"_links":{"self":[{"href":"https:\/\/saojosedoipiranga.com.br\/new\/wp-json\/wp\/v2\/posts\/5173","targetHints":{"allow":["GET"]}}],"collection":[{"href":"https:\/\/saojosedoipiranga.com.br\/new\/wp-json\/wp\/v2\/posts"}],"about":[{"href":"https:\/\/saojosedoipiranga.com.br\/new\/wp-json\/wp\/v2\/types\/post"}],"author":[{"embeddable":true,"href":"https:\/\/saojosedoipiranga.com.br\/new\/wp-json\/wp\/v2\/users\/3"}],"replies":[{"embeddable":true,"href":"https:\/\/saojosedoipiranga.com.br\/new\/wp-json\/wp\/v2\/comments?post=5173"}],"version-history":[{"count":6,"href":"https:\/\/saojosedoipiranga.com.br\/new\/wp-json\/wp\/v2\/posts\/5173\/revisions"}],"predecessor-version":[{"id":5236,"href":"https:\/\/saojosedoipiranga.com.br\/new\/wp-json\/wp\/v2\/posts\/5173\/revisions\/5236"}],"wp:featuredmedia":[{"embeddable":true,"href":"https:\/\/saojosedoipiranga.com.br\/new\/wp-json\/wp\/v2\/media\/5234"}],"wp:attachment":[{"href":"https:\/\/saojosedoipiranga.com.br\/new\/wp-json\/wp\/v2\/media?parent=5173"}],"wp:term":[{"taxonomy":"category","embeddable":true,"href":"https:\/\/saojosedoipiranga.com.br\/new\/wp-json\/wp\/v2\/categories?post=5173"},{"taxonomy":"post_tag","embeddable":true,"href":"https:\/\/saojosedoipiranga.com.br\/new\/wp-json\/wp\/v2\/tags?post=5173"}],"curies":[{"name":"wp","href":"https:\/\/api.w.org\/{rel}","templated":true}]}}