{"id":5171,"date":"2022-11-01T08:32:00","date_gmt":"2022-11-01T11:32:00","guid":{"rendered":"https:\/\/saojosedoipiranga.com.br\/new\/?p=5171"},"modified":"2022-10-28T09:22:37","modified_gmt":"2022-10-28T12:22:37","slug":"dia-de-todos-os-santos","status":"publish","type":"post","link":"https:\/\/saojosedoipiranga.com.br\/new\/2022\/11\/01\/dia-de-todos-os-santos\/","title":{"rendered":"Dia de todos os Santos"},"content":{"rendered":"\n<p style=\"font-size:25px\"><strong>1\u00b0 de Novembro<\/strong> &#8211; Dia de Todos os Santos<\/p>\n\n\n\n<p>A festa de Todos os Santos \u00e9 uma das mais formosas e alegres. \u00c9 triunfo, \u00e9 esperan\u00e7a, \u00e9 luz, C\u00e9u azul ornamentado com brilhantes estrelas na noite escura do mundo.<\/p>\n\n\n\n<p>\u00c9 o nosso viver agitado e ligeiro, como a corrente das \u00e1guas, que vil e diminuto parece, contemplando na extens\u00e3o infinita da eternidade, dessa ab\u00f3bada celeste onde estamos chamados a brilhar como l\u00e2mpadas sempre vivas, no Templo eterno de Deus!<\/p>\n\n\n\n<p>A Igreja quer que hoje contemplemos o c\u00e9u vivo de todos os predestinados, de todos os que morreram &lt;em Cristo Jesus&gt;, com este nome bendito nos l\u00e1bios e a f\u00e9 no cora\u00e7\u00e3o. Todos: Os her\u00f3is da virtude que brilham como estrelas de primeira grandeza, e os pecadores arrependidos, que por fim entraram no hemisf\u00e9rio da luz e da verdade.<\/p>\n\n\n\n<p>Nos primeiros s\u00e9culos crist\u00e3os, o culto dos Santos reduzia-se unicamente aos M\u00e1rtires. Estes eram os grandes her\u00f3is que atra\u00edam todo o entusiasmo e simpatia dos fi\u00e9is nos opacos subterr\u00e2neos das catacumbas e nas r\u00e9gias naves das primeiras Bas\u00edlicas. Em Antioquia havia um domingo dedicado a todos os M\u00e1rtires em comum. No Ocidente come\u00e7ou tamb\u00e9m a celebrar-se a festa de todos os m\u00e1rtires, de todos os ap\u00f3stolos e de todos os Anjos. Em princ\u00edpios do s\u00e9culo VII, em Roma, purificou Bonif\u00e1cio IV o Pante\u00e3o do Campo de Marte, o anivers\u00e1rio de tal dedica\u00e7\u00e3o que constituiu a primeira festa dos Santos em geral. No s\u00e9culo VIII, Greg\u00f3rio III erigiu na Bas\u00edlica de S. Pedro uma Capela ao Divino Salvador, \u00e0 sua M\u00e3e Sant\u00edssima, aos Ap\u00f3stolos e a todos os M\u00e1rtires e Confessores. O objeto da festa dos Santos ia se ampliando cada vez mais. Comp\u00f4s-se um of\u00edcio pr\u00f3prio e por 737 inseriu-se no C\u00e2none da Missa uma comemora\u00e7\u00e3o de <em>Todos os Santos<\/em>. O Papa Greg\u00f3rio IV, no s\u00e9culo IX fixou a festa deles definitivamente, no 1\u00b0 de Novembro. Por fim, Sisto IV elevou-a at\u00e9 ser uma das maiores solenidades, com oitava, Solenidade ainda \u00e9 agora.<\/p>\n\n\n\n<p class=\"has-text-align-right\"><em><mark style=\"background-color:rgba(0, 0, 0, 0)\" class=\"has-inline-color has-black-color\">Fonte: livro antigo e desconhecido<\/mark><\/em><\/p>\n\n\n\n<div class=\"wp-block-media-text alignwide is-stacked-on-mobile\"><figure class=\"wp-block-media-text__media\"><img fetchpriority=\"high\" decoding=\"async\" width=\"1024\" height=\"682\" src=\"https:\/\/saojosedoipiranga.com.br\/new\/wp-content\/uploads\/2022\/10\/dia-de-todos-os-santos-1024x682.webp\" alt=\"\" class=\"wp-image-5390 size-full\" srcset=\"https:\/\/saojosedoipiranga.com.br\/new\/wp-content\/uploads\/2022\/10\/dia-de-todos-os-santos-1024x682.webp 1024w, https:\/\/saojosedoipiranga.com.br\/new\/wp-content\/uploads\/2022\/10\/dia-de-todos-os-santos-300x200.webp 300w, https:\/\/saojosedoipiranga.com.br\/new\/wp-content\/uploads\/2022\/10\/dia-de-todos-os-santos-768x512.webp 768w, https:\/\/saojosedoipiranga.com.br\/new\/wp-content\/uploads\/2022\/10\/dia-de-todos-os-santos-500x333.webp 500w, https:\/\/saojosedoipiranga.com.br\/new\/wp-content\/uploads\/2022\/10\/dia-de-todos-os-santos-800x533.webp 800w, https:\/\/saojosedoipiranga.com.br\/new\/wp-content\/uploads\/2022\/10\/dia-de-todos-os-santos-1280x853.webp 1280w, https:\/\/saojosedoipiranga.com.br\/new\/wp-content\/uploads\/2022\/10\/dia-de-todos-os-santos.webp 1400w\" sizes=\"(max-width: 1024px) 100vw, 1024px\" \/><\/figure><div class=\"wp-block-media-text__content\">\n<p class=\"has-large-font-size\"><strong>Qual a import\u00e2ncia dos Santos na Igreja Cat\u00f3lica?<\/strong><\/p>\n<\/div><\/div>\n\n\n\n<p>Ao longo da hist\u00f3ria da Igreja encontramos fi\u00e9is que se destacaram por atingir elevado grau de santidade. S\u00e3o ele que povoam nossos altares e muitos podem se perguntar o que eles fizeram de extraordin\u00e1rio para serem venerados por n\u00f3s (n\u00e3o confundir com adora\u00e7\u00e3o).<\/p>\n\n\n\n<p>Deus nos convida a sermos santos, por\u00e9m, diante das dificuldades que esse desafio traz, muitos abandonam o caminho da santidade que deveriam seguir.<\/p>\n\n\n\n<p>O sofrimento \u00e9 uma realidade inerente \u00e0 condi\u00e7\u00e3o humana e Jesus n\u00e3o veio eliminar a dor e o sofrimento, veio nos ensinar a fazer deles um meio de salva\u00e7\u00e3o. Ningu\u00e9m deve buscar deliberadamente o sofrimento, mas quando ele chegar \u00e0 nossa vida devemos enfrent\u00e1-lo confiando na miseric\u00f3rdia divina.<\/p>\n\n\n\n<p>Quando a Igreja declara oficialmente a santidade de algu\u00e9m e incentiva sua venera\u00e7\u00e3o nos altares, quer nos fazer refletir sobre as virtudes excepcionais que aquelas pessoas cultivaram enquanto viveram na terra, e nos diz que podemos pedir sua ajuda e consolo em nossas necessidades e dificuldades.<\/p>\n\n\n\n<p>O n\u00famero de canonizados pela Igreja \u00e9 muito grande, por\u00e9m, o n\u00famero de santos que se encontram diante de Deus \u00e9 muito maior. S\u00e3o aqueles que, por amor a Cristo, fizeram de sua vida um caminho oculto e perfeito de sacrif\u00edcio, de obedi\u00eancia e de caridade, como Deus pede que seja feito: &#8220;e o teu Pai que v\u00ea no segredo, te recompensar\u00e1&#8221; (Mt 6).<\/p>\n\n\n\n<p>Pelas suas virtudes, os santos engrandeceram a Igreja. Uns por defender a f\u00e9, outros por pregar a palavra de Deus, por aceitar e suportar os sofrimento por amor a Deus dentro ou fora dos mosteiros, ou por se recusar a negar publicamente sua f\u00e9, se tornando m\u00e1rtires por fidelidade a Deus. A hist\u00f3ria dos m\u00e1rtires nos obriga a refletir sobre a barb\u00e1rie humana que parece n\u00e3o ter fim. Hoje, a persegui\u00e7\u00e3o aos crist\u00e3os acontece tanto de forma violenta em guerras e atentados, quanto por meio da ridiculariza\u00e7\u00e3o da f\u00e9 e dos princ\u00edpios crist\u00e3os, ou ainda quando crian\u00e7as s\u00e3o doutrinada a apagar de seus cora\u00e7\u00f5es os valores transmitidos pelos pais.<\/p>\n\n\n\n<p>Desde o in\u00edcio, a Igreja foi perseguida nas pessoas de seus fi\u00e9is. O primeiro m\u00e1rtir foi Santo Estev\u00e3o, que foi apedrejado; outros foram lan\u00e7ados \u00e0s feras, como In\u00e1cio de Antioquia; ou queimados vivos, como S\u00e3o Louren\u00e7o; decapitados, como Paulo; e crucificados, como Pedro. E nos perguntamos: como puderam suportar esses sofrimentos desumanos?<\/p>\n\n\n\n<p>Na hist\u00f3ria milenar da Igreja, cada um dos santos deixou um exemplo de hero\u00edsmo e for\u00e7a vinda de Deus. Sabemos disse pelas palavras de Paulo na Carta aos Cor\u00edntios: &#8220;Ele me disse: Basta-te a minha gra\u00e7a, porque \u00e9 na fraqueza que a minha for\u00e7a manifesta todo seu poder&#8221; (2 Cor 12,9).<\/p>\n\n\n\n<p>Por esses testemunhos, cada vez que olhamos suas imagens nos altares e lembramos de seus agradecimentos, devemos agradecer a Deus que a Igreja tenha nos permitido conhecer suas hist\u00f3rias de vida, que nos encorajam a dar o verdadeiro sentido \u00e0s nossas.<\/p>\n\n\n\n<p class=\"has-text-align-right\"><em>Por Eliana G\u00e1lvan &#8211; para revista S\u00e3o Jos\u00e9 &#8211; ano 2019<\/em><\/p>\n\n\n\n<figure class=\"wp-block-image size-large\"><img decoding=\"async\" width=\"1024\" height=\"490\" src=\"https:\/\/saojosedoipiranga.com.br\/new\/wp-content\/uploads\/2022\/10\/dia-de-todos-os-santos-site1-1024x490.png\" alt=\"\" class=\"wp-image-5406\" srcset=\"https:\/\/saojosedoipiranga.com.br\/new\/wp-content\/uploads\/2022\/10\/dia-de-todos-os-santos-site1-1024x490.png 1024w, https:\/\/saojosedoipiranga.com.br\/new\/wp-content\/uploads\/2022\/10\/dia-de-todos-os-santos-site1-300x144.png 300w, https:\/\/saojosedoipiranga.com.br\/new\/wp-content\/uploads\/2022\/10\/dia-de-todos-os-santos-site1-768x368.png 768w, https:\/\/saojosedoipiranga.com.br\/new\/wp-content\/uploads\/2022\/10\/dia-de-todos-os-santos-site1-1536x736.png 1536w, https:\/\/saojosedoipiranga.com.br\/new\/wp-content\/uploads\/2022\/10\/dia-de-todos-os-santos-site1-2048x981.png 2048w, https:\/\/saojosedoipiranga.com.br\/new\/wp-content\/uploads\/2022\/10\/dia-de-todos-os-santos-site1-500x239.png 500w, https:\/\/saojosedoipiranga.com.br\/new\/wp-content\/uploads\/2022\/10\/dia-de-todos-os-santos-site1-800x383.png 800w, https:\/\/saojosedoipiranga.com.br\/new\/wp-content\/uploads\/2022\/10\/dia-de-todos-os-santos-site1-1280x613.png 1280w, https:\/\/saojosedoipiranga.com.br\/new\/wp-content\/uploads\/2022\/10\/dia-de-todos-os-santos-site1-1920x919.png 1920w\" sizes=\"(max-width: 1024px) 100vw, 1024px\" \/><\/figure>\n\n\n\n<p>A Missa ser\u00e1 dia 6 de novembro | domingo | 20h.<\/p>\n\n    <div class=\"xs_social_share_widget xs_share_url after_content \t\tmain_content  wslu-style-1 wslu-share-box-shaped wslu-fill-colored wslu-none wslu-share-horizontal wslu-theme-font-no wslu-main_content\">\n\n\t\t\n        <ul>\n\t\t\t        <\/ul>\n    <\/div> \n","protected":false},"excerpt":{"rendered":"<p>1\u00b0 de Novembro &#8211; Dia de Todos os Santos A festa de Todos os Santos \u00e9 uma das mais formosas e alegres. \u00c9 triunfo, \u00e9 esperan\u00e7a, \u00e9 luz, C\u00e9u azul&hellip; <br \/> <a class=\"read-more\" href=\"https:\/\/saojosedoipiranga.com.br\/new\/2022\/11\/01\/dia-de-todos-os-santos\/\">Leia mais<\/a><\/p>\n","protected":false},"author":3,"featured_media":5385,"comment_status":"closed","ping_status":"closed","sticky":false,"template":"","format":"standard","meta":{"_vp_format_video_url":"","_vp_image_focal_point":[],"footnotes":""},"categories":[3,9,10,1],"tags":[111,270,351,569],"class_list":["post-5171","post","type-post","status-publish","format-standard","has-post-thumbnail","hentry","category-blog","category-formacao","category-noticias","category-sem-categoria","tag-dia-de-todos-os-santos","tag-paroquia-sao-jose-do-ipiranga","tag-santos","tag-santos-catolicos"],"_links":{"self":[{"href":"https:\/\/saojosedoipiranga.com.br\/new\/wp-json\/wp\/v2\/posts\/5171","targetHints":{"allow":["GET"]}}],"collection":[{"href":"https:\/\/saojosedoipiranga.com.br\/new\/wp-json\/wp\/v2\/posts"}],"about":[{"href":"https:\/\/saojosedoipiranga.com.br\/new\/wp-json\/wp\/v2\/types\/post"}],"author":[{"embeddable":true,"href":"https:\/\/saojosedoipiranga.com.br\/new\/wp-json\/wp\/v2\/users\/3"}],"replies":[{"embeddable":true,"href":"https:\/\/saojosedoipiranga.com.br\/new\/wp-json\/wp\/v2\/comments?post=5171"}],"version-history":[{"count":19,"href":"https:\/\/saojosedoipiranga.com.br\/new\/wp-json\/wp\/v2\/posts\/5171\/revisions"}],"predecessor-version":[{"id":5429,"href":"https:\/\/saojosedoipiranga.com.br\/new\/wp-json\/wp\/v2\/posts\/5171\/revisions\/5429"}],"wp:featuredmedia":[{"embeddable":true,"href":"https:\/\/saojosedoipiranga.com.br\/new\/wp-json\/wp\/v2\/media\/5385"}],"wp:attachment":[{"href":"https:\/\/saojosedoipiranga.com.br\/new\/wp-json\/wp\/v2\/media?parent=5171"}],"wp:term":[{"taxonomy":"category","embeddable":true,"href":"https:\/\/saojosedoipiranga.com.br\/new\/wp-json\/wp\/v2\/categories?post=5171"},{"taxonomy":"post_tag","embeddable":true,"href":"https:\/\/saojosedoipiranga.com.br\/new\/wp-json\/wp\/v2\/tags?post=5171"}],"curies":[{"name":"wp","href":"https:\/\/api.w.org\/{rel}","templated":true}]}}