{"id":4922,"date":"2022-04-30T08:39:00","date_gmt":"2022-04-30T11:39:00","guid":{"rendered":"https:\/\/saojosedoipiranga.com.br\/new\/?p=4922"},"modified":"2022-04-29T14:59:10","modified_gmt":"2022-04-29T17:59:10","slug":"sao-jose-operario","status":"publish","type":"post","link":"https:\/\/saojosedoipiranga.com.br\/new\/2022\/04\/30\/sao-jose-operario\/","title":{"rendered":"S\u00c3O JOS\u00c9 OPER\u00c1RIO"},"content":{"rendered":"\n<div class=\"wp-block-image\"><figure class=\"aligncenter size-full\"><img fetchpriority=\"high\" decoding=\"async\" width=\"564\" height=\"564\" src=\"https:\/\/saojosedoipiranga.com.br\/new\/wp-content\/uploads\/2022\/04\/2bb5b4a87574c208d0fe237db77e7913.jpg\" alt=\"\" class=\"wp-image-4930\" srcset=\"https:\/\/saojosedoipiranga.com.br\/new\/wp-content\/uploads\/2022\/04\/2bb5b4a87574c208d0fe237db77e7913.jpg 564w, https:\/\/saojosedoipiranga.com.br\/new\/wp-content\/uploads\/2022\/04\/2bb5b4a87574c208d0fe237db77e7913-300x300.jpg 300w, https:\/\/saojosedoipiranga.com.br\/new\/wp-content\/uploads\/2022\/04\/2bb5b4a87574c208d0fe237db77e7913-150x150.jpg 150w, https:\/\/saojosedoipiranga.com.br\/new\/wp-content\/uploads\/2022\/04\/2bb5b4a87574c208d0fe237db77e7913-500x500.jpg 500w\" sizes=\"(max-width: 564px) 100vw, 564px\" \/><figcaption>Fonte: pinterest &#8211; <a href=\"https:\/\/br.pinterest.com\/FollowGod\">Angelina William\uff5cPraise God<\/a><\/figcaption><\/figure><\/div>\n\n\n\n<p>S\u00e3o Jos\u00e9 \u00e9 um dos poucos santos que durante o ano n\u00f3s celebramos duas vezes, em 19 de mar\u00e7o e 1\u00ba de maio.<\/p>\n\n\n\n<p>S\u00e3o Jos\u00e9, pai adotivo de Jesus, padroeiro da Igreja ser\u00e1 celebrado por cada um de n\u00f3s de uma forma muito especial.<\/p>\n\n\n\n<p>Rezaremos pelos trabalhadores em suas diversas \u00e1reas de atividade e tamb\u00e9m pelos desempregados.<\/p>\n\n\n\n<p>Querido povo de Deus, em um momento de pandemia que ainda nos encontramos, precisamos ter aten\u00e7\u00e3o para as realidades que vivemos como a sa\u00fade f\u00edsica, a sa\u00fade mental \u2013 quantas pessoas est\u00e3o em depress\u00e3o e problemas psicol\u00f3gicos, e outra n\u00e3o menos importante que \u00e9 a parte econ\u00f4mica.<\/p>\n\n\n\n<p>Quantas pessoas desempregadas?<\/p>\n\n\n\n<p>Quanto sofrimento um pai ou uma m\u00e3e vivem por n\u00e3o poderem levar o necess\u00e1rio para o sustento de sua casa?<\/p>\n\n\n\n<p>Um problema leva ao outro e assim as pessoas est\u00e3o se desestruturando, entrando em desespero e perdendo sua f\u00e9.<\/p>\n\n\n\n<p>Eu digo a voc\u00ea querido irm\u00e3o, querida irm\u00e3, n\u00e3o se desespere. N\u00e3o perca sua f\u00e9. As coisas mudar\u00e3o!<\/p>\n\n\n\n<p>A situa\u00e7\u00e3o que agora est\u00e1 complicada, logo poder\u00e1 se reverter.<\/p>\n\n\n\n<p>Seja qual for a sua dificuldade, em primeiro lugar n\u00e3o perca o controle, n\u00e3o entre em desespero, n\u00e3o perca a f\u00e9 em Deus.<\/p>\n\n\n\n<p>Voc\u00ea, que est\u00e1 empregado, que tem um pouco de condi\u00e7\u00e3o financeira, ajude algu\u00e9m que est\u00e1 precisando com um alimento, com uma cesta b\u00e1sica ou algo que ela necessite no momento. Pode ser tamb\u00e9m uma institui\u00e7\u00e3o que voc\u00ea conhe\u00e7a.<\/p>\n\n\n\n<p>Queridos irm\u00e3os e irm\u00e3s, o importante \u00e9 acreditar em Deus, ter f\u00e9 e viver esse momento em profunda unidade com Jesus.<\/p>\n\n\n\n<p>N\u00e3o existe sofrimento humano que Jesus n\u00e3o tenha passado. Ele sabe pelo que estamos vivendo.<\/p>\n\n\n\n<p>Que pela intercess\u00e3o do pai adotivo de Jesus, que \u00e9 S\u00e3o Jos\u00e9, n\u00f3s queremos rezar pedindo a intercess\u00e3o Dele que \u00e9 trabalhador, pelas pessoas que est\u00e3o trabalhando para terem for\u00e7a e sabedoria e para aqueles que est\u00e3o desempregados para terem esperan\u00e7a e continuarem firmes na f\u00e9.<\/p>\n\n\n\n<p>Antes de questionar: onde est\u00e1 Deus? Por que Ele n\u00e3o age?<\/p>\n\n\n\n<p>Diga: Estou aqui porque Deus me enviou, portanto Ele conta comigo. O que posso fazer para ajudar meu pr\u00f3ximo?<\/p>\n\n\n\n<p>Lembre-se: ningu\u00e9m tem t\u00e3o pouco que n\u00e3o possa fazer nada e ningu\u00e9m tem muito que n\u00e3o precise de nada. Por isso precisamos nos ajudar!<\/p>\n\n\n\n<p>Que Deus nos aben\u00e7oe e nos ajude a viver profundamente!<\/p>\n\n\n\n<p>S\u00e3o Jos\u00e9, valei-me!<\/p>\n\n\n\n<div class=\"wp-block-cover is-light\" style=\"min-height:117px;aspect-ratio:unset;\"><span aria-hidden=\"true\" class=\"has-white-background-color has-background-dim-100 wp-block-cover__gradient-background has-background-dim\"><\/span><div class=\"wp-block-cover__inner-container is-layout-flow wp-block-cover-is-layout-flow\">\n<p class=\"has-text-align-center\" style=\"font-size:30px\"><strong>Ora\u00e7\u00e3o a S\u00e3o Jos\u00e9 Oper\u00e1rio<\/strong><\/p>\n<\/div><\/div>\n\n\n\n<p class=\"has-text-align-center\">\u00d3 Deus, nosso Pai, n\u00f3s Vos pedimos,<br>pela intercess\u00e3o de S\u00e3o Jos\u00e9 Oper\u00e1rio,<br>que conheceu o peso da fadiga<br>e do cansa\u00e7o para sustentar Jesus e Maria,<br>protegei nosso trabalho, afastai todo perigo.<br>Fazei que jamais falte para n\u00f3s o meio<br>de sustentar dignamente nossas fam\u00edlias.<br>Aliviai a ang\u00fastia dos desempregados<br>e dos que n\u00e3o tem servi\u00e7o.<br>Dai-lhes a for\u00e7a de prosseguir lutando<br>na busca de um trabalho e que nunca percam<br>a Esperan\u00e7a num futuro melhor.<br>Fazei com que sejam respeitados<br>o direito e a dignidade dos trabalhadores<br>e que ganhando o p\u00e3o com o suor do nosso rosto<br>possamos realizar a Vossa vontade<br>a cada dia em nossa vida. Am\u00e9m.<\/p>\n\n\n\n<p class=\"has-text-align-center has-medium-font-size\"><strong>S\u00e3o Jos\u00e9 Oper\u00e1rio, rogai por n\u00f3s!<\/strong><\/p>\n\n    <div class=\"xs_social_share_widget xs_share_url after_content \t\tmain_content  wslu-style-1 wslu-share-box-shaped wslu-fill-colored wslu-none wslu-share-horizontal wslu-theme-font-no wslu-main_content\">\n\n\t\t\n        <ul>\n\t\t\t        <\/ul>\n    <\/div> \n","protected":false},"excerpt":{"rendered":"<p>S\u00e3o Jos\u00e9 \u00e9 um dos poucos santos que durante o ano n\u00f3s celebramos duas vezes, em 19 de mar\u00e7o e 1\u00ba de maio. S\u00e3o Jos\u00e9, pai adotivo de Jesus, padroeiro&hellip; <br \/> <a class=\"read-more\" href=\"https:\/\/saojosedoipiranga.com.br\/new\/2022\/04\/30\/sao-jose-operario\/\">Leia mais<\/a><\/p>\n","protected":false},"author":3,"featured_media":4928,"comment_status":"closed","ping_status":"open","sticky":false,"template":"","format":"standard","meta":{"_vp_format_video_url":"","_vp_image_focal_point":[],"footnotes":""},"categories":[442,2,3,5,8,9,10],"tags":[521,520,518,179,522,519,358,361],"class_list":["post-4922","post","type-post","status-publish","format-standard","has-post-thumbnail","hentry","category-acontece","category-avisos_semanais","category-blog","category-diversos","category-eventos","category-formacao","category-noticias","tag-bencao-da-carteira-de-trabalho","tag-bencao-do-trabalhador","tag-intercessao","tag-jesus-cristo","tag-oracao-para-conseguir-emprego","tag-oracao-pelo-trabalho","tag-sao-jose-2","tag-sao-jose-operario"],"_links":{"self":[{"href":"https:\/\/saojosedoipiranga.com.br\/new\/wp-json\/wp\/v2\/posts\/4922","targetHints":{"allow":["GET"]}}],"collection":[{"href":"https:\/\/saojosedoipiranga.com.br\/new\/wp-json\/wp\/v2\/posts"}],"about":[{"href":"https:\/\/saojosedoipiranga.com.br\/new\/wp-json\/wp\/v2\/types\/post"}],"author":[{"embeddable":true,"href":"https:\/\/saojosedoipiranga.com.br\/new\/wp-json\/wp\/v2\/users\/3"}],"replies":[{"embeddable":true,"href":"https:\/\/saojosedoipiranga.com.br\/new\/wp-json\/wp\/v2\/comments?post=4922"}],"version-history":[{"count":4,"href":"https:\/\/saojosedoipiranga.com.br\/new\/wp-json\/wp\/v2\/posts\/4922\/revisions"}],"predecessor-version":[{"id":4933,"href":"https:\/\/saojosedoipiranga.com.br\/new\/wp-json\/wp\/v2\/posts\/4922\/revisions\/4933"}],"wp:featuredmedia":[{"embeddable":true,"href":"https:\/\/saojosedoipiranga.com.br\/new\/wp-json\/wp\/v2\/media\/4928"}],"wp:attachment":[{"href":"https:\/\/saojosedoipiranga.com.br\/new\/wp-json\/wp\/v2\/media?parent=4922"}],"wp:term":[{"taxonomy":"category","embeddable":true,"href":"https:\/\/saojosedoipiranga.com.br\/new\/wp-json\/wp\/v2\/categories?post=4922"},{"taxonomy":"post_tag","embeddable":true,"href":"https:\/\/saojosedoipiranga.com.br\/new\/wp-json\/wp\/v2\/tags?post=4922"}],"curies":[{"name":"wp","href":"https:\/\/api.w.org\/{rel}","templated":true}]}}