{"id":4892,"date":"2022-04-15T17:11:00","date_gmt":"2022-04-15T20:11:00","guid":{"rendered":"https:\/\/saojosedoipiranga.com.br\/new\/?p=4892"},"modified":"2022-04-14T16:42:27","modified_gmt":"2022-04-14T19:42:27","slug":"sabado-santo-sabado-de-aleluia","status":"publish","type":"post","link":"https:\/\/saojosedoipiranga.com.br\/new\/2022\/04\/15\/sabado-santo-sabado-de-aleluia\/","title":{"rendered":"S\u00e1bado Santo &#8211; S\u00e1bado de Aleluia"},"content":{"rendered":"\n<p class=\"has-text-align-center\" style=\"font-size:30px\"><strong>Vig\u00edlia Pascal<\/strong><\/p>\n\n\n\n<p>O S\u00e1bado Santo n\u00e3o \u00e9 um dia vazio, em que \u201cnada acontece\u201d. Nem uma duplica\u00e7\u00e3o da Sexta-feira Santa. A grande li\u00e7\u00e3o \u00e9 esta: Cristo est\u00e1 no sepulcro, desceu \u00e0 mans\u00e3o dos mortos, ao mais profundo que pode ir uma pessoa. O pr\u00f3prio Jesus est\u00e1 calado. Ele, que \u00e9 Verbo, a Palavra, est\u00e1 calado. Depois de Seu \u00faltimo grito na cruz \u2013 \u201cPor que me abandonaste?\u201d \u2013, Ele cala no sepulcro agora. Descanse: \u201ctudo est\u00e1 consumado!\u201d.<br>Os crist\u00e3os junto ao&nbsp;sepulcro de Jesus&nbsp;aguardam sua ressurrei\u00e7\u00e3o. No final deste dia \u00e9 celebrada a Solene&nbsp;Vig\u00edlia Pascal, a m\u00e3e de todas as vig\u00edlias, como disse&nbsp;Santo Agostinho, que se inicia com a&nbsp;B\u00ean\u00e7\u00e3o do Fogo Novo&nbsp;e tamb\u00e9m do&nbsp;C\u00edrio Pascal; proclama-se a P\u00e1scoa atrav\u00e9s do canto do&nbsp;Exultet&nbsp;e faz-se a leitura de 14 passagens da B\u00edblia (7&nbsp;leituras&nbsp;e 7&nbsp;salmos) percorrendo-se toda hist\u00f3ria da salva\u00e7\u00e3o, desde&nbsp;Ad\u00e3o&nbsp;at\u00e9 o relato dos&nbsp;primeiros crist\u00e3os. Entoa-se o&nbsp;Gl\u00f3ria&nbsp;e o&nbsp;Aleluia, que foram omitidos durante todo o per\u00edodo quaresmal. H\u00e1 tamb\u00e9m o batismo daqueles adultos que se prepararam durante toda a quaresma. A celebra\u00e7\u00e3o se encerra com a&nbsp;Liturgia Eucar\u00edstica, ponto alto de todas as missas.<\/p>\n\n\n\n<div class=\"wp-block-cover\"><span aria-hidden=\"true\" class=\"wp-block-cover__gradient-background has-background-dim\"><\/span><img fetchpriority=\"high\" decoding=\"async\" width=\"1024\" height=\"683\" class=\"wp-block-cover__image-background wp-image-4895\" alt=\"\" src=\"https:\/\/saojosedoipiranga.com.br\/new\/wp-content\/uploads\/2022\/04\/lit-tin-candle-in-the-dark-conveying-memorial-death-hope-or-darkness-1024x683.jpg\" data-object-fit=\"cover\" srcset=\"https:\/\/saojosedoipiranga.com.br\/new\/wp-content\/uploads\/2022\/04\/lit-tin-candle-in-the-dark-conveying-memorial-death-hope-or-darkness-1024x683.jpg 1024w, https:\/\/saojosedoipiranga.com.br\/new\/wp-content\/uploads\/2022\/04\/lit-tin-candle-in-the-dark-conveying-memorial-death-hope-or-darkness-300x200.jpg 300w, https:\/\/saojosedoipiranga.com.br\/new\/wp-content\/uploads\/2022\/04\/lit-tin-candle-in-the-dark-conveying-memorial-death-hope-or-darkness-768x512.jpg 768w, https:\/\/saojosedoipiranga.com.br\/new\/wp-content\/uploads\/2022\/04\/lit-tin-candle-in-the-dark-conveying-memorial-death-hope-or-darkness-1536x1024.jpg 1536w, https:\/\/saojosedoipiranga.com.br\/new\/wp-content\/uploads\/2022\/04\/lit-tin-candle-in-the-dark-conveying-memorial-death-hope-or-darkness-2048x1365.jpg 2048w, https:\/\/saojosedoipiranga.com.br\/new\/wp-content\/uploads\/2022\/04\/lit-tin-candle-in-the-dark-conveying-memorial-death-hope-or-darkness-500x333.jpg 500w, https:\/\/saojosedoipiranga.com.br\/new\/wp-content\/uploads\/2022\/04\/lit-tin-candle-in-the-dark-conveying-memorial-death-hope-or-darkness-800x533.jpg 800w, https:\/\/saojosedoipiranga.com.br\/new\/wp-content\/uploads\/2022\/04\/lit-tin-candle-in-the-dark-conveying-memorial-death-hope-or-darkness-1280x853.jpg 1280w, https:\/\/saojosedoipiranga.com.br\/new\/wp-content\/uploads\/2022\/04\/lit-tin-candle-in-the-dark-conveying-memorial-death-hope-or-darkness-1920x1280.jpg 1920w, https:\/\/saojosedoipiranga.com.br\/new\/wp-content\/uploads\/2022\/04\/lit-tin-candle-in-the-dark-conveying-memorial-death-hope-or-darkness-1620x1080.jpg 1620w\" sizes=\"(max-width: 1024px) 100vw, 1024px\" \/><div class=\"wp-block-cover__inner-container is-layout-flow wp-block-cover-is-layout-flow\">\n<p style=\"font-size:18px\"><strong>Vig\u00edlia Pascal<\/strong><br>Durante o S\u00e1bado Santo, a Igreja permanece junto ao sepulcro do Senhor, meditando Sua Paix\u00e3o e Morte, Sua descida \u00e0 mans\u00e3o dos mortos, esperando, na ora\u00e7\u00e3o e no jejum, Sua Ressurrei\u00e7\u00e3o. Todos os elementos especiais da vig\u00edlia querem ressaltar o conte\u00fado fundamental da noite: a P\u00e1scoa do Senhor, Sua passagem da morte para a vida. A celebra\u00e7\u00e3o acontece no s\u00e1bado \u00e0 noite. \u00c9 uma vig\u00edlia em honra ao Senhor, de maneira que os fi\u00e9is, seguindo a exorta\u00e7\u00e3o do Evangelho (cf. Lc 12,35-36), tenham acesas as l\u00e2mpadas, como os que aguardam seu senhor chegar, para que, os encontre em vig\u00edlia e os convide a sentar \u00e0 sua mesa.<\/p>\n<\/div><\/div>\n\n\n\n<p><strong>B\u00ean\u00e7\u00e3o do fogo<\/strong><br>Fora da Igreja, prepara-se a fogueira. Estando o povo reunido em volta dela, o sacerdote aben\u00e7oa o fogo novo. Em seguida, o C\u00edrio Pascal \u00e9 apresentado ao sacerdote. Com um estilete, o padre faz nele uma cruz, dizendo palavras sobre a eternidade de Cristo. Assim, ele expressa, com gestos e palavras, toda a doutrina do imp\u00e9rio de Cristo sobre o cosmos, exposta em S\u00e3o Paulo. Nada escapa da Reden\u00e7\u00e3o do Senhor, e tudo \u2013 homens, coisas e tempo \u2013 est\u00e3o sob Sua potestade.<\/p>\n\n\n\n<p><strong>Proclama\u00e7\u00e3o da P\u00e1scoa<\/strong><br>O povo permanece em p\u00e9 com as velas acesas. O presidente da celebra\u00e7\u00e3o incensa o C\u00edrio Pascal. Em seguida, a P\u00e1scoa \u00e9 proclamada. Esse hino de louvor, em primeiro lugar, anuncia a todos a alegria da P\u00e1scoa, a alegria do C\u00e9u, da Terra, da Igreja, da assembleia dos crist\u00e3os. Essa alegria procede da vit\u00f3ria de Cristo sobre as trevas. Terminada a proclama\u00e7\u00e3o, apagam-se as velas.<\/p>\n\n\n\n<p><strong>Liturgia da Palavra<\/strong><br>Nesta noite, a comunidade crist\u00e3 se det\u00e9m mais que o usual na proclama\u00e7\u00e3o da Palavra. As leituras da vig\u00edlia t\u00eam uma coer\u00eancia e um ritmo entre elas. A melhor chave \u00e9 a que nos deu o pr\u00f3prio Cristo: \u201cE come\u00e7ando por Mois\u00e9s, percorrendo todos os profetas, explicava-lhes (aos disc\u00edpulos de Ema\u00fas) o que dele se achava dito em todas as Escrituras\u201d (Lc 24, 27).<\/p>\n\n\n\n<p class=\"has-text-align-right\"><em>Por Marcos Mendes<\/em><\/p>\n\n    <div class=\"xs_social_share_widget xs_share_url after_content \t\tmain_content  wslu-style-1 wslu-share-box-shaped wslu-fill-colored wslu-none wslu-share-horizontal wslu-theme-font-no wslu-main_content\">\n\n\t\t\n        <ul>\n\t\t\t        <\/ul>\n    <\/div> \n","protected":false},"excerpt":{"rendered":"<p>Vig\u00edlia Pascal O S\u00e1bado Santo n\u00e3o \u00e9 um dia vazio, em que \u201cnada acontece\u201d. Nem uma duplica\u00e7\u00e3o da Sexta-feira Santa. A grande li\u00e7\u00e3o \u00e9 esta: Cristo est\u00e1 no sepulcro, desceu&hellip; <br \/> <a class=\"read-more\" href=\"https:\/\/saojosedoipiranga.com.br\/new\/2022\/04\/15\/sabado-santo-sabado-de-aleluia\/\">Leia mais<\/a><\/p>\n","protected":false},"author":3,"featured_media":4893,"comment_status":"closed","ping_status":"open","sticky":false,"template":"","format":"standard","meta":{"_vp_format_video_url":"","_vp_image_focal_point":{"x":0.40000000000000002,"y":0.33000000000000002},"footnotes":""},"categories":[442,2,3,5,8,9,10],"tags":[509,513,510,512,255,276,511,318,328,467],"class_list":["post-4892","post","type-post","status-publish","format-standard","has-post-thumbnail","hentry","category-acontece","category-avisos_semanais","category-blog","category-diversos","category-eventos","category-formacao","category-noticias","tag-bencao-do-fogo","tag-cirio-pascal","tag-fogo-santo","tag-liturgia-da-palavra","tag-paixao-de-cristo","tag-pascoa","tag-proclamacao-da-pascoa","tag-ressurreicao-de-cristo","tag-sabado-de-aleluia","tag-vigilia-pascal"],"_links":{"self":[{"href":"https:\/\/saojosedoipiranga.com.br\/new\/wp-json\/wp\/v2\/posts\/4892","targetHints":{"allow":["GET"]}}],"collection":[{"href":"https:\/\/saojosedoipiranga.com.br\/new\/wp-json\/wp\/v2\/posts"}],"about":[{"href":"https:\/\/saojosedoipiranga.com.br\/new\/wp-json\/wp\/v2\/types\/post"}],"author":[{"embeddable":true,"href":"https:\/\/saojosedoipiranga.com.br\/new\/wp-json\/wp\/v2\/users\/3"}],"replies":[{"embeddable":true,"href":"https:\/\/saojosedoipiranga.com.br\/new\/wp-json\/wp\/v2\/comments?post=4892"}],"version-history":[{"count":2,"href":"https:\/\/saojosedoipiranga.com.br\/new\/wp-json\/wp\/v2\/posts\/4892\/revisions"}],"predecessor-version":[{"id":4902,"href":"https:\/\/saojosedoipiranga.com.br\/new\/wp-json\/wp\/v2\/posts\/4892\/revisions\/4902"}],"wp:featuredmedia":[{"embeddable":true,"href":"https:\/\/saojosedoipiranga.com.br\/new\/wp-json\/wp\/v2\/media\/4893"}],"wp:attachment":[{"href":"https:\/\/saojosedoipiranga.com.br\/new\/wp-json\/wp\/v2\/media?parent=4892"}],"wp:term":[{"taxonomy":"category","embeddable":true,"href":"https:\/\/saojosedoipiranga.com.br\/new\/wp-json\/wp\/v2\/categories?post=4892"},{"taxonomy":"post_tag","embeddable":true,"href":"https:\/\/saojosedoipiranga.com.br\/new\/wp-json\/wp\/v2\/tags?post=4892"}],"curies":[{"name":"wp","href":"https:\/\/api.w.org\/{rel}","templated":true}]}}