{"id":4884,"date":"2022-04-14T08:13:00","date_gmt":"2022-04-14T11:13:00","guid":{"rendered":"https:\/\/saojosedoipiranga.com.br\/new\/?p=4884"},"modified":"2022-04-13T15:45:50","modified_gmt":"2022-04-13T18:45:50","slug":"quinta-feira-santa","status":"publish","type":"post","link":"https:\/\/saojosedoipiranga.com.br\/new\/2022\/04\/14\/quinta-feira-santa\/","title":{"rendered":"Quinta-feira Santa"},"content":{"rendered":"\n<p>\u00c9 o quinto dia da Semana Santa e, na manh\u00e3 deste dia, nas catedrais das\u00a0dioceses, o\u00a0bispo\u00a0se re\u00fane com o seu clero para a\u00a0Celebra\u00e7\u00e3o do Crisma, tamb\u00e9m chamada Missa dos Santos \u00d3leos, na qual s\u00e3o aben\u00e7oados os \u00f3leos que ser\u00e3o usados na administra\u00e7\u00e3o dos sacramentos do\u00a0Batismo (Catec\u00famenos);\u00a0Crisma (Crismandos, Ordena\u00e7\u00e3o de Padres e Bispos)\u00a0e\u00a0Un\u00e7\u00e3o dos Enfermos.<br>\u00c9 o momento em que o clero ir\u00e1 reafirmar o compromisso de servir a Jesus Cristo.<br>Neste mesmo dia, \u00e0 noite, s\u00e3o relembrados os tr\u00eas gestos de Jesus durante a\u00a0\u00daltima Ceia: a\u00a0Institui\u00e7\u00e3o da Eucaristia, o\u00a0exemplo do Lava-p\u00e9s, com a institui\u00e7\u00e3o de um novo mandamento (ou &#8220;ordenan\u00e7a&#8221;) segundo algumas\u00a0denomina\u00e7\u00f5es crist\u00e3s, e a\u00a0institui\u00e7\u00e3o do sacerd\u00f3cio. \u00c9 neste momento que\u00a0Judas Iscariotes\u00a0sai para\u00a0entregar Jesus por trinta moedas de prata. E \u00e9 nesta noite em que\u00a0Jesus \u00e9 preso,\u00a0interrogado\u00a0e, no amanhecer da sexta-feira,\u00a0a\u00e7oitado\u00a0e condenado.<br>A igreja fica em vig\u00edlia ao\u00a0Sant\u00edssimo, relembrando os sofrimentos de Jesus, que tiveram in\u00edcio nesta noite. A igreja j\u00e1 se reveste de luto e tristeza, desnudando os altares (quando s\u00e3o retirados todos os enfeites, toalhas, flores e velas), tudo para simbolizar que Jesus j\u00e1 est\u00e1 preso e consciente do que vai acontecer.<\/p>\n\n\n\n<div class=\"wp-block-cover is-light\" style=\"min-height:168px;aspect-ratio:unset;\"><span aria-hidden=\"true\" class=\"has-white-background-color has-background-dim-100 wp-block-cover__gradient-background has-background-dim\"><\/span><div class=\"wp-block-cover__inner-container is-layout-flow wp-block-cover-is-layout-flow\">\n<p class=\"has-text-align-center has-large-font-size\"><strong>LAVA-P\u00c9S<\/strong><\/p>\n<\/div><\/div>\n\n\n\n<div class=\"wp-block-media-text alignwide is-stacked-on-mobile\"><figure class=\"wp-block-media-text__media\"><img fetchpriority=\"high\" decoding=\"async\" width=\"1024\" height=\"1024\" src=\"https:\/\/saojosedoipiranga.com.br\/new\/wp-content\/uploads\/2022\/04\/5010871-1024x1024.jpg\" alt=\"\" class=\"wp-image-4889 size-full\" srcset=\"https:\/\/saojosedoipiranga.com.br\/new\/wp-content\/uploads\/2022\/04\/5010871-1024x1024.jpg 1024w, https:\/\/saojosedoipiranga.com.br\/new\/wp-content\/uploads\/2022\/04\/5010871-300x300.jpg 300w, https:\/\/saojosedoipiranga.com.br\/new\/wp-content\/uploads\/2022\/04\/5010871-150x150.jpg 150w, https:\/\/saojosedoipiranga.com.br\/new\/wp-content\/uploads\/2022\/04\/5010871-768x768.jpg 768w, https:\/\/saojosedoipiranga.com.br\/new\/wp-content\/uploads\/2022\/04\/5010871-1536x1536.jpg 1536w, https:\/\/saojosedoipiranga.com.br\/new\/wp-content\/uploads\/2022\/04\/5010871-500x500.jpg 500w, https:\/\/saojosedoipiranga.com.br\/new\/wp-content\/uploads\/2022\/04\/5010871-800x800.jpg 800w, https:\/\/saojosedoipiranga.com.br\/new\/wp-content\/uploads\/2022\/04\/5010871-1280x1280.jpg 1280w, https:\/\/saojosedoipiranga.com.br\/new\/wp-content\/uploads\/2022\/04\/5010871-1920x1920.jpg 1920w, https:\/\/saojosedoipiranga.com.br\/new\/wp-content\/uploads\/2022\/04\/5010871-1080x1080.jpg 1080w, https:\/\/saojosedoipiranga.com.br\/new\/wp-content\/uploads\/2022\/04\/5010871.jpg 2000w\" sizes=\"(max-width: 1024px) 100vw, 1024px\" \/><\/figure><div class=\"wp-block-media-text__content\">\n<p style=\"font-size:18px\">O Lava-p\u00e9s \u00e9 um ritual lit\u00fargico realizado, durante a celebra\u00e7\u00e3o da Quinta-feira Santa, quando se recorda a \u00faltima ceia do Senhor. Jesus, ao lavar os p\u00e9s dos disc\u00edpulos, quer demonstrar Seu amor por cada um e mostrar a todos que a humildade e o servi\u00e7o s\u00e3o o centro de Sua mensagem; portanto, esta celebra\u00e7\u00e3o \u00e9 a maior explica\u00e7\u00e3o para o grande gesto de Jesus, que \u00e9 a Eucaristia. O rito do lava-p\u00e9s n\u00e3o \u00e9 uma encena\u00e7\u00e3o dentro da Missa, mas um gesto lit\u00fargico que repete o mesmo gesto de Jesus. O bispo ou o padre, que lava os p\u00e9s de algumas pessoas da comunidade, est\u00e1 imitando Jesus no gesto; n\u00e3o como uma pe\u00e7a de teatro, mas como compromisso de estar a servi\u00e7o da comunidade, para que todos tenham a salva\u00e7\u00e3o, como fez Jesus.<\/p>\n<\/div><\/div>\n\n\n\n<div class=\"wp-block-cover is-light\" style=\"min-height:168px;aspect-ratio:unset;\"><span aria-hidden=\"true\" class=\"has-white-background-color has-background-dim-100 wp-block-cover__gradient-background has-background-dim\"><\/span><div class=\"wp-block-cover__inner-container is-layout-flow wp-block-cover-is-layout-flow\">\n<p class=\"has-text-align-center has-large-font-size\"><strong>INSTITUI\u00c7\u00c3O DA EUCARISTIA<\/strong><\/p>\n<\/div><\/div>\n\n\n\n<figure class=\"wp-block-image\"><img decoding=\"async\" width=\"1024\" height=\"731\" src=\"https:\/\/saojosedoipiranga.com.br\/new\/wp-content\/uploads\/2022\/04\/4987456-1024x731.jpg\" alt=\"\" class=\"wp-image-4890\" srcset=\"https:\/\/saojosedoipiranga.com.br\/new\/wp-content\/uploads\/2022\/04\/4987456-1024x731.jpg 1024w, https:\/\/saojosedoipiranga.com.br\/new\/wp-content\/uploads\/2022\/04\/4987456-300x214.jpg 300w, https:\/\/saojosedoipiranga.com.br\/new\/wp-content\/uploads\/2022\/04\/4987456-768x549.jpg 768w, https:\/\/saojosedoipiranga.com.br\/new\/wp-content\/uploads\/2022\/04\/4987456-1536x1097.jpg 1536w, https:\/\/saojosedoipiranga.com.br\/new\/wp-content\/uploads\/2022\/04\/4987456-2048x1463.jpg 2048w, https:\/\/saojosedoipiranga.com.br\/new\/wp-content\/uploads\/2022\/04\/4987456-500x357.jpg 500w, https:\/\/saojosedoipiranga.com.br\/new\/wp-content\/uploads\/2022\/04\/4987456-800x571.jpg 800w, https:\/\/saojosedoipiranga.com.br\/new\/wp-content\/uploads\/2022\/04\/4987456-1280x914.jpg 1280w, https:\/\/saojosedoipiranga.com.br\/new\/wp-content\/uploads\/2022\/04\/4987456-1920x1371.jpg 1920w, https:\/\/saojosedoipiranga.com.br\/new\/wp-content\/uploads\/2022\/04\/4987456-1512x1080.jpg 1512w\" sizes=\"(max-width: 1024px) 100vw, 1024px\" \/><\/figure>\n\n\n\n<p>Com a Santa Missa da Ceia do Senhor, celebrada na tarde ou na noite da Quinta-feira Santa, a Igreja d\u00e1 in\u00edcio ao chamado Tr\u00edduo Pascal e faz mem\u00f3ria da \u00daltima Ceia, quando Jesus, na noite em que foi tra\u00eddo, ofereceu ao Pai o Seu Corpo e Sangue sob as esp\u00e9cies do P\u00e3o e do Vinho, e os entregou aos ap\u00f3stolos para que os tomassem, mandando-os tamb\u00e9m oferecer aos seus sucessores. A palavra \u201cEucaristia\u201d prov\u00e9m de duas palavras gregas \u201ceu-ch\u00e1ris\u201d, que significa \u201ca\u00e7\u00e3o de gra\u00e7as\u201d, e designa a presen\u00e7a real e substancial de Jesus Cristo sob as apar\u00eancias de P\u00e3o e Vinho.<br>Institui\u00e7\u00e3o do sacerd\u00f3cio<br>A Santa Missa \u00e9, ent\u00e3o, a celebra\u00e7\u00e3o da Ceia do Senhor, quando Jesus, num dia como hoje, v\u00e9spera de Sua Paix\u00e3o, \u201cdurante a refei\u00e7\u00e3o, tomou o p\u00e3o, benzeu-o, partiu-o e o deu aos disc\u00edpulos, dizendo: \u2018Tomai e comei, isto \u00e9 meu corpo\u201d. (Mt 26,26). Ele quis, assim como fez na \u00faltima ceia, que Seus disc\u00edpulos se reunissem e se recordassem d\u2019Ele aben\u00e7oando o p\u00e3o e o vinho: \u201cFazei isto em mem\u00f3ria de mim\u201d. Com essas palavras, o Senhor instituiu o sacerd\u00f3cio cat\u00f3lico e deu-lhes poder para celebrar a Eucaristia.<\/p>\n\n    <div class=\"xs_social_share_widget xs_share_url after_content \t\tmain_content  wslu-style-1 wslu-share-box-shaped wslu-fill-colored wslu-none wslu-share-horizontal wslu-theme-font-no wslu-main_content\">\n\n\t\t\n        <ul>\n\t\t\t        <\/ul>\n    <\/div> \n","protected":false},"excerpt":{"rendered":"<p>\u00c9 o quinto dia da Semana Santa e, na manh\u00e3 deste dia, nas catedrais das\u00a0dioceses, o\u00a0bispo\u00a0se re\u00fane com o seu clero para a\u00a0Celebra\u00e7\u00e3o do Crisma, tamb\u00e9m chamada Missa dos Santos&hellip; <br \/> <a class=\"read-more\" href=\"https:\/\/saojosedoipiranga.com.br\/new\/2022\/04\/14\/quinta-feira-santa\/\">Leia mais<\/a><\/p>\n","protected":false},"author":3,"featured_media":4888,"comment_status":"open","ping_status":"open","sticky":false,"template":"","format":"standard","meta":{"_vp_format_video_url":"","_vp_image_focal_point":[],"footnotes":""},"categories":[442,2,3,4,5,8,9,10],"tags":[137,504,503,507,506,309,377,505,508,418,467],"class_list":["post-4884","post","type-post","status-publish","format-standard","has-post-thumbnail","hentry","category-acontece","category-avisos_semanais","category-blog","category-depoimentos","category-diversos","category-eventos","category-formacao","category-noticias","tag-eucaristia","tag-instituicao-da-eucaristia","tag-lava-pes-2","tag-missa-do-crisma","tag-oleo-da-crisma","tag-quinta-feira-santa","tag-semana-santa","tag-ultima-ceia","tag-uncao-dos-enfermos","tag-vigilia","tag-vigilia-pascal"],"_links":{"self":[{"href":"https:\/\/saojosedoipiranga.com.br\/new\/wp-json\/wp\/v2\/posts\/4884","targetHints":{"allow":["GET"]}}],"collection":[{"href":"https:\/\/saojosedoipiranga.com.br\/new\/wp-json\/wp\/v2\/posts"}],"about":[{"href":"https:\/\/saojosedoipiranga.com.br\/new\/wp-json\/wp\/v2\/types\/post"}],"author":[{"embeddable":true,"href":"https:\/\/saojosedoipiranga.com.br\/new\/wp-json\/wp\/v2\/users\/3"}],"replies":[{"embeddable":true,"href":"https:\/\/saojosedoipiranga.com.br\/new\/wp-json\/wp\/v2\/comments?post=4884"}],"version-history":[{"count":2,"href":"https:\/\/saojosedoipiranga.com.br\/new\/wp-json\/wp\/v2\/posts\/4884\/revisions"}],"predecessor-version":[{"id":4891,"href":"https:\/\/saojosedoipiranga.com.br\/new\/wp-json\/wp\/v2\/posts\/4884\/revisions\/4891"}],"wp:featuredmedia":[{"embeddable":true,"href":"https:\/\/saojosedoipiranga.com.br\/new\/wp-json\/wp\/v2\/media\/4888"}],"wp:attachment":[{"href":"https:\/\/saojosedoipiranga.com.br\/new\/wp-json\/wp\/v2\/media?parent=4884"}],"wp:term":[{"taxonomy":"category","embeddable":true,"href":"https:\/\/saojosedoipiranga.com.br\/new\/wp-json\/wp\/v2\/categories?post=4884"},{"taxonomy":"post_tag","embeddable":true,"href":"https:\/\/saojosedoipiranga.com.br\/new\/wp-json\/wp\/v2\/tags?post=4884"}],"curies":[{"name":"wp","href":"https:\/\/api.w.org\/{rel}","templated":true}]}}