{"id":4840,"date":"2022-04-08T12:11:00","date_gmt":"2022-04-08T15:11:00","guid":{"rendered":"https:\/\/saojosedoipiranga.com.br\/new\/?p=4840"},"modified":"2022-04-06T14:19:24","modified_gmt":"2022-04-06T17:19:24","slug":"como-fazer-uma-boa-confissao","status":"publish","type":"post","link":"https:\/\/saojosedoipiranga.com.br\/new\/2022\/04\/08\/como-fazer-uma-boa-confissao\/","title":{"rendered":"Como fazer uma boa Confiss\u00e3o?"},"content":{"rendered":"\n<p style=\"font-size:25px\">Para realizar uma confiss\u00e3o adequada, s\u00e3o necess\u00e1rias, pelo menos, cinco condi\u00e7\u00f5es:<\/p>\n\n\n\n<div class=\"wp-block-cover is-light\" style=\"min-height:233px;aspect-ratio:unset;\"><span aria-hidden=\"true\" class=\"has-background-dim-100 wp-block-cover__gradient-background has-background-dim has-background-gradient\" style=\"background:linear-gradient(135deg,rgb(238,238,238) 74%,rgb(169,184,195) 100%)\"><\/span><div class=\"wp-block-cover__inner-container is-layout-flow wp-block-cover-is-layout-flow\">\n<p class=\"has-text-align-center\" style=\"font-size:18px\">1. Fazer um exame de consci\u00eancia, que consiste em lembrar os pecados mortais cometidos desde a \u00faltima confiss\u00e3o. Para que seja pecado mortal ou mat\u00e9ria grave (praticar ato que caracterize grande ofensa aos Mandamentos de Deus e da Igreja) \u00e9 necess\u00e1rio: conhecimento (estar ciente, saber que o ato \u00e9 pecado); consentimento (ter tempo para refletir e, mesmo assim, cometer o pecado por livre e espont\u00e2nea vontade). Quando falta um s\u00f3 adjetivo a esses 3 requisitos, \u00e9 pecado venial ou leve;<\/p>\n<\/div><\/div>\n\n\n\n<div class=\"wp-block-cover is-light\" style=\"min-height:102px;aspect-ratio:unset;\"><span aria-hidden=\"true\" class=\"has-background-dim-100 wp-block-cover__gradient-background has-background-dim has-background-gradient\" style=\"background:linear-gradient(135deg,rgb(238,238,238) 74%,rgb(169,184,195) 100%)\"><\/span><div class=\"wp-block-cover__inner-container is-layout-flow wp-block-cover-is-layout-flow\">\n<p class=\"has-text-align-center\" style=\"font-size:18px\">2. Estar sinceramente arrependido por ter ofendido a Deus e ao pr\u00f3ximo;<\/p>\n<\/div><\/div>\n\n\n\n<div class=\"wp-block-cover is-light\" style=\"min-height:102px;aspect-ratio:unset;\"><span aria-hidden=\"true\" class=\"has-background-dim-100 wp-block-cover__gradient-background has-background-dim has-background-gradient\" style=\"background:linear-gradient(135deg,rgb(238,238,238) 74%,rgb(169,184,195) 100%)\"><\/span><div class=\"wp-block-cover__inner-container is-layout-flow wp-block-cover-is-layout-flow\">\n<p class=\"has-text-align-center\" style=\"font-size:18px\">3. Ter o firme prop\u00f3sito de n\u00e3o cometer mais o(s) erro(s), confiando no aux\u00edlio da gra\u00e7a de Deus.<\/p>\n<\/div><\/div>\n\n\n\n<div class=\"wp-block-cover is-light\" style=\"min-height:102px;aspect-ratio:unset;\"><span aria-hidden=\"true\" class=\"has-background-dim-100 wp-block-cover__gradient-background has-background-dim has-background-gradient\" style=\"background:linear-gradient(135deg,rgb(238,238,238) 74%,rgb(169,184,195) 100%)\"><\/span><div class=\"wp-block-cover__inner-container is-layout-flow wp-block-cover-is-layout-flow\">\n<p class=\"has-text-align-center\" style=\"font-size:18px\">4. Confessar objetivamente os pr\u00f3prios pecados e n\u00e3o o dos outros;<\/p>\n<\/div><\/div>\n\n\n\n<div class=\"wp-block-cover is-light\" style=\"min-height:102px;aspect-ratio:unset;\"><span aria-hidden=\"true\" class=\"has-background-dim-100 wp-block-cover__gradient-background has-background-dim has-background-gradient\" style=\"background:linear-gradient(135deg,rgb(238,238,238) 74%,rgb(169,184,195) 100%)\"><\/span><div class=\"wp-block-cover__inner-container is-layout-flow wp-block-cover-is-layout-flow\">\n<p class=\"has-text-align-center\" style=\"font-size:18px\">5. Cumprir a penit\u00eancia que o confessor indicar.<\/p>\n<\/div><\/div>\n\n\n\n<p>Confesse seus pecados com a f\u00e9 em Jesus Cristo. E lembre-se: \u201cSe confessarmos nossos pecados, fiel e justo \u00e9 Ele para perdoar-nos e purificar-nos de toda iniquidade\u201d (1 Jo\u00e3o 1, 9).<\/p>\n\n\n\n<p>Que o Esp\u00edrito Santo nos ilumine e nos impulsione sempre \u00e0 confiss\u00e3o principalmente neste tempo de Quaresma.<\/p>\n\n\n\n<p>A apari\u00e7\u00e3o de Jesus aos disc\u00edpulos e a descida do&nbsp;<a href=\"https:\/\/formacao.cancaonova.com\/igreja\/catequese\/blasfemar-contra-o-espirito-santo-e-pecado-imperdoavel\/\" target=\"_blank\" rel=\"noreferrer noopener\">Esp\u00edrito Santo<\/a>&nbsp;sobre eles \u00e9 o momento concreto do plano de salva\u00e7\u00e3o dos homens. \u00c9 importante que n\u00f3s participemos desse plano de santidade e abandonemos nossa vida anterior, que ser\u00e1 transformada e confirmada no caminho da salva\u00e7\u00e3o. Desde ent\u00e3o, o sacramento chamado de&nbsp;<a href=\"https:\/\/formacao.cancaonova.com\/igreja\/catequese\/qual-e-a-virtude-que-encontramos-quando-fazemos-penitencia\/\" target=\"_blank\" rel=\"noreferrer noopener\">Penit\u00eancia<\/a>, da Reconcilia\u00e7\u00e3o, do Perd\u00e3o, da Confiss\u00e3o, da Convers\u00e3o (Comp\u00eandio C.I.C n\u00ba 296) \u00e9 sinal da presen\u00e7a constante da miseric\u00f3rdia divina na vida de cada crist\u00e3o.<\/p>\n\n\n\n<p>Por isso, a confiss\u00e3o \u00e9 importante n\u00e3o s\u00f3 na quaresma, ou na Semana Santa, mas durante todo o ano, porque ela \u00e9 justamente o sacramento que nos reconcilia e tem o poder curativo em n\u00f3s, quando descobrimos que a cada confiss\u00e3o a gente se prop\u00f5e a uma mudan\u00e7a. Ela \u00e9 curativa e faz crescer. Sempre que voc\u00ea se restaura de um erro, de uma fragilidade, tamb\u00e9m se projeta para crescer, a partir daquilo. Deus aben\u00e7oe voc\u00ea e at\u00e9 a pr\u00f3xima!<\/p>\n\n\n\n<p><\/p>\n\n\n\n<div class=\"wp-block-media-text alignwide is-stacked-on-mobile\" style=\"grid-template-columns:33% auto\"><figure class=\"wp-block-media-text__media\"><img fetchpriority=\"high\" decoding=\"async\" width=\"1024\" height=\"1024\" src=\"https:\/\/saojosedoipiranga.com.br\/new\/wp-content\/uploads\/2022\/03\/progamacao-semana-santa-confissao-1024x1024.jpg\" alt=\"\" class=\"wp-image-4773 size-full\" srcset=\"https:\/\/saojosedoipiranga.com.br\/new\/wp-content\/uploads\/2022\/03\/progamacao-semana-santa-confissao-1024x1025.jpg 1024w, https:\/\/saojosedoipiranga.com.br\/new\/wp-content\/uploads\/2022\/03\/progamacao-semana-santa-confissao-300x300.jpg 300w, https:\/\/saojosedoipiranga.com.br\/new\/wp-content\/uploads\/2022\/03\/progamacao-semana-santa-confissao-150x150.jpg 150w, https:\/\/saojosedoipiranga.com.br\/new\/wp-content\/uploads\/2022\/03\/progamacao-semana-santa-confissao-768x769.jpg 768w, https:\/\/saojosedoipiranga.com.br\/new\/wp-content\/uploads\/2022\/03\/progamacao-semana-santa-confissao-1534x1536.jpg 1534w, https:\/\/saojosedoipiranga.com.br\/new\/wp-content\/uploads\/2022\/03\/progamacao-semana-santa-confissao-500x501.jpg 500w, https:\/\/saojosedoipiranga.com.br\/new\/wp-content\/uploads\/2022\/03\/progamacao-semana-santa-confissao-800x801.jpg 800w, https:\/\/saojosedoipiranga.com.br\/new\/wp-content\/uploads\/2022\/03\/progamacao-semana-santa-confissao-1920x1922.jpg 1920w, https:\/\/saojosedoipiranga.com.br\/new\/wp-content\/uploads\/2022\/03\/progamacao-semana-santa-confissao-1079x1080.jpg 1079w\" sizes=\"(max-width: 1024px) 100vw, 1024px\" \/><\/figure><div class=\"wp-block-media-text__content\">\n<p style=\"font-size:18px\">A orienta\u00e7\u00e3o da Igreja \u00e9 confessar-se ao menos uma vez cada ano por ocasi\u00e3o da P\u00e1scoa, por isso teremos o mutir\u00e3o de confiss\u00f5es aqui na Par\u00f3quia nos dias 6 (quarta-feira) e 8 (sexta-feira) de abril a partir das 19h<\/p>\n<\/div><\/div>\n\n\n\n<div class=\"wp-block-cover is-light\" style=\"min-height:168px;aspect-ratio:unset;\"><span aria-hidden=\"true\" class=\"has-background-dim-100 wp-block-cover__gradient-background has-background-dim has-background-gradient\" style=\"background:linear-gradient(135deg,rgb(255,245,203) 0%,rgb(182,227,212) 70%,rgb(51,167,181) 100%)\"><\/span><div class=\"wp-block-cover__inner-container is-layout-flow wp-block-cover-is-layout-flow\">\n<p class=\"has-text-align-center has-medium-font-size\"><strong>N\u00e3o esque\u00e7a de trazer seu ramo para ser aben\u00e7oado neste domingo que celebraremos o in\u00edcio da Semana Santa.<\/strong><\/p>\n<\/div><\/div>\n\n\n\n<div class=\"wp-block-media-text alignwide is-stacked-on-mobile\" style=\"grid-template-columns:48% auto\"><figure class=\"wp-block-media-text__media\"><a href=\"https:\/\/saojosedoipiranga.com.br\/new\/2022\/03\/31\/programacao-da-semana-santa\/\"><img decoding=\"async\" width=\"1024\" height=\"1024\" src=\"https:\/\/saojosedoipiranga.com.br\/new\/wp-content\/uploads\/2022\/04\/programacao-semana-santa-1024x1024.jpg\" alt=\"\" class=\"wp-image-4849 size-full\" srcset=\"https:\/\/saojosedoipiranga.com.br\/new\/wp-content\/uploads\/2022\/04\/programacao-semana-santa-1024x1024.jpg 1024w, https:\/\/saojosedoipiranga.com.br\/new\/wp-content\/uploads\/2022\/04\/programacao-semana-santa-300x300.jpg 300w, https:\/\/saojosedoipiranga.com.br\/new\/wp-content\/uploads\/2022\/04\/programacao-semana-santa-150x150.jpg 150w, https:\/\/saojosedoipiranga.com.br\/new\/wp-content\/uploads\/2022\/04\/programacao-semana-santa-768x768.jpg 768w, https:\/\/saojosedoipiranga.com.br\/new\/wp-content\/uploads\/2022\/04\/programacao-semana-santa-1536x1536.jpg 1536w, https:\/\/saojosedoipiranga.com.br\/new\/wp-content\/uploads\/2022\/04\/programacao-semana-santa-2048x2048.jpg 2048w, https:\/\/saojosedoipiranga.com.br\/new\/wp-content\/uploads\/2022\/04\/programacao-semana-santa-500x500.jpg 500w, https:\/\/saojosedoipiranga.com.br\/new\/wp-content\/uploads\/2022\/04\/programacao-semana-santa-800x800.jpg 800w, https:\/\/saojosedoipiranga.com.br\/new\/wp-content\/uploads\/2022\/04\/programacao-semana-santa-1280x1280.jpg 1280w, https:\/\/saojosedoipiranga.com.br\/new\/wp-content\/uploads\/2022\/04\/programacao-semana-santa-1920x1920.jpg 1920w, https:\/\/saojosedoipiranga.com.br\/new\/wp-content\/uploads\/2022\/04\/programacao-semana-santa-1080x1080.jpg 1080w\" sizes=\"(max-width: 1024px) 100vw, 1024px\" \/><\/a><\/figure><div class=\"wp-block-media-text__content\">\n<p style=\"font-size:25px\">Acompanhe a programa\u00e7\u00e3o <br>da Semana Santa<\/p>\n<\/div><\/div>\n\n    <div class=\"xs_social_share_widget xs_share_url after_content \t\tmain_content  wslu-style-1 wslu-share-box-shaped wslu-fill-colored wslu-none wslu-share-horizontal wslu-theme-font-no wslu-main_content\">\n\n\t\t\n        <ul>\n\t\t\t        <\/ul>\n    <\/div> \n","protected":false},"excerpt":{"rendered":"<p>Para realizar uma confiss\u00e3o adequada, s\u00e3o necess\u00e1rias, pelo menos, cinco condi\u00e7\u00f5es: Confesse seus pecados com a f\u00e9 em Jesus Cristo. E lembre-se: \u201cSe confessarmos nossos pecados, fiel e justo \u00e9&hellip; <br \/> <a class=\"read-more\" href=\"https:\/\/saojosedoipiranga.com.br\/new\/2022\/04\/08\/como-fazer-uma-boa-confissao\/\">Leia mais<\/a><\/p>\n","protected":false},"author":3,"featured_media":4843,"comment_status":"closed","ping_status":"open","sticky":false,"template":"","format":"standard","meta":{"_vp_format_video_url":"","_vp_image_focal_point":[],"footnotes":""},"categories":[442,2,3,5,8,9,10],"tags":[78,483,91,491,482,484,311,485,357,377],"class_list":["post-4840","post","type-post","status-publish","format-standard","has-post-thumbnail","hentry","category-acontece","category-avisos_semanais","category-blog","category-diversos","category-eventos","category-formacao","category-noticias","tag-confissao","tag-conversao","tag-cristo","tag-igreja-catolica-2","tag-penitencia","tag-perdao-2","tag-reconciliacao","tag-sacramentos","tag-sao-jose","tag-semana-santa"],"_links":{"self":[{"href":"https:\/\/saojosedoipiranga.com.br\/new\/wp-json\/wp\/v2\/posts\/4840","targetHints":{"allow":["GET"]}}],"collection":[{"href":"https:\/\/saojosedoipiranga.com.br\/new\/wp-json\/wp\/v2\/posts"}],"about":[{"href":"https:\/\/saojosedoipiranga.com.br\/new\/wp-json\/wp\/v2\/types\/post"}],"author":[{"embeddable":true,"href":"https:\/\/saojosedoipiranga.com.br\/new\/wp-json\/wp\/v2\/users\/3"}],"replies":[{"embeddable":true,"href":"https:\/\/saojosedoipiranga.com.br\/new\/wp-json\/wp\/v2\/comments?post=4840"}],"version-history":[{"count":3,"href":"https:\/\/saojosedoipiranga.com.br\/new\/wp-json\/wp\/v2\/posts\/4840\/revisions"}],"predecessor-version":[{"id":4854,"href":"https:\/\/saojosedoipiranga.com.br\/new\/wp-json\/wp\/v2\/posts\/4840\/revisions\/4854"}],"wp:featuredmedia":[{"embeddable":true,"href":"https:\/\/saojosedoipiranga.com.br\/new\/wp-json\/wp\/v2\/media\/4843"}],"wp:attachment":[{"href":"https:\/\/saojosedoipiranga.com.br\/new\/wp-json\/wp\/v2\/media?parent=4840"}],"wp:term":[{"taxonomy":"category","embeddable":true,"href":"https:\/\/saojosedoipiranga.com.br\/new\/wp-json\/wp\/v2\/categories?post=4840"},{"taxonomy":"post_tag","embeddable":true,"href":"https:\/\/saojosedoipiranga.com.br\/new\/wp-json\/wp\/v2\/tags?post=4840"}],"curies":[{"name":"wp","href":"https:\/\/api.w.org\/{rel}","templated":true}]}}