{"id":4835,"date":"2022-04-07T12:03:00","date_gmt":"2022-04-07T15:03:00","guid":{"rendered":"https:\/\/saojosedoipiranga.com.br\/new\/?p=4835"},"modified":"2022-04-06T14:18:48","modified_gmt":"2022-04-06T17:18:48","slug":"qual-o-nome-correto-deste-sacramento","status":"publish","type":"post","link":"https:\/\/saojosedoipiranga.com.br\/new\/2022\/04\/07\/qual-o-nome-correto-deste-sacramento\/","title":{"rendered":"Qual o nome correto deste sacramento?"},"content":{"rendered":"\n<figure class=\"wp-block-image size-large\"><img fetchpriority=\"high\" decoding=\"async\" width=\"1024\" height=\"683\" src=\"https:\/\/saojosedoipiranga.com.br\/new\/wp-content\/uploads\/2022\/04\/hands-holding-cross-while-praying-1024x683.jpg\" alt=\"\" class=\"wp-image-4834\" srcset=\"https:\/\/saojosedoipiranga.com.br\/new\/wp-content\/uploads\/2022\/04\/hands-holding-cross-while-praying-1024x683.jpg 1024w, https:\/\/saojosedoipiranga.com.br\/new\/wp-content\/uploads\/2022\/04\/hands-holding-cross-while-praying-300x200.jpg 300w, https:\/\/saojosedoipiranga.com.br\/new\/wp-content\/uploads\/2022\/04\/hands-holding-cross-while-praying-768x512.jpg 768w, https:\/\/saojosedoipiranga.com.br\/new\/wp-content\/uploads\/2022\/04\/hands-holding-cross-while-praying-1536x1024.jpg 1536w, https:\/\/saojosedoipiranga.com.br\/new\/wp-content\/uploads\/2022\/04\/hands-holding-cross-while-praying-2048x1365.jpg 2048w, https:\/\/saojosedoipiranga.com.br\/new\/wp-content\/uploads\/2022\/04\/hands-holding-cross-while-praying-500x333.jpg 500w, https:\/\/saojosedoipiranga.com.br\/new\/wp-content\/uploads\/2022\/04\/hands-holding-cross-while-praying-800x533.jpg 800w, https:\/\/saojosedoipiranga.com.br\/new\/wp-content\/uploads\/2022\/04\/hands-holding-cross-while-praying-1280x853.jpg 1280w, https:\/\/saojosedoipiranga.com.br\/new\/wp-content\/uploads\/2022\/04\/hands-holding-cross-while-praying-1920x1280.jpg 1920w, https:\/\/saojosedoipiranga.com.br\/new\/wp-content\/uploads\/2022\/04\/hands-holding-cross-while-praying-1620x1080.jpg 1620w\" sizes=\"(max-width: 1024px) 100vw, 1024px\" \/><\/figure>\n\n\n\n<p>\u00c9 chamado&nbsp;<em><u><mark style=\"background-color:rgba(0, 0, 0, 0)\" class=\"has-inline-color has-vivid-purple-color\"><strong>SACRAMENTO DA CONVERS\u00c3O<\/strong><\/mark><\/u>,&nbsp;<\/em>porque realiza sacramentalmente o apelo de Jesus \u00e0 convers\u00e3o e o esfor\u00e7o de regressar \u00e0 casa do Pai da qual o pecador se afastou pelo pecado.<\/p>\n\n\n\n<p>\u00c9 chamado<em>&nbsp;<u><mark style=\"background-color:rgba(0, 0, 0, 0)\" class=\"has-inline-color has-vivid-purple-color\"><strong>SACRAMENTO DA PENIT\u00caNCIA<\/strong><\/mark><\/u>,&nbsp;<\/em>porque consagra uma caminhada pessoal e eclesial de convers\u00e3o, de arrependimento e de satisfa\u00e7\u00e3o por parte do crist\u00e3o pecador.<\/p>\n\n\n\n<p>\u00c9 chamado&nbsp;<em><u><mark style=\"background-color:rgba(0, 0, 0, 0)\" class=\"has-inline-color has-vivid-purple-color\"><strong>SACRAMENTO DA CONFISS\u00c3O<\/strong><\/mark><\/u>,&nbsp;<\/em>porque o reconhecimento, a confiss\u00e3o dos pecados perante o sacerdote \u00e9 um elemento essencial deste sacramento. Num sentido profundo, este sacramento \u00e9 tamb\u00e9m uma \u00abconfiss\u00e3o\u00bb, reconhecimento e louvor da santidade de Deus e da sua miseric\u00f3rdia para com o homem pecador.<\/p>\n\n\n\n<p>\u00c9 chamado&nbsp;<em><u><mark style=\"background-color:rgba(0, 0, 0, 0)\" class=\"has-inline-color has-vivid-purple-color\"><strong>SACRAMENTO DO PERD\u00c3O<\/strong><\/mark><\/u>,&nbsp;<\/em>porque, pela absolvi\u00e7\u00e3o sacramental do sacerdote, Deus concede ao penitente \u00abo perd\u00e3o e a paz\u00bb. <\/p>\n\n\n\n<p>\u00c9 chamado&nbsp;<em><u><mark style=\"background-color:rgba(0, 0, 0, 0)\" class=\"has-inline-color has-vivid-purple-color\"><strong>SACRAMENTO DA RECONCILIA\u00c7\u00c3O<\/strong><\/mark><\/u>,&nbsp;<\/em>porque d\u00e1 ao pecador o amor de Deus que reconcilia: \u00abDeixai-vos reconciliar com Deus\u00bb&nbsp;<em>(2 Cor&nbsp;<\/em>5, 20). Aquele que vive do amor misericordioso de Deus est\u00e1 pronto para responder ao apelo do Senhor: \u00abVai primeiro reconciliar-te com teu irm\u00e3o\u00bb&nbsp;<em>(Mt 5, 24).<\/em><\/p>\n\n\n\n<p><\/p>\n\n\n\n<div class=\"wp-block-media-text alignwide is-stacked-on-mobile\" style=\"grid-template-columns:33% auto\"><figure class=\"wp-block-media-text__media\"><img decoding=\"async\" width=\"1024\" height=\"1024\" src=\"https:\/\/saojosedoipiranga.com.br\/new\/wp-content\/uploads\/2022\/03\/progamacao-semana-santa-confissao-1024x1024.jpg\" alt=\"\" class=\"wp-image-4773 size-full\" srcset=\"https:\/\/saojosedoipiranga.com.br\/new\/wp-content\/uploads\/2022\/03\/progamacao-semana-santa-confissao-1024x1025.jpg 1024w, https:\/\/saojosedoipiranga.com.br\/new\/wp-content\/uploads\/2022\/03\/progamacao-semana-santa-confissao-300x300.jpg 300w, https:\/\/saojosedoipiranga.com.br\/new\/wp-content\/uploads\/2022\/03\/progamacao-semana-santa-confissao-150x150.jpg 150w, https:\/\/saojosedoipiranga.com.br\/new\/wp-content\/uploads\/2022\/03\/progamacao-semana-santa-confissao-768x769.jpg 768w, https:\/\/saojosedoipiranga.com.br\/new\/wp-content\/uploads\/2022\/03\/progamacao-semana-santa-confissao-1534x1536.jpg 1534w, https:\/\/saojosedoipiranga.com.br\/new\/wp-content\/uploads\/2022\/03\/progamacao-semana-santa-confissao-500x501.jpg 500w, https:\/\/saojosedoipiranga.com.br\/new\/wp-content\/uploads\/2022\/03\/progamacao-semana-santa-confissao-800x801.jpg 800w, https:\/\/saojosedoipiranga.com.br\/new\/wp-content\/uploads\/2022\/03\/progamacao-semana-santa-confissao-1920x1922.jpg 1920w, https:\/\/saojosedoipiranga.com.br\/new\/wp-content\/uploads\/2022\/03\/progamacao-semana-santa-confissao-1079x1080.jpg 1079w\" sizes=\"(max-width: 1024px) 100vw, 1024px\" \/><\/figure><div class=\"wp-block-media-text__content\">\n<p style=\"font-size:18px\">A orienta\u00e7\u00e3o da Igreja \u00e9 confessar-se ao menos uma vez cada ano por ocasi\u00e3o da P\u00e1scoa, por isso teremos o mutir\u00e3o de confiss\u00f5es aqui na Par\u00f3quia nos dias 6 (quarta-feira) e 8 (sexta-feira) de abril a partir das 19h<\/p>\n<\/div><\/div>\n\n\n\n<div class=\"wp-block-cover is-light\" style=\"min-height:168px;aspect-ratio:unset;\"><span aria-hidden=\"true\" class=\"has-background-dim-100 wp-block-cover__gradient-background has-background-dim has-background-gradient\" style=\"background:linear-gradient(135deg,rgb(255,245,203) 0%,rgb(182,227,212) 70%,rgb(51,167,181) 100%)\"><\/span><div class=\"wp-block-cover__inner-container is-layout-flow wp-block-cover-is-layout-flow\">\n<p class=\"has-text-align-center has-medium-font-size\"><strong>N\u00e3o esque\u00e7a de trazer seu ramo para ser aben\u00e7oado neste domingo que celebraremos o in\u00edcio da Semana Santa.<\/strong><\/p>\n<\/div><\/div>\n\n\n\n<div class=\"wp-block-media-text alignwide is-stacked-on-mobile\" style=\"grid-template-columns:48% auto\"><figure class=\"wp-block-media-text__media\"><a href=\"https:\/\/saojosedoipiranga.com.br\/new\/2022\/03\/31\/programacao-da-semana-santa\/\"><img decoding=\"async\" width=\"1024\" height=\"1024\" src=\"https:\/\/saojosedoipiranga.com.br\/new\/wp-content\/uploads\/2022\/04\/programacao-semana-santa-1024x1024.jpg\" alt=\"\" class=\"wp-image-4849 size-full\" srcset=\"https:\/\/saojosedoipiranga.com.br\/new\/wp-content\/uploads\/2022\/04\/programacao-semana-santa-1024x1024.jpg 1024w, https:\/\/saojosedoipiranga.com.br\/new\/wp-content\/uploads\/2022\/04\/programacao-semana-santa-300x300.jpg 300w, https:\/\/saojosedoipiranga.com.br\/new\/wp-content\/uploads\/2022\/04\/programacao-semana-santa-150x150.jpg 150w, https:\/\/saojosedoipiranga.com.br\/new\/wp-content\/uploads\/2022\/04\/programacao-semana-santa-768x768.jpg 768w, https:\/\/saojosedoipiranga.com.br\/new\/wp-content\/uploads\/2022\/04\/programacao-semana-santa-1536x1536.jpg 1536w, https:\/\/saojosedoipiranga.com.br\/new\/wp-content\/uploads\/2022\/04\/programacao-semana-santa-2048x2048.jpg 2048w, https:\/\/saojosedoipiranga.com.br\/new\/wp-content\/uploads\/2022\/04\/programacao-semana-santa-500x500.jpg 500w, https:\/\/saojosedoipiranga.com.br\/new\/wp-content\/uploads\/2022\/04\/programacao-semana-santa-800x800.jpg 800w, https:\/\/saojosedoipiranga.com.br\/new\/wp-content\/uploads\/2022\/04\/programacao-semana-santa-1280x1280.jpg 1280w, https:\/\/saojosedoipiranga.com.br\/new\/wp-content\/uploads\/2022\/04\/programacao-semana-santa-1920x1920.jpg 1920w, https:\/\/saojosedoipiranga.com.br\/new\/wp-content\/uploads\/2022\/04\/programacao-semana-santa-1080x1080.jpg 1080w\" sizes=\"(max-width: 1024px) 100vw, 1024px\" \/><\/a><\/figure><div class=\"wp-block-media-text__content\">\n<p style=\"font-size:25px\">Acompanhe a programa\u00e7\u00e3o <br>da Semana Santa<\/p>\n<\/div><\/div>\n\n    <div class=\"xs_social_share_widget xs_share_url after_content \t\tmain_content  wslu-style-1 wslu-share-box-shaped wslu-fill-colored wslu-none wslu-share-horizontal wslu-theme-font-no wslu-main_content\">\n\n\t\t\n        <ul>\n\t\t\t        <\/ul>\n    <\/div> \n","protected":false},"excerpt":{"rendered":"<p>\u00c9 chamado&nbsp;SACRAMENTO DA CONVERS\u00c3O,&nbsp;porque realiza sacramentalmente o apelo de Jesus \u00e0 convers\u00e3o e o esfor\u00e7o de regressar \u00e0 casa do Pai da qual o pecador se afastou pelo pecado. \u00c9&hellip; <br \/> <a class=\"read-more\" href=\"https:\/\/saojosedoipiranga.com.br\/new\/2022\/04\/07\/qual-o-nome-correto-deste-sacramento\/\">Leia mais<\/a><\/p>\n","protected":false},"author":3,"featured_media":4836,"comment_status":"closed","ping_status":"open","sticky":false,"template":"","format":"standard","meta":{"_vp_format_video_url":"","_vp_image_focal_point":[],"footnotes":""},"categories":[442,2,3,5,8,9,10],"tags":[78,483,91,271,484,486,485],"class_list":["post-4835","post","type-post","status-publish","format-standard","has-post-thumbnail","hentry","category-acontece","category-avisos_semanais","category-blog","category-diversos","category-eventos","category-formacao","category-noticias","tag-confissao","tag-conversao","tag-cristo","tag-paroquia-sao-jose-do-ipiranga-2","tag-perdao-2","tag-sacramento-da-reconciliacao","tag-sacramentos"],"_links":{"self":[{"href":"https:\/\/saojosedoipiranga.com.br\/new\/wp-json\/wp\/v2\/posts\/4835","targetHints":{"allow":["GET"]}}],"collection":[{"href":"https:\/\/saojosedoipiranga.com.br\/new\/wp-json\/wp\/v2\/posts"}],"about":[{"href":"https:\/\/saojosedoipiranga.com.br\/new\/wp-json\/wp\/v2\/types\/post"}],"author":[{"embeddable":true,"href":"https:\/\/saojosedoipiranga.com.br\/new\/wp-json\/wp\/v2\/users\/3"}],"replies":[{"embeddable":true,"href":"https:\/\/saojosedoipiranga.com.br\/new\/wp-json\/wp\/v2\/comments?post=4835"}],"version-history":[{"count":3,"href":"https:\/\/saojosedoipiranga.com.br\/new\/wp-json\/wp\/v2\/posts\/4835\/revisions"}],"predecessor-version":[{"id":4853,"href":"https:\/\/saojosedoipiranga.com.br\/new\/wp-json\/wp\/v2\/posts\/4835\/revisions\/4853"}],"wp:featuredmedia":[{"embeddable":true,"href":"https:\/\/saojosedoipiranga.com.br\/new\/wp-json\/wp\/v2\/media\/4836"}],"wp:attachment":[{"href":"https:\/\/saojosedoipiranga.com.br\/new\/wp-json\/wp\/v2\/media?parent=4835"}],"wp:term":[{"taxonomy":"category","embeddable":true,"href":"https:\/\/saojosedoipiranga.com.br\/new\/wp-json\/wp\/v2\/categories?post=4835"},{"taxonomy":"post_tag","embeddable":true,"href":"https:\/\/saojosedoipiranga.com.br\/new\/wp-json\/wp\/v2\/tags?post=4835"}],"curies":[{"name":"wp","href":"https:\/\/api.w.org\/{rel}","templated":true}]}}