{"id":4829,"date":"2022-04-06T12:04:00","date_gmt":"2022-04-06T15:04:00","guid":{"rendered":"https:\/\/saojosedoipiranga.com.br\/new\/?p=4829"},"modified":"2022-04-06T09:09:21","modified_gmt":"2022-04-06T12:09:21","slug":"confissao-conversao-perdao-penitencia-ou-reconciliacao","status":"publish","type":"post","link":"https:\/\/saojosedoipiranga.com.br\/new\/2022\/04\/06\/confissao-conversao-perdao-penitencia-ou-reconciliacao\/","title":{"rendered":"Confiss\u00e3o, Convers\u00e3o, Perd\u00e3o, Penit\u00eancia ou Reconcilia\u00e7\u00e3o?"},"content":{"rendered":"\n<p style=\"font-size:25px\"><em>Confessar \u00e9 renascer para uma vida nova, \u00e9 entregar-se \u00e0 convers\u00e3o<\/em><\/p>\n\n\n\n<p>A&nbsp;<a href=\"https:\/\/formacao.cancaonova.com\/liturgia\/tempo-liturgico\/pascoa\/nossa-religiao-gira-em-torno-da-pascoa\/\" target=\"_blank\" rel=\"noreferrer noopener\">P\u00e1scoa<\/a>,&nbsp;para n\u00f3s crist\u00e3os, representa um tempo de renova\u00e7\u00e3o e convers\u00e3o. Ap\u00f3s o per\u00edodo da Quaresma, em que nos dedicamos com maior afinco \u00e0s pr\u00e1ticas do jejum, da ora\u00e7\u00e3o e da penit\u00eancia, faz-se necess\u00e1rio que, ao testemunhar a miseric\u00f3rdia de Deus para conosco, que entregou seu filho unig\u00eanito para a morte e ressurrei\u00e7\u00e3o, possamos celebrar essa data livres do pecado.<\/p>\n\n\n\n<p>Ao instituir o sacramento da Penit\u00eancia, o&nbsp;<a href=\"https:\/\/formacao.cancaonova.com\/igreja\/catequese\/conheca-e-entenda-os-cinco-defeitos-de-jesus-cristo\/\" target=\"_blank\" rel=\"noreferrer noopener\">Cristo<\/a>&nbsp;ressuscitado apareceu aos disc\u00edpulos, e desejando-lhes a paz, soprou sobre eles dizendo: <em>\u201cRecebei o Esp\u00edrito Santo. A quem perdoardes os pecados, ser\u00e3o perdoados, a quem retiverdes, lhes ser\u00e3o retidos\u201d (Jo 20,22-23)<\/em>. Por esse sinal, confiou-se \u00e0 Igreja e aos seus sacerdotes, a sucess\u00e3o leg\u00edtima dos ap\u00f3stolos, para perdoarem os pecados e reconciliar os fi\u00e9is que fraquejaram depois do batismo.<\/p>\n\n\n\n<p><strong>A viv\u00eancia da P\u00e1scoa passa necessariamente pela confiss\u00e3o, pois a confiss\u00e3o \u00e9 um banho espiritual que ressuscita a alma.<\/strong><\/p>\n\n\n\n<p>Da mesma forma que \u00e9 preciso tomar banho todos os dias para manter o corpo limpo, h\u00e1 a necessidade de confessar-se para garantir a limpeza espiritual. A confiss\u00e3o apaga completamente os pecados, mesmo os mortais, e concede a gra\u00e7a santificante. Aumenta os m\u00e9ritos diante de Deus, se reconcilia consigo mesmo e com os irm\u00e3os e nos entregamos para uma nova vida no caminho da salva\u00e7\u00e3o.\u00a0Tamb\u00e9m permite desenvolver todas as virtudes, al\u00e9m de proporcionar tranquilidade de consci\u00eancia, al\u00edvio das m\u00e1goas e consolo espiritual.<\/p>\n\n\n\n<div class=\"wp-block-media-text alignwide is-stacked-on-mobile\"><figure class=\"wp-block-media-text__media\"><img fetchpriority=\"high\" decoding=\"async\" width=\"1024\" height=\"683\" src=\"https:\/\/saojosedoipiranga.com.br\/new\/wp-content\/uploads\/2022\/04\/confissao-1-1024x683.jpg\" alt=\"\" class=\"wp-image-4831 size-full\" srcset=\"https:\/\/saojosedoipiranga.com.br\/new\/wp-content\/uploads\/2022\/04\/confissao-1-1024x683.jpg 1024w, https:\/\/saojosedoipiranga.com.br\/new\/wp-content\/uploads\/2022\/04\/confissao-1-300x200.jpg 300w, https:\/\/saojosedoipiranga.com.br\/new\/wp-content\/uploads\/2022\/04\/confissao-1-768x512.jpg 768w, https:\/\/saojosedoipiranga.com.br\/new\/wp-content\/uploads\/2022\/04\/confissao-1-1536x1024.jpg 1536w, https:\/\/saojosedoipiranga.com.br\/new\/wp-content\/uploads\/2022\/04\/confissao-1-2048x1365.jpg 2048w, https:\/\/saojosedoipiranga.com.br\/new\/wp-content\/uploads\/2022\/04\/confissao-1-500x333.jpg 500w, https:\/\/saojosedoipiranga.com.br\/new\/wp-content\/uploads\/2022\/04\/confissao-1-800x533.jpg 800w, https:\/\/saojosedoipiranga.com.br\/new\/wp-content\/uploads\/2022\/04\/confissao-1-1280x853.jpg 1280w, https:\/\/saojosedoipiranga.com.br\/new\/wp-content\/uploads\/2022\/04\/confissao-1-1920x1280.jpg 1920w, https:\/\/saojosedoipiranga.com.br\/new\/wp-content\/uploads\/2022\/04\/confissao-1-1620x1080.jpg 1620w\" sizes=\"(max-width: 1024px) 100vw, 1024px\" \/><\/figure><div class=\"wp-block-media-text__content\">\n<p style=\"font-size:18px\">Tamb\u00e9m permite desenvolver todas as virtudes, al\u00e9m de proporcionar tranquilidade de consci\u00eancia, al\u00edvio das m\u00e1goas e consolo espiritual.<\/p>\n<\/div><\/div>\n\n\n\n<p>Algo muito importante a ser lembrado \u00e9 que o pecado, mesmo que pessoal, fere tamb\u00e9m a Igreja, uma vez que o pecador tem responsabilidade perante ela.\u00a0<a rel=\"noreferrer noopener\" href=\"http:\/\/santo.cancaonova.com\/santo\/sao-joao-paulo-ii\/\" target=\"_blank\">S\u00e3o Jo\u00e3o Paulo II<\/a>, na sua Exorta\u00e7\u00e3o Apost\u00f3lica Reconcilia\u00e7\u00e3o e Penit\u00eancia, fala do \u201cpecado social\u201d: \u201cTodo o pecado se repercute, com maior ou menor veem\u00eancia, com maior ou menor dano, em toda a estrutura eclesial e em toda a fam\u00edlia humana. Segundo esta primeira acep\u00e7\u00e3o, a cada pecado pode atribuir-se indiscutivelmente o car\u00e1ter de pecado social\u201d.<\/p>\n\n\n\n<p><\/p>\n\n\n\n<div class=\"wp-block-media-text alignwide is-stacked-on-mobile\" style=\"grid-template-columns:33% auto\"><figure class=\"wp-block-media-text__media\"><img decoding=\"async\" width=\"1024\" height=\"1024\" src=\"https:\/\/saojosedoipiranga.com.br\/new\/wp-content\/uploads\/2022\/03\/progamacao-semana-santa-confissao-1024x1024.jpg\" alt=\"\" class=\"wp-image-4773 size-full\" srcset=\"https:\/\/saojosedoipiranga.com.br\/new\/wp-content\/uploads\/2022\/03\/progamacao-semana-santa-confissao-1024x1025.jpg 1024w, https:\/\/saojosedoipiranga.com.br\/new\/wp-content\/uploads\/2022\/03\/progamacao-semana-santa-confissao-300x300.jpg 300w, https:\/\/saojosedoipiranga.com.br\/new\/wp-content\/uploads\/2022\/03\/progamacao-semana-santa-confissao-150x150.jpg 150w, https:\/\/saojosedoipiranga.com.br\/new\/wp-content\/uploads\/2022\/03\/progamacao-semana-santa-confissao-768x769.jpg 768w, https:\/\/saojosedoipiranga.com.br\/new\/wp-content\/uploads\/2022\/03\/progamacao-semana-santa-confissao-1534x1536.jpg 1534w, https:\/\/saojosedoipiranga.com.br\/new\/wp-content\/uploads\/2022\/03\/progamacao-semana-santa-confissao-500x501.jpg 500w, https:\/\/saojosedoipiranga.com.br\/new\/wp-content\/uploads\/2022\/03\/progamacao-semana-santa-confissao-800x801.jpg 800w, https:\/\/saojosedoipiranga.com.br\/new\/wp-content\/uploads\/2022\/03\/progamacao-semana-santa-confissao-1920x1922.jpg 1920w, https:\/\/saojosedoipiranga.com.br\/new\/wp-content\/uploads\/2022\/03\/progamacao-semana-santa-confissao-1079x1080.jpg 1079w\" sizes=\"(max-width: 1024px) 100vw, 1024px\" \/><\/figure><div class=\"wp-block-media-text__content\">\n<p style=\"font-size:18px\">A orienta\u00e7\u00e3o da Igreja \u00e9 confessar-se ao menos uma vez cada ano por ocasi\u00e3o da P\u00e1scoa, por isso teremos o mutir\u00e3o de confiss\u00f5es aqui na Par\u00f3quia nos dias 6 (quarta-feira) e 8 (sexta-feira) de abril a partir das 19h<\/p>\n<\/div><\/div>\n\n    <div class=\"xs_social_share_widget xs_share_url after_content \t\tmain_content  wslu-style-1 wslu-share-box-shaped wslu-fill-colored wslu-none wslu-share-horizontal wslu-theme-font-no wslu-main_content\">\n\n\t\t\n        <ul>\n\t\t\t        <\/ul>\n    <\/div> \n","protected":false},"excerpt":{"rendered":"<p>Confessar \u00e9 renascer para uma vida nova, \u00e9 entregar-se \u00e0 convers\u00e3o A&nbsp;P\u00e1scoa,&nbsp;para n\u00f3s crist\u00e3os, representa um tempo de renova\u00e7\u00e3o e convers\u00e3o. Ap\u00f3s o per\u00edodo da Quaresma, em que nos dedicamos&hellip; <br \/> <a class=\"read-more\" href=\"https:\/\/saojosedoipiranga.com.br\/new\/2022\/04\/06\/confissao-conversao-perdao-penitencia-ou-reconciliacao\/\">Leia mais<\/a><\/p>\n","protected":false},"author":3,"featured_media":4802,"comment_status":"closed","ping_status":"open","sticky":false,"template":"","format":"standard","meta":{"_vp_format_video_url":"","_vp_image_focal_point":[],"footnotes":""},"categories":[442,2,3,5,8,9,10],"tags":[78,483,166,272,481,482,484,311,357,377],"class_list":["post-4829","post","type-post","status-publish","format-standard","has-post-thumbnail","hentry","category-acontece","category-avisos_semanais","category-blog","category-diversos","category-eventos","category-formacao","category-noticias","tag-confissao","tag-conversao","tag-igreja-catolica","tag-paroquia-sao-jose-do-ipiranga-3","tag-pascoa-2","tag-penitencia","tag-perdao-2","tag-reconciliacao","tag-sao-jose","tag-semana-santa"],"_links":{"self":[{"href":"https:\/\/saojosedoipiranga.com.br\/new\/wp-json\/wp\/v2\/posts\/4829","targetHints":{"allow":["GET"]}}],"collection":[{"href":"https:\/\/saojosedoipiranga.com.br\/new\/wp-json\/wp\/v2\/posts"}],"about":[{"href":"https:\/\/saojosedoipiranga.com.br\/new\/wp-json\/wp\/v2\/types\/post"}],"author":[{"embeddable":true,"href":"https:\/\/saojosedoipiranga.com.br\/new\/wp-json\/wp\/v2\/users\/3"}],"replies":[{"embeddable":true,"href":"https:\/\/saojosedoipiranga.com.br\/new\/wp-json\/wp\/v2\/comments?post=4829"}],"version-history":[{"count":1,"href":"https:\/\/saojosedoipiranga.com.br\/new\/wp-json\/wp\/v2\/posts\/4829\/revisions"}],"predecessor-version":[{"id":4832,"href":"https:\/\/saojosedoipiranga.com.br\/new\/wp-json\/wp\/v2\/posts\/4829\/revisions\/4832"}],"wp:featuredmedia":[{"embeddable":true,"href":"https:\/\/saojosedoipiranga.com.br\/new\/wp-json\/wp\/v2\/media\/4802"}],"wp:attachment":[{"href":"https:\/\/saojosedoipiranga.com.br\/new\/wp-json\/wp\/v2\/media?parent=4829"}],"wp:term":[{"taxonomy":"category","embeddable":true,"href":"https:\/\/saojosedoipiranga.com.br\/new\/wp-json\/wp\/v2\/categories?post=4829"},{"taxonomy":"post_tag","embeddable":true,"href":"https:\/\/saojosedoipiranga.com.br\/new\/wp-json\/wp\/v2\/tags?post=4829"}],"curies":[{"name":"wp","href":"https:\/\/api.w.org\/{rel}","templated":true}]}}