{"id":4820,"date":"2022-04-08T08:03:00","date_gmt":"2022-04-08T11:03:00","guid":{"rendered":"https:\/\/saojosedoipiranga.com.br\/new\/?p=4820"},"modified":"2022-04-06T13:45:46","modified_gmt":"2022-04-06T16:45:46","slug":"palmeira-ou-oliveira","status":"publish","type":"post","link":"https:\/\/saojosedoipiranga.com.br\/new\/2022\/04\/08\/palmeira-ou-oliveira\/","title":{"rendered":"Palmeira ou Oliveira?"},"content":{"rendered":"\n<p>A liturgia do Domingo de Ramos, na esteira dos Evangelhos, est\u00e1 associada a duas \u00e1rvores que t\u00eam um valor simb\u00f3lico na B\u00edblia e na tradi\u00e7\u00e3o crist\u00e3.<\/p>\n\n\n\n<p>Segundo o Evangelho de Mateus (21,8), introduz um sinal particular de festa, os ramos verdejantes, que no Evangelho de Jo\u00e3o s\u00e3o especificadas como \u201cramos de palmeira\u201d (12,13).<\/p>\n\n\n\n<p>\u00c9 na sequ\u00eancia destas representa\u00e7\u00f5es que a liturgia de Ramos prop\u00f5e a prociss\u00e3o das palmas, \u00e0s quais se associam as oliveiras, porque a entrada de Jesus parte de Betfag\u00e9, uma vila nas encostas do monte das Oliveiras (Mt 21,1).<\/p>\n\n\n\n<p>Na contempla\u00e7\u00e3o b\u00edblica da natureza encontramos estas duas \u00e1rvores que revestem um valor emblem\u00e1tico nas p\u00e1ginas sagradas e na tradi\u00e7\u00e3o judaica e crist\u00e3 (a festa das Cabanas, por exemplo, compreende um, ritual em que se agitam palmas, em sinal de alegria).<\/p>\n\n\n\n<div class=\"wp-block-media-text alignwide is-stacked-on-mobile\"><figure class=\"wp-block-media-text__media\"><img fetchpriority=\"high\" decoding=\"async\" width=\"1024\" height=\"1024\" src=\"https:\/\/saojosedoipiranga.com.br\/new\/wp-content\/uploads\/2022\/03\/palmeira-1-1024x1024.webp\" alt=\"\" class=\"wp-image-4760 size-full\" srcset=\"https:\/\/saojosedoipiranga.com.br\/new\/wp-content\/uploads\/2022\/03\/palmeira-1-1024x1024.webp 1024w, https:\/\/saojosedoipiranga.com.br\/new\/wp-content\/uploads\/2022\/03\/palmeira-1-300x300.webp 300w, https:\/\/saojosedoipiranga.com.br\/new\/wp-content\/uploads\/2022\/03\/palmeira-1-150x150.webp 150w, https:\/\/saojosedoipiranga.com.br\/new\/wp-content\/uploads\/2022\/03\/palmeira-1-768x768.webp 768w, https:\/\/saojosedoipiranga.com.br\/new\/wp-content\/uploads\/2022\/03\/palmeira-1-500x500.webp 500w, https:\/\/saojosedoipiranga.com.br\/new\/wp-content\/uploads\/2022\/03\/palmeira-1-800x800.webp 800w, https:\/\/saojosedoipiranga.com.br\/new\/wp-content\/uploads\/2022\/03\/palmeira-1.webp 1080w\" sizes=\"(max-width: 1024px) 100vw, 1024px\" \/><\/figure><div class=\"wp-block-media-text__content\">\n<p style=\"font-size:18px\">Em hebraico, \u201cpalma\u201d \u00e9 \u201ctamar\u201d, que se torna tamb\u00e9m um nome de pessoa (como a infeliz irm\u00e3 de Absal\u00e3o, filho de David, conforme 2 Samuel 13), e de defini\u00e7\u00e3o de localiza\u00e7\u00e3o (Jeric\u00f3 era dita \u201c a cidade das palmas\u201d).<\/p>\n<\/div><\/div>\n\n\n\n<div class=\"wp-block-media-text alignwide has-media-on-the-right is-stacked-on-mobile\"><figure class=\"wp-block-media-text__media\"><img decoding=\"async\" width=\"600\" height=\"400\" src=\"https:\/\/saojosedoipiranga.com.br\/new\/wp-content\/uploads\/2022\/03\/depositphotos_6774691-stock-photo-olive-branch.webp\" alt=\"\" class=\"wp-image-4761 size-full\" srcset=\"https:\/\/saojosedoipiranga.com.br\/new\/wp-content\/uploads\/2022\/03\/depositphotos_6774691-stock-photo-olive-branch.webp 600w, https:\/\/saojosedoipiranga.com.br\/new\/wp-content\/uploads\/2022\/03\/depositphotos_6774691-stock-photo-olive-branch-300x200.webp 300w, https:\/\/saojosedoipiranga.com.br\/new\/wp-content\/uploads\/2022\/03\/depositphotos_6774691-stock-photo-olive-branch-500x333.webp 500w\" sizes=\"(max-width: 600px) 100vw, 600px\" \/><\/figure><div class=\"wp-block-media-text__content\">\n<p>\u00c0 oliveira, por seu lado, seria necess\u00e1rio dedicar um longo tratado, porque \u00e9, com as videiras e o figo, um vegetal do mediterr\u00e2neo muito querido na B\u00edblia, sobretudo pelo seu fruto, que produz o azeite.<\/p>\n\n\n\n<p>No Novo Testamento, \u201cel\u00e1ia\u201d, \u201coliveira\u201d em grego, ressoa tr\u00eas vezes como \u201cmonte das Oliveiras\u201d, enquanto \u201celai\u00f4n\u201d, \u201c\u00f3leo\u201d. Recordamos, no entanto, que j\u00e1 nas primeiras p\u00e1ginas da B\u00edblia comparece um raminho de oliveira levado por uma pomba a No\u00e9, como sinal de renascimento da vida ap\u00f3s a trag\u00e9dia do dil\u00favio (Gn 8,11). Tamb\u00e9m Israel, ressurgido como povo aben\u00e7oado por Deus, \u00abter\u00e1 a beleza da oliveira\u00bb (Os 14,7).<\/p>\n<\/div><\/div>\n\n\n\n<p>Entre os muitos passos b\u00edblicos colocados idealmente \u00e0 sombra desta \u00e1rvore, exemplificamos dois. O primeiro \u00e9 luminoso, e \u00e9 a deliciosa quadra do Salmo 128, com o pai sentado \u00e0 mesa rodeado da mulher e dos seus filhos, \u201csemelhantes rebentos de oliveira\u201d (v. 3).<\/p>\n\n\n\n<p>O segundo \u00e9, ao contr\u00e1rio, dram\u00e1tico, e decorre no Getsemani, de todos conhecido; o termo significa \u201clagar para as oliveiras\u201d, colocado no interior de um horto de oliveiras onde Jesus sofre e reza na \u00faltima noite da sua vida terrena.<\/p>\n\n\n\n<p>Dessa forma, com os ramos em m\u00e3os, oliveira ou palmeira, assumimos a miss\u00e3o de&nbsp;\u201cseguidores\u201d&nbsp;e participantes do projeto de Deus.<\/p>\n\n\n\n<p>Somos tamb\u00e9m n\u00f3s os disc\u00edpulos de Jesus hoje e convidados a direcionar nossos passos e a\u00e7\u00f5es para Ele. E desse modo, sermos participantes do Mist\u00e9rio Pascal. A Jerusal\u00e9m Celeste \u00e9 o c\u00e9u prometido a todos aqueles que, com seus ramos, glorificam a Deus. E, nos passos e ensinamentos de Jesus, aprenderemos que no mandamento maior est\u00e1 o Caminho e o maior desejo de Deus: \u201cAmai-vos\u201d, pois \u00e9 desse sentimento que emana tudo aquilo que nos faz participantes da Filia\u00e7\u00e3o Divina \u2013 Filhos de Deus.<\/p>\n\n\n\n<p><\/p>\n\n\n\n<div class=\"wp-block-cover is-light\" style=\"min-height:168px;aspect-ratio:unset;\"><span aria-hidden=\"true\" class=\"has-background-dim-100 wp-block-cover__gradient-background has-background-dim has-background-gradient\" style=\"background:linear-gradient(135deg,rgb(255,245,203) 0%,rgb(182,227,212) 70%,rgb(51,167,181) 100%)\"><\/span><div class=\"wp-block-cover__inner-container is-layout-flow wp-block-cover-is-layout-flow\">\n<p class=\"has-text-align-center has-medium-font-size\"><strong>N\u00e3o esque\u00e7a de trazer seu ramo para ser aben\u00e7oado neste domingo que celebraremos o in\u00edcio da Semana Santa.<\/strong><\/p>\n<\/div><\/div>\n\n\n\n<div class=\"wp-block-media-text alignwide is-stacked-on-mobile\" style=\"grid-template-columns:48% auto\"><figure class=\"wp-block-media-text__media\"><a href=\"https:\/\/saojosedoipiranga.com.br\/new\/2022\/03\/31\/programacao-da-semana-santa\/\"><img decoding=\"async\" width=\"1024\" height=\"1024\" src=\"https:\/\/saojosedoipiranga.com.br\/new\/wp-content\/uploads\/2022\/04\/programacao-semana-santa-1024x1024.jpg\" alt=\"\" class=\"wp-image-4849 size-full\" srcset=\"https:\/\/saojosedoipiranga.com.br\/new\/wp-content\/uploads\/2022\/04\/programacao-semana-santa-1024x1024.jpg 1024w, https:\/\/saojosedoipiranga.com.br\/new\/wp-content\/uploads\/2022\/04\/programacao-semana-santa-300x300.jpg 300w, https:\/\/saojosedoipiranga.com.br\/new\/wp-content\/uploads\/2022\/04\/programacao-semana-santa-150x150.jpg 150w, https:\/\/saojosedoipiranga.com.br\/new\/wp-content\/uploads\/2022\/04\/programacao-semana-santa-768x768.jpg 768w, https:\/\/saojosedoipiranga.com.br\/new\/wp-content\/uploads\/2022\/04\/programacao-semana-santa-1536x1536.jpg 1536w, https:\/\/saojosedoipiranga.com.br\/new\/wp-content\/uploads\/2022\/04\/programacao-semana-santa-2048x2048.jpg 2048w, https:\/\/saojosedoipiranga.com.br\/new\/wp-content\/uploads\/2022\/04\/programacao-semana-santa-500x500.jpg 500w, https:\/\/saojosedoipiranga.com.br\/new\/wp-content\/uploads\/2022\/04\/programacao-semana-santa-800x800.jpg 800w, https:\/\/saojosedoipiranga.com.br\/new\/wp-content\/uploads\/2022\/04\/programacao-semana-santa-1280x1280.jpg 1280w, https:\/\/saojosedoipiranga.com.br\/new\/wp-content\/uploads\/2022\/04\/programacao-semana-santa-1920x1920.jpg 1920w, https:\/\/saojosedoipiranga.com.br\/new\/wp-content\/uploads\/2022\/04\/programacao-semana-santa-1080x1080.jpg 1080w\" sizes=\"(max-width: 1024px) 100vw, 1024px\" \/><\/a><\/figure><div class=\"wp-block-media-text__content\">\n<p style=\"font-size:25px\">Acompanhe a programa\u00e7\u00e3o <br>da Semana Santa<\/p>\n<\/div><\/div>\n\n    <div class=\"xs_social_share_widget xs_share_url after_content \t\tmain_content  wslu-style-1 wslu-share-box-shaped wslu-fill-colored wslu-none wslu-share-horizontal wslu-theme-font-no wslu-main_content\">\n\n\t\t\n        <ul>\n\t\t\t        <\/ul>\n    <\/div> \n","protected":false},"excerpt":{"rendered":"<p>A liturgia do Domingo de Ramos, na esteira dos Evangelhos, est\u00e1 associada a duas \u00e1rvores que t\u00eam um valor simb\u00f3lico na B\u00edblia e na tradi\u00e7\u00e3o crist\u00e3. Segundo o Evangelho de&hellip; <br \/> <a class=\"read-more\" href=\"https:\/\/saojosedoipiranga.com.br\/new\/2022\/04\/08\/palmeira-ou-oliveira\/\">Leia mais<\/a><\/p>\n","protected":false},"author":3,"featured_media":0,"comment_status":"open","ping_status":"open","sticky":false,"template":"","format":"standard","meta":{"_vp_format_video_url":"","_vp_image_focal_point":[],"footnotes":""},"categories":[442,2,3,5,8,9,10],"tags":[],"class_list":["post-4820","post","type-post","status-publish","format-standard","hentry","category-acontece","category-avisos_semanais","category-blog","category-diversos","category-eventos","category-formacao","category-noticias"],"_links":{"self":[{"href":"https:\/\/saojosedoipiranga.com.br\/new\/wp-json\/wp\/v2\/posts\/4820","targetHints":{"allow":["GET"]}}],"collection":[{"href":"https:\/\/saojosedoipiranga.com.br\/new\/wp-json\/wp\/v2\/posts"}],"about":[{"href":"https:\/\/saojosedoipiranga.com.br\/new\/wp-json\/wp\/v2\/types\/post"}],"author":[{"embeddable":true,"href":"https:\/\/saojosedoipiranga.com.br\/new\/wp-json\/wp\/v2\/users\/3"}],"replies":[{"embeddable":true,"href":"https:\/\/saojosedoipiranga.com.br\/new\/wp-json\/wp\/v2\/comments?post=4820"}],"version-history":[{"count":2,"href":"https:\/\/saojosedoipiranga.com.br\/new\/wp-json\/wp\/v2\/posts\/4820\/revisions"}],"predecessor-version":[{"id":4850,"href":"https:\/\/saojosedoipiranga.com.br\/new\/wp-json\/wp\/v2\/posts\/4820\/revisions\/4850"}],"wp:attachment":[{"href":"https:\/\/saojosedoipiranga.com.br\/new\/wp-json\/wp\/v2\/media?parent=4820"}],"wp:term":[{"taxonomy":"category","embeddable":true,"href":"https:\/\/saojosedoipiranga.com.br\/new\/wp-json\/wp\/v2\/categories?post=4820"},{"taxonomy":"post_tag","embeddable":true,"href":"https:\/\/saojosedoipiranga.com.br\/new\/wp-json\/wp\/v2\/tags?post=4820"}],"curies":[{"name":"wp","href":"https:\/\/api.w.org\/{rel}","templated":true}]}}