{"id":4768,"date":"2022-03-31T10:23:11","date_gmt":"2022-03-31T13:23:11","guid":{"rendered":"https:\/\/saojosedoipiranga.com.br\/new\/?p=4768"},"modified":"2022-04-04T13:34:11","modified_gmt":"2022-04-04T16:34:11","slug":"programacao-da-semana-santa","status":"publish","type":"post","link":"https:\/\/saojosedoipiranga.com.br\/new\/2022\/03\/31\/programacao-da-semana-santa\/","title":{"rendered":"Programa\u00e7\u00e3o da Semana Santa"},"content":{"rendered":"\n<div class=\"wp-block-media-text alignwide is-stacked-on-mobile\" style=\"grid-template-columns:34% auto\"><figure class=\"wp-block-media-text__media\"><img fetchpriority=\"high\" decoding=\"async\" width=\"734\" height=\"1024\" src=\"https:\/\/saojosedoipiranga.com.br\/new\/wp-content\/uploads\/2022\/03\/confissao-1-734x1024.jpg\" alt=\"\" class=\"wp-image-4776 size-full\" srcset=\"https:\/\/saojosedoipiranga.com.br\/new\/wp-content\/uploads\/2022\/03\/confissao-1-734x1024.jpg 734w, https:\/\/saojosedoipiranga.com.br\/new\/wp-content\/uploads\/2022\/03\/confissao-1-215x300.jpg 215w, https:\/\/saojosedoipiranga.com.br\/new\/wp-content\/uploads\/2022\/03\/confissao-1-768x1071.jpg 768w, https:\/\/saojosedoipiranga.com.br\/new\/wp-content\/uploads\/2022\/03\/confissao-1-1102x1536.jpg 1102w, https:\/\/saojosedoipiranga.com.br\/new\/wp-content\/uploads\/2022\/03\/confissao-1-1469x2048.jpg 1469w, https:\/\/saojosedoipiranga.com.br\/new\/wp-content\/uploads\/2022\/03\/confissao-1-500x697.jpg 500w, https:\/\/saojosedoipiranga.com.br\/new\/wp-content\/uploads\/2022\/03\/confissao-1-800x1115.jpg 800w, https:\/\/saojosedoipiranga.com.br\/new\/wp-content\/uploads\/2022\/03\/confissao-1-1280x1785.jpg 1280w, https:\/\/saojosedoipiranga.com.br\/new\/wp-content\/uploads\/2022\/03\/confissao-1-1024x1428.jpg 1024w, https:\/\/saojosedoipiranga.com.br\/new\/wp-content\/uploads\/2022\/03\/confissao-1-775x1080.jpg 775w, https:\/\/saojosedoipiranga.com.br\/new\/wp-content\/uploads\/2022\/03\/confissao-1.jpg 1697w\" sizes=\"(max-width: 734px) 100vw, 734px\" \/><\/figure><div class=\"wp-block-media-text__content\">\n<p class=\"has-large-font-size\"><mark style=\"background-color:rgba(0, 0, 0, 0)\" class=\"has-inline-color has-black-color\">Mutir\u00e3o de Confiss\u00e3o<\/mark><\/p>\n\n\n\n<p style=\"font-size:25px\"><mark style=\"background-color:rgba(0, 0, 0, 0)\" class=\"has-inline-color has-black-color\">Dias 6 e 8 de abril a partir das 19h<\/mark><\/p>\n\n\n\n<p><\/p>\n\n\n\n<p><\/p>\n\n\n\n<p style=\"font-size:10px\">Foto: Vandeville-Eric_ABACA-via-Reuters<\/p>\n<\/div><\/div>\n\n\n\n<div class=\"wp-block-cover is-light\" style=\"min-height:113px;aspect-ratio:unset;\"><span aria-hidden=\"true\" class=\"has-white-background-color has-background-dim-100 wp-block-cover__gradient-background has-background-dim\"><\/span><div class=\"wp-block-cover__inner-container is-layout-flow wp-block-cover-is-layout-flow\">\n<p class=\"has-text-align-center has-large-font-size\">_________________<\/p>\n<\/div><\/div>\n\n\n\n<div class=\"wp-block-media-text alignwide is-stacked-on-mobile\" style=\"grid-template-columns:33% auto\"><figure class=\"wp-block-media-text__media\"><img decoding=\"async\" width=\"734\" height=\"1024\" src=\"https:\/\/saojosedoipiranga.com.br\/new\/wp-content\/uploads\/2022\/03\/ramos-734x1024.jpg\" alt=\"\" class=\"wp-image-4778 size-full\" srcset=\"https:\/\/saojosedoipiranga.com.br\/new\/wp-content\/uploads\/2022\/03\/ramos-734x1024.jpg 734w, https:\/\/saojosedoipiranga.com.br\/new\/wp-content\/uploads\/2022\/03\/ramos-215x300.jpg 215w, https:\/\/saojosedoipiranga.com.br\/new\/wp-content\/uploads\/2022\/03\/ramos-768x1071.jpg 768w, https:\/\/saojosedoipiranga.com.br\/new\/wp-content\/uploads\/2022\/03\/ramos-1102x1536.jpg 1102w, https:\/\/saojosedoipiranga.com.br\/new\/wp-content\/uploads\/2022\/03\/ramos-1469x2048.jpg 1469w, https:\/\/saojosedoipiranga.com.br\/new\/wp-content\/uploads\/2022\/03\/ramos-500x697.jpg 500w, https:\/\/saojosedoipiranga.com.br\/new\/wp-content\/uploads\/2022\/03\/ramos-800x1115.jpg 800w, https:\/\/saojosedoipiranga.com.br\/new\/wp-content\/uploads\/2022\/03\/ramos-1280x1785.jpg 1280w, https:\/\/saojosedoipiranga.com.br\/new\/wp-content\/uploads\/2022\/03\/ramos-1024x1428.jpg 1024w, https:\/\/saojosedoipiranga.com.br\/new\/wp-content\/uploads\/2022\/03\/ramos-775x1080.jpg 775w, https:\/\/saojosedoipiranga.com.br\/new\/wp-content\/uploads\/2022\/03\/ramos.jpg 1697w\" sizes=\"(max-width: 734px) 100vw, 734px\" \/><\/figure><div class=\"wp-block-media-text__content\">\n<p class=\"has-large-font-size\"><mark style=\"background-color:rgba(0, 0, 0, 0)\" class=\"has-inline-color has-black-color\">Domingo de Ramos &#8211; 10\/4<\/mark><\/p>\n\n\n\n<p><em><mark style=\"background-color:rgba(0, 0, 0, 0)\" class=\"has-inline-color has-vivid-cyan-blue-color\">Haver\u00e1 a Ben\u00e7\u00e3o dos Ramos em todas as Missas.<\/mark><\/em><\/p>\n\n\n\n<p><em><mark style=\"background-color:rgba(0, 0, 0, 0)\" class=\"has-inline-color has-black-color\">HOR\u00c1RIO DAS MISSAS<\/mark><\/em><\/p>\n\n\n\n<p><strong>8h &#8211; 9h30 &#8211; 11h &#8211; 16h30 &#8211; 19h<\/strong><\/p>\n\n\n\n<p><mark style=\"background-color:rgba(0, 0, 0, 0)\" class=\"has-inline-color has-black-color\"><strong>20h<\/strong> &#8211; &#8220;As sete palavras de Cristo na Cruz&#8221; de Charles Gounod, coral Art-M\u00fasica regido por Roberto Palomino<\/mark><\/p>\n<\/div><\/div>\n\n\n\n<div class=\"wp-block-cover is-light\" style=\"min-height:113px;aspect-ratio:unset;\"><span aria-hidden=\"true\" class=\"has-white-background-color has-background-dim-100 wp-block-cover__gradient-background has-background-dim\"><\/span><div class=\"wp-block-cover__inner-container is-layout-flow wp-block-cover-is-layout-flow\">\n<p class=\"has-text-align-center has-large-font-size\">_________________<\/p>\n<\/div><\/div>\n\n\n\n<div class=\"wp-block-media-text alignwide is-stacked-on-mobile\" style=\"grid-template-columns:34% auto\"><figure class=\"wp-block-media-text__media\"><img decoding=\"async\" width=\"734\" height=\"1024\" src=\"https:\/\/saojosedoipiranga.com.br\/new\/wp-content\/uploads\/2022\/03\/seg-734x1024.jpg\" alt=\"\" class=\"wp-image-4779 size-full\" srcset=\"https:\/\/saojosedoipiranga.com.br\/new\/wp-content\/uploads\/2022\/03\/seg-734x1024.jpg 734w, https:\/\/saojosedoipiranga.com.br\/new\/wp-content\/uploads\/2022\/03\/seg-215x300.jpg 215w, https:\/\/saojosedoipiranga.com.br\/new\/wp-content\/uploads\/2022\/03\/seg-768x1071.jpg 768w, https:\/\/saojosedoipiranga.com.br\/new\/wp-content\/uploads\/2022\/03\/seg-1102x1536.jpg 1102w, https:\/\/saojosedoipiranga.com.br\/new\/wp-content\/uploads\/2022\/03\/seg-1469x2048.jpg 1469w, https:\/\/saojosedoipiranga.com.br\/new\/wp-content\/uploads\/2022\/03\/seg-500x697.jpg 500w, https:\/\/saojosedoipiranga.com.br\/new\/wp-content\/uploads\/2022\/03\/seg-800x1115.jpg 800w, https:\/\/saojosedoipiranga.com.br\/new\/wp-content\/uploads\/2022\/03\/seg-1280x1785.jpg 1280w, https:\/\/saojosedoipiranga.com.br\/new\/wp-content\/uploads\/2022\/03\/seg-1024x1428.jpg 1024w, https:\/\/saojosedoipiranga.com.br\/new\/wp-content\/uploads\/2022\/03\/seg-775x1080.jpg 775w, https:\/\/saojosedoipiranga.com.br\/new\/wp-content\/uploads\/2022\/03\/seg.jpg 1697w\" sizes=\"(max-width: 734px) 100vw, 734px\" \/><\/figure><div class=\"wp-block-media-text__content\">\n<p class=\"has-large-font-size\"><mark style=\"background-color:rgba(0, 0, 0, 0)\" class=\"has-inline-color has-black-color\">Segunda-feira Santa &#8211; 11\/4<\/mark><\/p>\n\n\n\n<p><em><mark style=\"background-color:rgba(0, 0, 0, 0)\" class=\"has-inline-color has-black-color\">HOR\u00c1RIO DAS MISSAS<\/mark><\/em><\/p>\n\n\n\n<p><mark style=\"background-color:rgba(0, 0, 0, 0)\" class=\"has-inline-color has-black-color\"><strong>6h<\/strong> &#8211; Missa da Penit\u00eancia<\/mark><\/p>\n\n\n\n<p><mark style=\"background-color:rgba(0, 0, 0, 0)\" class=\"has-inline-color has-black-color\"><strong>19h<\/strong> &#8211; Missa de Nossa Senhora das Dores<\/mark><\/p>\n<\/div><\/div>\n\n\n\n<div class=\"wp-block-cover is-light\" style=\"min-height:113px;aspect-ratio:unset;\"><span aria-hidden=\"true\" class=\"has-white-background-color has-background-dim-100 wp-block-cover__gradient-background has-background-dim\"><\/span><div class=\"wp-block-cover__inner-container is-layout-flow wp-block-cover-is-layout-flow\">\n<p class=\"has-text-align-center has-large-font-size\">_________________<\/p>\n<\/div><\/div>\n\n\n\n<div class=\"wp-block-media-text alignwide is-stacked-on-mobile\" style=\"grid-template-columns:34% auto\"><figure class=\"wp-block-media-text__media\"><img decoding=\"async\" width=\"734\" height=\"1024\" src=\"https:\/\/saojosedoipiranga.com.br\/new\/wp-content\/uploads\/2022\/03\/seg-734x1024.jpg\" alt=\"\" class=\"wp-image-4779 size-full\" srcset=\"https:\/\/saojosedoipiranga.com.br\/new\/wp-content\/uploads\/2022\/03\/seg-734x1024.jpg 734w, https:\/\/saojosedoipiranga.com.br\/new\/wp-content\/uploads\/2022\/03\/seg-215x300.jpg 215w, https:\/\/saojosedoipiranga.com.br\/new\/wp-content\/uploads\/2022\/03\/seg-768x1071.jpg 768w, https:\/\/saojosedoipiranga.com.br\/new\/wp-content\/uploads\/2022\/03\/seg-1102x1536.jpg 1102w, https:\/\/saojosedoipiranga.com.br\/new\/wp-content\/uploads\/2022\/03\/seg-1469x2048.jpg 1469w, https:\/\/saojosedoipiranga.com.br\/new\/wp-content\/uploads\/2022\/03\/seg-500x697.jpg 500w, https:\/\/saojosedoipiranga.com.br\/new\/wp-content\/uploads\/2022\/03\/seg-800x1115.jpg 800w, https:\/\/saojosedoipiranga.com.br\/new\/wp-content\/uploads\/2022\/03\/seg-1280x1785.jpg 1280w, https:\/\/saojosedoipiranga.com.br\/new\/wp-content\/uploads\/2022\/03\/seg-1024x1428.jpg 1024w, https:\/\/saojosedoipiranga.com.br\/new\/wp-content\/uploads\/2022\/03\/seg-775x1080.jpg 775w, https:\/\/saojosedoipiranga.com.br\/new\/wp-content\/uploads\/2022\/03\/seg.jpg 1697w\" sizes=\"(max-width: 734px) 100vw, 734px\" \/><\/figure><div class=\"wp-block-media-text__content\">\n<p class=\"has-large-font-size\"><mark style=\"background-color:rgba(0, 0, 0, 0)\" class=\"has-inline-color has-black-color\">Ter\u00e7a-feira Santa &#8211; 12\/4<\/mark><\/p>\n\n\n\n<p><em><mark style=\"background-color:rgba(0, 0, 0, 0)\" class=\"has-inline-color has-black-color\">HOR\u00c1RIO DAS MISSAS<\/mark><\/em><\/p>\n\n\n\n<p><mark style=\"background-color:rgba(0, 0, 0, 0)\" class=\"has-inline-color has-black-color\"><strong>6h<\/strong> &#8211; Missa da Penit\u00eancia<\/mark><\/p>\n\n\n\n<p><mark style=\"background-color:rgba(0, 0, 0, 0)\" class=\"has-inline-color has-black-color\"><strong>19h<\/strong> &#8211; Missa de Nosso Senhor dos Passos<\/mark><\/p>\n\n\n\n<p><mark style=\"background-color:rgba(0, 0, 0, 0)\" class=\"has-inline-color has-black-color\"><strong>20h<\/strong> &#8211; Via Sacra<\/mark><\/p>\n<\/div><\/div>\n\n\n\n<div class=\"wp-block-cover is-light\" style=\"min-height:113px;aspect-ratio:unset;\"><span aria-hidden=\"true\" class=\"has-white-background-color has-background-dim-100 wp-block-cover__gradient-background has-background-dim\"><\/span><div class=\"wp-block-cover__inner-container is-layout-flow wp-block-cover-is-layout-flow\">\n<p class=\"has-text-align-center has-large-font-size\">_________________<\/p>\n<\/div><\/div>\n\n\n\n<div class=\"wp-block-media-text alignwide is-stacked-on-mobile\" style=\"grid-template-columns:34% auto\"><figure class=\"wp-block-media-text__media\"><img decoding=\"async\" width=\"734\" height=\"1024\" src=\"https:\/\/saojosedoipiranga.com.br\/new\/wp-content\/uploads\/2022\/03\/seg-734x1024.jpg\" alt=\"\" class=\"wp-image-4779 size-full\" srcset=\"https:\/\/saojosedoipiranga.com.br\/new\/wp-content\/uploads\/2022\/03\/seg-734x1024.jpg 734w, https:\/\/saojosedoipiranga.com.br\/new\/wp-content\/uploads\/2022\/03\/seg-215x300.jpg 215w, https:\/\/saojosedoipiranga.com.br\/new\/wp-content\/uploads\/2022\/03\/seg-768x1071.jpg 768w, https:\/\/saojosedoipiranga.com.br\/new\/wp-content\/uploads\/2022\/03\/seg-1102x1536.jpg 1102w, https:\/\/saojosedoipiranga.com.br\/new\/wp-content\/uploads\/2022\/03\/seg-1469x2048.jpg 1469w, https:\/\/saojosedoipiranga.com.br\/new\/wp-content\/uploads\/2022\/03\/seg-500x697.jpg 500w, https:\/\/saojosedoipiranga.com.br\/new\/wp-content\/uploads\/2022\/03\/seg-800x1115.jpg 800w, https:\/\/saojosedoipiranga.com.br\/new\/wp-content\/uploads\/2022\/03\/seg-1280x1785.jpg 1280w, https:\/\/saojosedoipiranga.com.br\/new\/wp-content\/uploads\/2022\/03\/seg-1024x1428.jpg 1024w, https:\/\/saojosedoipiranga.com.br\/new\/wp-content\/uploads\/2022\/03\/seg-775x1080.jpg 775w, https:\/\/saojosedoipiranga.com.br\/new\/wp-content\/uploads\/2022\/03\/seg.jpg 1697w\" sizes=\"(max-width: 734px) 100vw, 734px\" \/><\/figure><div class=\"wp-block-media-text__content\">\n<p class=\"has-large-font-size\"><mark style=\"background-color:rgba(0, 0, 0, 0)\" class=\"has-inline-color has-black-color\">Quarta-feira Santa &#8211; 13\/4<\/mark><\/p>\n\n\n\n<p><em><mark style=\"background-color:rgba(0, 0, 0, 0)\" class=\"has-inline-color has-black-color\">HOR\u00c1RIO DAS MISSAS<\/mark><\/em><\/p>\n\n\n\n<p><mark style=\"background-color:rgba(0, 0, 0, 0)\" class=\"has-inline-color has-black-color\"><strong>6h<\/strong> &#8211; Missa da Penit\u00eancia<\/mark><\/p>\n\n\n\n<p><mark style=\"background-color:rgba(0, 0, 0, 0)\" class=\"has-inline-color has-black-color\"><strong>19h<\/strong> &#8211; Missa do Encontro (N. Sra. das Dores e N. Sr. dos Passos)<\/mark><\/p>\n<\/div><\/div>\n\n\n\n<div class=\"wp-block-cover is-light\" style=\"min-height:113px;aspect-ratio:unset;\"><span aria-hidden=\"true\" class=\"has-white-background-color has-background-dim-100 wp-block-cover__gradient-background has-background-dim\"><\/span><div class=\"wp-block-cover__inner-container is-layout-flow wp-block-cover-is-layout-flow\">\n<p class=\"has-text-align-center has-large-font-size\">_________________<\/p>\n<\/div><\/div>\n\n\n\n<div class=\"wp-block-media-text alignwide is-stacked-on-mobile\" style=\"grid-template-columns:34% auto\"><figure class=\"wp-block-media-text__media\"><img loading=\"lazy\" decoding=\"async\" width=\"734\" height=\"1024\" src=\"https:\/\/saojosedoipiranga.com.br\/new\/wp-content\/uploads\/2022\/03\/qui-734x1024.jpg\" alt=\"\" class=\"wp-image-4780 size-full\" srcset=\"https:\/\/saojosedoipiranga.com.br\/new\/wp-content\/uploads\/2022\/03\/qui-734x1024.jpg 734w, https:\/\/saojosedoipiranga.com.br\/new\/wp-content\/uploads\/2022\/03\/qui-215x300.jpg 215w, https:\/\/saojosedoipiranga.com.br\/new\/wp-content\/uploads\/2022\/03\/qui-768x1071.jpg 768w, https:\/\/saojosedoipiranga.com.br\/new\/wp-content\/uploads\/2022\/03\/qui-1101x1536.jpg 1101w, https:\/\/saojosedoipiranga.com.br\/new\/wp-content\/uploads\/2022\/03\/qui-1468x2048.jpg 1468w, https:\/\/saojosedoipiranga.com.br\/new\/wp-content\/uploads\/2022\/03\/qui-500x698.jpg 500w, https:\/\/saojosedoipiranga.com.br\/new\/wp-content\/uploads\/2022\/03\/qui-800x1116.jpg 800w, https:\/\/saojosedoipiranga.com.br\/new\/wp-content\/uploads\/2022\/03\/qui-1280x1786.jpg 1280w, https:\/\/saojosedoipiranga.com.br\/new\/wp-content\/uploads\/2022\/03\/qui-1024x1429.jpg 1024w, https:\/\/saojosedoipiranga.com.br\/new\/wp-content\/uploads\/2022\/03\/qui-774x1080.jpg 774w, https:\/\/saojosedoipiranga.com.br\/new\/wp-content\/uploads\/2022\/03\/qui.jpg 1696w\" sizes=\"(max-width: 734px) 100vw, 734px\" \/><\/figure><div class=\"wp-block-media-text__content\">\n<p class=\"has-large-font-size\"><mark style=\"background-color:rgba(0, 0, 0, 0)\" class=\"has-inline-color has-black-color\">Quinta-feira Santa &#8211; 14\/4<\/mark><\/p>\n\n\n\n<p><em><mark style=\"background-color:rgba(0, 0, 0, 0)\" class=\"has-inline-color has-black-color\">HOR\u00c1RIO DAS MISSAS<\/mark><\/em><\/p>\n\n\n\n<p><mark style=\"background-color:rgba(0, 0, 0, 0)\" class=\"has-inline-color has-black-color\"><strong>10h<\/strong> &#8211; Missa do Crisma na Catedral<\/mark><\/p>\n\n\n\n<p><mark style=\"background-color:rgba(0, 0, 0, 0)\" class=\"has-inline-color has-black-color\"><strong>19h<\/strong> &#8211; Missa da Ceia do Senhor e Lava p\u00e9s. Ap\u00f3s a Missa Adora\u00e7\u00e3o ao Sant\u00edssimo. A cada hora uma pastoral ser\u00e1 respons\u00e1vel por guiar as ora\u00e7\u00f5es.<\/mark><\/p>\n<\/div><\/div>\n\n\n\n<div class=\"wp-block-cover is-light\" style=\"min-height:113px;aspect-ratio:unset;\"><span aria-hidden=\"true\" class=\"has-white-background-color has-background-dim-100 wp-block-cover__gradient-background has-background-dim\"><\/span><div class=\"wp-block-cover__inner-container is-layout-flow wp-block-cover-is-layout-flow\">\n<p class=\"has-text-align-center has-large-font-size\">_________________<\/p>\n<\/div><\/div>\n\n\n\n<div class=\"wp-block-media-text alignwide is-stacked-on-mobile\" style=\"grid-template-columns:34% auto\"><figure class=\"wp-block-media-text__media\"><img loading=\"lazy\" decoding=\"async\" width=\"734\" height=\"1024\" src=\"https:\/\/saojosedoipiranga.com.br\/new\/wp-content\/uploads\/2022\/03\/sex-734x1024.jpg\" alt=\"\" class=\"wp-image-4781 size-full\" srcset=\"https:\/\/saojosedoipiranga.com.br\/new\/wp-content\/uploads\/2022\/03\/sex-734x1024.jpg 734w, https:\/\/saojosedoipiranga.com.br\/new\/wp-content\/uploads\/2022\/03\/sex-215x300.jpg 215w, https:\/\/saojosedoipiranga.com.br\/new\/wp-content\/uploads\/2022\/03\/sex-768x1071.jpg 768w, https:\/\/saojosedoipiranga.com.br\/new\/wp-content\/uploads\/2022\/03\/sex-1101x1536.jpg 1101w, https:\/\/saojosedoipiranga.com.br\/new\/wp-content\/uploads\/2022\/03\/sex-1468x2048.jpg 1468w, https:\/\/saojosedoipiranga.com.br\/new\/wp-content\/uploads\/2022\/03\/sex-500x698.jpg 500w, https:\/\/saojosedoipiranga.com.br\/new\/wp-content\/uploads\/2022\/03\/sex-800x1116.jpg 800w, https:\/\/saojosedoipiranga.com.br\/new\/wp-content\/uploads\/2022\/03\/sex-1280x1786.jpg 1280w, https:\/\/saojosedoipiranga.com.br\/new\/wp-content\/uploads\/2022\/03\/sex-1024x1429.jpg 1024w, https:\/\/saojosedoipiranga.com.br\/new\/wp-content\/uploads\/2022\/03\/sex-774x1080.jpg 774w, https:\/\/saojosedoipiranga.com.br\/new\/wp-content\/uploads\/2022\/03\/sex.jpg 1696w\" sizes=\"(max-width: 734px) 100vw, 734px\" \/><\/figure><div class=\"wp-block-media-text__content\">\n<p class=\"has-large-font-size\"><mark style=\"background-color:rgba(0, 0, 0, 0)\" class=\"has-inline-color has-black-color\">Sexta-feira Santa &#8211; 15\/4<\/mark><\/p>\n\n\n\n<p>Dia de jejum e abstin\u00eancia &#8211; continua\u00e7\u00e3o da Adora\u00e7\u00e3o.<\/p>\n\n\n\n<p><mark style=\"background-color:rgba(0, 0, 0, 0)\" class=\"has-inline-color has-black-color\"><strong>8h<\/strong> &#8211; Pastorais: Apostolado de Sion, Formiguinhas, M\u00e3e Peregrina, Osti\u00e1rias e RCC.<\/mark><\/p>\n\n\n\n<p><mark style=\"background-color:rgba(0, 0, 0, 0)\" class=\"has-inline-color has-black-color\"><strong>9h <\/strong>&#8211; Pastorais: Apostolado do Sagrado Cora\u00e7\u00e3o de Jesus, ECC, Eventos, Fam\u00edlia, Noivos e PASCOM<\/mark><\/p>\n\n\n\n<p><mark style=\"background-color:rgba(0, 0, 0, 0)\" class=\"has-inline-color has-black-color\"><strong>10h <\/strong>&#8211; Pastorais: Crian\u00e7a, D\u00edzimo, Liturgia, Miseric\u00f3rdia e Ter\u00e7o dos Homens<\/mark><\/p>\n\n\n\n<p><mark style=\"background-color:rgba(0, 0, 0, 0)\" class=\"has-inline-color has-black-color\"><strong>11h <\/strong>&#8211; Via Sacra &#8211; Secretaria do CPP<\/mark><\/p>\n\n\n\n<p><mark style=\"background-color:rgba(0, 0, 0, 0)\" class=\"has-inline-color has-black-color\"><strong>12h <\/strong>&#8211; Pastorais: Catequese, Coroinhas, Crisma e Juventude<\/mark><\/p>\n\n\n\n<p><mark style=\"background-color:rgba(0, 0, 0, 0)\" class=\"has-inline-color has-black-color\"><strong>13h <\/strong>&#8211; Pastorais: Acolhida, Batismo, MESC, M\u00fasica, Palavra e Social<\/mark><\/p>\n\n\n\n<p><mark style=\"background-color:rgba(0, 0, 0, 0)\" class=\"has-inline-color has-black-color\"><strong>15h <\/strong>&#8211; Solene A\u00e7\u00e3o Lit\u00fargica<\/mark><\/p>\n\n\n\n<p><mark style=\"background-color:rgba(0, 0, 0, 0)\" class=\"has-inline-color has-black-color\"><strong>19h<\/strong> &#8211; Prega\u00e7\u00e3o das sete palavras e c\u00e2ntico da Ver\u00f4nica<\/mark><\/p>\n<\/div><\/div>\n\n\n\n<div class=\"wp-block-cover is-light\" style=\"min-height:113px;aspect-ratio:unset;\"><span aria-hidden=\"true\" class=\"has-white-background-color has-background-dim-100 wp-block-cover__gradient-background has-background-dim\"><\/span><div class=\"wp-block-cover__inner-container is-layout-flow wp-block-cover-is-layout-flow\">\n<p class=\"has-text-align-center has-large-font-size\">_________________<\/p>\n<\/div><\/div>\n\n\n\n<div class=\"wp-block-media-text alignwide is-stacked-on-mobile\" style=\"grid-template-columns:34% auto\"><figure class=\"wp-block-media-text__media\"><img loading=\"lazy\" decoding=\"async\" width=\"734\" height=\"1024\" src=\"https:\/\/saojosedoipiranga.com.br\/new\/wp-content\/uploads\/2022\/03\/sab-734x1024.jpg\" alt=\"\" class=\"wp-image-4782 size-full\" srcset=\"https:\/\/saojosedoipiranga.com.br\/new\/wp-content\/uploads\/2022\/03\/sab-734x1024.jpg 734w, https:\/\/saojosedoipiranga.com.br\/new\/wp-content\/uploads\/2022\/03\/sab-215x300.jpg 215w, https:\/\/saojosedoipiranga.com.br\/new\/wp-content\/uploads\/2022\/03\/sab-768x1071.jpg 768w, https:\/\/saojosedoipiranga.com.br\/new\/wp-content\/uploads\/2022\/03\/sab-1101x1536.jpg 1101w, https:\/\/saojosedoipiranga.com.br\/new\/wp-content\/uploads\/2022\/03\/sab-1468x2048.jpg 1468w, https:\/\/saojosedoipiranga.com.br\/new\/wp-content\/uploads\/2022\/03\/sab-500x698.jpg 500w, https:\/\/saojosedoipiranga.com.br\/new\/wp-content\/uploads\/2022\/03\/sab-800x1116.jpg 800w, https:\/\/saojosedoipiranga.com.br\/new\/wp-content\/uploads\/2022\/03\/sab-1280x1786.jpg 1280w, https:\/\/saojosedoipiranga.com.br\/new\/wp-content\/uploads\/2022\/03\/sab-1024x1429.jpg 1024w, https:\/\/saojosedoipiranga.com.br\/new\/wp-content\/uploads\/2022\/03\/sab-774x1080.jpg 774w, https:\/\/saojosedoipiranga.com.br\/new\/wp-content\/uploads\/2022\/03\/sab.jpg 1696w\" sizes=\"(max-width: 734px) 100vw, 734px\" \/><\/figure><div class=\"wp-block-media-text__content\">\n<p class=\"has-large-font-size\"><mark style=\"background-color:rgba(0, 0, 0, 0)\" class=\"has-inline-color has-black-color\">S\u00e1bado Santo &#8211; 16\/4<\/mark><\/p>\n\n\n\n<p>Vig\u00edlia Pascal<\/p>\n\n\n\n<p><em><mark style=\"background-color:rgba(0, 0, 0, 0)\" class=\"has-inline-color has-black-color\">HOR\u00c1RIO DA MISSA<\/mark><\/em><\/p>\n\n\n\n<p><mark style=\"background-color:rgba(0, 0, 0, 0)\" class=\"has-inline-color has-black-color\"><strong>19h<\/strong> &#8211; Solene Vig\u00edlia Pascal<\/mark><\/p>\n<\/div><\/div>\n\n\n\n<div class=\"wp-block-cover is-light\" style=\"min-height:113px;aspect-ratio:unset;\"><span aria-hidden=\"true\" class=\"has-white-background-color has-background-dim-100 wp-block-cover__gradient-background has-background-dim\"><\/span><div class=\"wp-block-cover__inner-container is-layout-flow wp-block-cover-is-layout-flow\">\n<p class=\"has-text-align-center has-large-font-size\">_________________<\/p>\n<\/div><\/div>\n\n\n\n<div class=\"wp-block-media-text alignwide is-stacked-on-mobile\" style=\"grid-template-columns:34% auto\"><figure class=\"wp-block-media-text__media\"><img loading=\"lazy\" decoding=\"async\" width=\"734\" height=\"1024\" src=\"https:\/\/saojosedoipiranga.com.br\/new\/wp-content\/uploads\/2022\/03\/pascoa-1-734x1024.jpg\" alt=\"\" class=\"wp-image-4784 size-full\" srcset=\"https:\/\/saojosedoipiranga.com.br\/new\/wp-content\/uploads\/2022\/03\/pascoa-1-734x1024.jpg 734w, https:\/\/saojosedoipiranga.com.br\/new\/wp-content\/uploads\/2022\/03\/pascoa-1-215x300.jpg 215w, https:\/\/saojosedoipiranga.com.br\/new\/wp-content\/uploads\/2022\/03\/pascoa-1-768x1071.jpg 768w, https:\/\/saojosedoipiranga.com.br\/new\/wp-content\/uploads\/2022\/03\/pascoa-1-1101x1536.jpg 1101w, https:\/\/saojosedoipiranga.com.br\/new\/wp-content\/uploads\/2022\/03\/pascoa-1-1468x2048.jpg 1468w, https:\/\/saojosedoipiranga.com.br\/new\/wp-content\/uploads\/2022\/03\/pascoa-1-500x698.jpg 500w, https:\/\/saojosedoipiranga.com.br\/new\/wp-content\/uploads\/2022\/03\/pascoa-1-800x1116.jpg 800w, https:\/\/saojosedoipiranga.com.br\/new\/wp-content\/uploads\/2022\/03\/pascoa-1-1280x1786.jpg 1280w, https:\/\/saojosedoipiranga.com.br\/new\/wp-content\/uploads\/2022\/03\/pascoa-1-1024x1429.jpg 1024w, https:\/\/saojosedoipiranga.com.br\/new\/wp-content\/uploads\/2022\/03\/pascoa-1-774x1080.jpg 774w, https:\/\/saojosedoipiranga.com.br\/new\/wp-content\/uploads\/2022\/03\/pascoa-1.jpg 1696w\" sizes=\"(max-width: 734px) 100vw, 734px\" \/><\/figure><div class=\"wp-block-media-text__content\">\n<p class=\"has-large-font-size\"><mark style=\"background-color:rgba(0, 0, 0, 0)\" class=\"has-inline-color has-black-color\">Domingo de Ressurrei\u00e7\u00e3o do Senhor &#8211; 17\/4<\/mark><\/p>\n\n\n\n<p>P\u00e1scoa do Senhor<\/p>\n\n\n\n<p><em><mark style=\"background-color:rgba(0, 0, 0, 0)\" class=\"has-inline-color has-black-color\">HOR\u00c1RIO DAS MISSAS<\/mark><\/em><\/p>\n\n\n\n<p><strong><mark style=\"background-color:rgba(0, 0, 0, 0)\" class=\"has-inline-color has-black-color\">8h &#8211; 9h30 &#8211; 11h &#8211; 16h30 &#8211; 19h<\/mark><\/strong><\/p>\n<\/div><\/div>\n\n\n\n<p class=\"has-text-align-center has-large-font-size\" style=\"font-style:italic;font-weight:100\"><mark style=\"background-color:rgba(0, 0, 0, 0)\" class=\"has-inline-color has-vivid-cyan-blue-color\">Feliz P\u00e1scoa a voc\u00ea e sua fam\u00edlia!<\/mark><\/p>\n\n    <div class=\"xs_social_share_widget xs_share_url after_content \t\tmain_content  wslu-style-1 wslu-share-box-shaped wslu-fill-colored wslu-none wslu-share-horizontal wslu-theme-font-no wslu-main_content\">\n\n\t\t\n        <ul>\n\t\t\t        <\/ul>\n    <\/div> \n","protected":false},"excerpt":{"rendered":"<p>Mutir\u00e3o de Confiss\u00e3o Dias 6 e 8 de abril a partir das 19h Foto: Vandeville-Eric_ABACA-via-Reuters Domingo de Ramos &#8211; 10\/4 Haver\u00e1 a Ben\u00e7\u00e3o dos Ramos em todas as Missas. HOR\u00c1RIO&hellip; <br \/> <a class=\"read-more\" href=\"https:\/\/saojosedoipiranga.com.br\/new\/2022\/03\/31\/programacao-da-semana-santa\/\">Leia mais<\/a><\/p>\n","protected":false},"author":3,"featured_media":4794,"comment_status":"closed","ping_status":"open","sticky":false,"template":"","format":"standard","meta":{"_vp_format_video_url":"","_vp_image_focal_point":[],"footnotes":""},"categories":[442,2,3,8,10],"tags":[469,15,67,472,119,468,188,470,276,328,377,409,467],"class_list":["post-4768","post","type-post","status-publish","format-standard","has-post-thumbnail","hentry","category-acontece","category-avisos_semanais","category-blog","category-eventos","category-noticias","tag-acao-liturgica","tag-adoracao-ao-santissimo","tag-ceia-do-senhor","tag-crucificacao-de-jesus","tag-domingo-de-ramos","tag-jejum-abstinencia","tag-lava-pes","tag-oleo-do-crisma","tag-pascoa","tag-sabado-de-aleluia","tag-semana-santa","tag-via-sacra","tag-vigilia-pascal"],"_links":{"self":[{"href":"https:\/\/saojosedoipiranga.com.br\/new\/wp-json\/wp\/v2\/posts\/4768","targetHints":{"allow":["GET"]}}],"collection":[{"href":"https:\/\/saojosedoipiranga.com.br\/new\/wp-json\/wp\/v2\/posts"}],"about":[{"href":"https:\/\/saojosedoipiranga.com.br\/new\/wp-json\/wp\/v2\/types\/post"}],"author":[{"embeddable":true,"href":"https:\/\/saojosedoipiranga.com.br\/new\/wp-json\/wp\/v2\/users\/3"}],"replies":[{"embeddable":true,"href":"https:\/\/saojosedoipiranga.com.br\/new\/wp-json\/wp\/v2\/comments?post=4768"}],"version-history":[{"count":16,"href":"https:\/\/saojosedoipiranga.com.br\/new\/wp-json\/wp\/v2\/posts\/4768\/revisions"}],"predecessor-version":[{"id":4817,"href":"https:\/\/saojosedoipiranga.com.br\/new\/wp-json\/wp\/v2\/posts\/4768\/revisions\/4817"}],"wp:featuredmedia":[{"embeddable":true,"href":"https:\/\/saojosedoipiranga.com.br\/new\/wp-json\/wp\/v2\/media\/4794"}],"wp:attachment":[{"href":"https:\/\/saojosedoipiranga.com.br\/new\/wp-json\/wp\/v2\/media?parent=4768"}],"wp:term":[{"taxonomy":"category","embeddable":true,"href":"https:\/\/saojosedoipiranga.com.br\/new\/wp-json\/wp\/v2\/categories?post=4768"},{"taxonomy":"post_tag","embeddable":true,"href":"https:\/\/saojosedoipiranga.com.br\/new\/wp-json\/wp\/v2\/tags?post=4768"}],"curies":[{"name":"wp","href":"https:\/\/api.w.org\/{rel}","templated":true}]}}