{"id":4752,"date":"2022-04-06T12:02:00","date_gmt":"2022-04-06T15:02:00","guid":{"rendered":"https:\/\/saojosedoipiranga.com.br\/new\/?p=4752"},"modified":"2022-04-05T11:56:53","modified_gmt":"2022-04-05T14:56:53","slug":"domingo-de-ramos","status":"publish","type":"post","link":"https:\/\/saojosedoipiranga.com.br\/new\/2022\/04\/06\/domingo-de-ramos\/","title":{"rendered":"Domingo de Ramos"},"content":{"rendered":"\n<p style=\"font-size:25px\">\u00c9 o dia em que celebramos a &#8220;entrada triunfal&#8221; de Jesus em Jerusal\u00e9m.<\/p>\n\n\n\n<figure class=\"wp-block-image size-full\"><img fetchpriority=\"high\" decoding=\"async\" width=\"750\" height=\"422\" src=\"https:\/\/saojosedoipiranga.com.br\/new\/wp-content\/uploads\/2022\/03\/vatican-news-1.jpeg\" alt=\"\" class=\"wp-image-4754\" srcset=\"https:\/\/saojosedoipiranga.com.br\/new\/wp-content\/uploads\/2022\/03\/vatican-news-1.jpeg 750w, https:\/\/saojosedoipiranga.com.br\/new\/wp-content\/uploads\/2022\/03\/vatican-news-1-300x169.jpeg 300w, https:\/\/saojosedoipiranga.com.br\/new\/wp-content\/uploads\/2022\/03\/vatican-news-1-500x281.jpeg 500w\" sizes=\"(max-width: 750px) 100vw, 750px\" \/><\/figure>\n\n\n\n<p><br>Exatamente uma semana antes da sua ressurrei\u00e7\u00e3o (Mateus 21,1-11). Cerca de 450-500 anos antes, o profeta Zacarias havia profetizado: <em>&#8220;Alegra-te muito, \u00f3 filha de Si\u00e3o; exulta, \u00f3 filha de Jerusal\u00e9m: eis a\u00ed te vem o teu Rei, justo e salvador, humilde, montado em jumento, num jumentinho, cria de jumenta&#8221; (Zacarias 9,9<\/em>). Mateus 21,7-9 registra o cumprimento dessa profecia: <em>&#8220;&#8230;trouxeram a jumenta e o jumentinho. Ent\u00e3o, puseram em cima deles as suas vestes, e sobre elas Jesus montou. E a maior parte da multid\u00e3o estendeu as suas vestes pelo caminho, e outros cortavam ramos de \u00e1rvores, espalhando-os pela estrada. E as multid\u00f5es, tanto as que o precediam como as que o seguiam, clamavam: Hosana ao Filho de Davi! Bendito o que vem em nome do Senhor! Hosana nas maiores alturas!&#8221;<\/em> Este evento aconteceu no domingo antes da crucifica\u00e7\u00e3o de Jesus.<\/p>\n\n\n\n<div class=\"wp-block-columns is-layout-flex wp-container-core-columns-is-layout-9d6595d7 wp-block-columns-is-layout-flex\">\n<div class=\"wp-block-column is-layout-flow wp-block-column-is-layout-flow\" style=\"flex-basis:25%\"><\/div>\n\n\n\n<div class=\"wp-block-column is-layout-flow wp-block-column-is-layout-flow\" style=\"flex-basis:50%\">\n<p class=\"has-text-align-center\" style=\"font-size:25px\"><strong>Em mem\u00f3ria deste evento \u00e9 que n\u00f3s celebramos o Domingo de Ramos<\/strong>.<\/p>\n<\/div>\n\n\n\n<div class=\"wp-block-column is-layout-flow wp-block-column-is-layout-flow\" style=\"flex-basis:25%\"><\/div>\n<\/div>\n\n\n\n<p>Este dia tem esse nome por causa dos ramos de palmeira que foram colocados na estrada enquanto Jesus montava no jumento em Jerusal\u00e9m. As mesmas multid\u00f5es que gritaram &#8220;Hosana&#8221; agora estavam gritando &#8220;Crucifica-o&#8221; cinco dias depois (Mateus 27, 22-23).<\/p>\n\n\n\n<p>A Missa de Ramos marca a abertura dessa semana que \u00e9 dedicada em contemplar o sacrifico de Jesus, reconhecendo-o como Salvador. Pode-se dizer que essa celebra\u00e7\u00e3o do primeiro dia da Semana Santa instaura o sentimento que ser\u00e1 vivido ao longo dos pr\u00f3ximos dias e prepara os cora\u00e7\u00f5es para a Sexta-Feira da Paix\u00e3o de Jesus, na espera de que Jesus ressuscitar\u00e1.<\/p>\n\n\n\n<p>A passagem \u00e9 contada nos quatro evangelhos da b\u00edblia, Mateus, Marcos, Lucas e Jo\u00e3o. Narra-se que ao chegar na cidade, Jesus foi recebido em grande festa e aclamado pela multid\u00e3o, que erguia ramos de palmeira como um gesto de sauda\u00e7\u00e3o ao filho de Deus.<\/p>\n\n\n\n<p>Os ramos, que d\u00e3o nome a essa data, eram uma esp\u00e9cie de presente para Jesus, geralmente dado por pessoas humildes. Enquanto Nosso Senhor atravessava o espa\u00e7o repleto de fi\u00e9is encima de um jumento, todos ali levantavam no ar folhas verdes em clima de festa. Quando Jesus se aproximava, os ramos eram depositados no ch\u00e3o, em verdadeira adora\u00e7\u00e3o ao filho de Deus que ali passava.<\/p>\n\n\n\n<p>Por esse motivo, a Igreja Cat\u00f3lica Apost\u00f3lica Romana, come\u00e7a a celebra\u00e7\u00e3o da Missa de Ramos nas ruas. As pessoas tamb\u00e9m trazem folhas de palmeiras e assim seguem juntas com o sacerdote e toda a comunidade, em prociss\u00e3o para a igreja. A caminhada \u00e9 marcada por ter\u00e7os, ora\u00e7\u00f5es e cantos, sendo muito famoso cantar o \u201cHosana\u201d, devido a passagem da b\u00edblia. Na ocasi\u00e3o, os ramos s\u00e3o aben\u00e7oados, aspergidos com \u00e1gua benta e podem ser levados para casa ap\u00f3s o fim da celebra\u00e7\u00e3o.<\/p>\n\n\n\n<p><\/p>\n\n\n\n<p class=\"has-text-align-center\" style=\"font-size:25px\"><strong>No entanto, vale ressaltar que o clima de festa \u00e9 presente apenas durante a prociss\u00e3o da celebra\u00e7\u00e3o.<\/strong> <\/p>\n\n\n\n<p>J\u00e1 dentro da igreja, a liturgia concede abertura para a passagem que narra a paix\u00e3o de Cristo que ser\u00e1 recordada novamente nas celebra\u00e7\u00f5es do Tr\u00edduo Pascal. Nesse dia o evangelho \u00e9 lido por mais de uma pessoa, contendo narrador central e outros secund\u00e1rios que reproduzem as vozes dos personagens. \u00c9 de costume que as falas de Jesus sejam lidas pelo sacerdote que preside a missa.<\/p>\n\n    <div class=\"xs_social_share_widget xs_share_url after_content \t\tmain_content  wslu-style-1 wslu-share-box-shaped wslu-fill-colored wslu-none wslu-share-horizontal wslu-theme-font-no wslu-main_content\">\n\n\t\t\n        <ul>\n\t\t\t        <\/ul>\n    <\/div> \n","protected":false},"excerpt":{"rendered":"<p>\u00c9 o dia em que celebramos a &#8220;entrada triunfal&#8221; de Jesus em Jerusal\u00e9m. Exatamente uma semana antes da sua ressurrei\u00e7\u00e3o (Mateus 21,1-11). Cerca de 450-500 anos antes, o profeta Zacarias&hellip; <br \/> <a class=\"read-more\" href=\"https:\/\/saojosedoipiranga.com.br\/new\/2022\/04\/06\/domingo-de-ramos\/\">Leia mais<\/a><\/p>\n","protected":false},"author":3,"featured_media":4762,"comment_status":"closed","ping_status":"open","sticky":false,"template":"","format":"standard","meta":{"_vp_format_video_url":"","_vp_image_focal_point":[],"footnotes":""},"categories":[442,2,3,5,8,9,10,11],"tags":[466,119,222,464,255,270,463,465,318,358,377],"class_list":["post-4752","post","type-post","status-publish","format-standard","has-post-thumbnail","hentry","category-acontece","category-avisos_semanais","category-blog","category-diversos","category-eventos","category-formacao","category-noticias","category-pastorais","tag-bencao-dos-ramos","tag-domingo-de-ramos","tag-morte-de-cristo","tag-paixao","tag-paixao-de-cristo","tag-paroquia-sao-jose-do-ipiranga","tag-querigma","tag-querigma-da-igreja-catolica","tag-ressurreicao-de-cristo","tag-sao-jose-2","tag-semana-santa"],"_links":{"self":[{"href":"https:\/\/saojosedoipiranga.com.br\/new\/wp-json\/wp\/v2\/posts\/4752","targetHints":{"allow":["GET"]}}],"collection":[{"href":"https:\/\/saojosedoipiranga.com.br\/new\/wp-json\/wp\/v2\/posts"}],"about":[{"href":"https:\/\/saojosedoipiranga.com.br\/new\/wp-json\/wp\/v2\/types\/post"}],"author":[{"embeddable":true,"href":"https:\/\/saojosedoipiranga.com.br\/new\/wp-json\/wp\/v2\/users\/3"}],"replies":[{"embeddable":true,"href":"https:\/\/saojosedoipiranga.com.br\/new\/wp-json\/wp\/v2\/comments?post=4752"}],"version-history":[{"count":3,"href":"https:\/\/saojosedoipiranga.com.br\/new\/wp-json\/wp\/v2\/posts\/4752\/revisions"}],"predecessor-version":[{"id":4824,"href":"https:\/\/saojosedoipiranga.com.br\/new\/wp-json\/wp\/v2\/posts\/4752\/revisions\/4824"}],"wp:featuredmedia":[{"embeddable":true,"href":"https:\/\/saojosedoipiranga.com.br\/new\/wp-json\/wp\/v2\/media\/4762"}],"wp:attachment":[{"href":"https:\/\/saojosedoipiranga.com.br\/new\/wp-json\/wp\/v2\/media?parent=4752"}],"wp:term":[{"taxonomy":"category","embeddable":true,"href":"https:\/\/saojosedoipiranga.com.br\/new\/wp-json\/wp\/v2\/categories?post=4752"},{"taxonomy":"post_tag","embeddable":true,"href":"https:\/\/saojosedoipiranga.com.br\/new\/wp-json\/wp\/v2\/tags?post=4752"}],"curies":[{"name":"wp","href":"https:\/\/api.w.org\/{rel}","templated":true}]}}