{"id":4552,"date":"2022-03-15T13:15:31","date_gmt":"2022-03-15T16:15:31","guid":{"rendered":"https:\/\/saojosedoipiranga.com.br\/new\/?p=4552"},"modified":"2022-03-16T13:27:26","modified_gmt":"2022-03-16T16:27:26","slug":"iconografia-crista-parte-1","status":"publish","type":"post","link":"https:\/\/saojosedoipiranga.com.br\/new\/2022\/03\/15\/iconografia-crista-parte-1\/","title":{"rendered":"Iconografia Crist\u00e3 &#8211; parte 1"},"content":{"rendered":"\n<p style=\"font-size:30px\"><strong>Estudo da imagem de S\u00e3o Jos\u00e9<\/strong><\/p>\n\n\n\n<p style=\"font-size:25px\">A imagem de S\u00e3o Jos\u00e9, como em toda a iconografia crist\u00e3, \u00e9 rica em simbolismos e significados, desde a cor das roupas aos objetos inseridos. Vamos conhecer cada detalhe e entender o significado de cada um?!<\/p>\n\n\n\n<div class=\"wp-block-cover is-light\" style=\"min-height:174px;aspect-ratio:unset;\"><span aria-hidden=\"true\" class=\"has-white-background-color has-background-dim-100 wp-block-cover__gradient-background has-background-dim\"><\/span><div class=\"wp-block-cover__inner-container is-layout-flow wp-block-cover-is-layout-flow\">\n<p class=\"has-text-align-center has-large-font-size\">O menino Jesus no colo de S\u00e3o Jos\u00e9<\/p>\n<\/div><\/div>\n\n\n\n<div class=\"wp-block-media-text alignwide is-stacked-on-mobile\" style=\"grid-template-columns:31% auto\"><figure class=\"wp-block-media-text__media\"><img fetchpriority=\"high\" decoding=\"async\" width=\"666\" height=\"1024\" src=\"https:\/\/saojosedoipiranga.com.br\/new\/wp-content\/uploads\/2022\/03\/jesus-no-colo-666x1024.jpg\" alt=\"\" class=\"wp-image-4553 size-full\" srcset=\"https:\/\/saojosedoipiranga.com.br\/new\/wp-content\/uploads\/2022\/03\/jesus-no-colo-666x1024.jpg 666w, https:\/\/saojosedoipiranga.com.br\/new\/wp-content\/uploads\/2022\/03\/jesus-no-colo-195x300.jpg 195w, https:\/\/saojosedoipiranga.com.br\/new\/wp-content\/uploads\/2022\/03\/jesus-no-colo-768x1182.jpg 768w, https:\/\/saojosedoipiranga.com.br\/new\/wp-content\/uploads\/2022\/03\/jesus-no-colo-500x769.jpg 500w, https:\/\/saojosedoipiranga.com.br\/new\/wp-content\/uploads\/2022\/03\/jesus-no-colo-800x1231.jpg 800w, https:\/\/saojosedoipiranga.com.br\/new\/wp-content\/uploads\/2022\/03\/jesus-no-colo-702x1080.jpg 702w, https:\/\/saojosedoipiranga.com.br\/new\/wp-content\/uploads\/2022\/03\/jesus-no-colo.jpg 804w\" sizes=\"(max-width: 666px) 100vw, 666px\" \/><\/figure><div class=\"wp-block-media-text__content\">\n<p style=\"font-size:25px\">O menino Jesus no colo de S\u00e3o Jos\u00e9 \u00e9 mais um s\u00edmbolo da paternidade deste grande santo. Ele assumiu Maria quando ela estava gr\u00e1vida de Jesus, sabendo que ele n\u00e3o era o pai da crian\u00e7a. Segurando o menino Jesus no colo significa o cuidado e a prote\u00e7\u00e3o de pai que S\u00e3o Jos\u00e9 deu a Jesus e que pode dar a n\u00f3s, pela sua intercess\u00e3o.<\/p>\n<\/div><\/div>\n\n\n\n<div class=\"wp-block-cover is-light\" style=\"min-height:175px;aspect-ratio:unset;\"><span aria-hidden=\"true\" class=\"has-white-background-color has-background-dim-100 wp-block-cover__gradient-background has-background-dim\"><\/span><div class=\"wp-block-cover__inner-container is-layout-flow wp-block-cover-is-layout-flow\">\n<p class=\"has-text-align-center has-large-font-size\">A t\u00fanica branca do menino Jesus<\/p>\n<\/div><\/div>\n\n\n\n<div class=\"wp-block-media-text alignwide is-stacked-on-mobile\" style=\"grid-template-columns:26% auto\"><figure class=\"wp-block-media-text__media\"><img decoding=\"async\" width=\"289\" height=\"458\" src=\"https:\/\/saojosedoipiranga.com.br\/new\/wp-content\/uploads\/2022\/03\/matno-branco-jesus.jpg\" alt=\"\" class=\"wp-image-4554 size-full\" srcset=\"https:\/\/saojosedoipiranga.com.br\/new\/wp-content\/uploads\/2022\/03\/matno-branco-jesus.jpg 289w, https:\/\/saojosedoipiranga.com.br\/new\/wp-content\/uploads\/2022\/03\/matno-branco-jesus-189x300.jpg 189w\" sizes=\"(max-width: 289px) 100vw, 289px\" \/><\/figure><div class=\"wp-block-media-text__content\">\n<p style=\"font-size:25px\">A t\u00fanica branca do menino Jesus simboliza a pureza de cora\u00e7\u00e3o do menino. Os detalhes em dourado simbolizam a origem divina de Jesus. Fala-nos, mais uma vez, que Jos\u00e9 \u00e9 o pai adotivo de Jesus.<\/p>\n<\/div><\/div>\n\n\n\n<div class=\"wp-block-cover is-light\" style=\"min-height:215px;aspect-ratio:unset;\"><span aria-hidden=\"true\" class=\"has-white-background-color has-background-dim-100 wp-block-cover__gradient-background has-background-dim\"><\/span><div class=\"wp-block-cover__inner-container is-layout-flow wp-block-cover-is-layout-flow\">\n<p class=\"has-text-align-center has-large-font-size\"><\/p>\n<\/div><\/div>\n\n\n\n<div class=\"wp-block-media-text alignwide is-stacked-on-mobile\" style=\"grid-template-columns:22% auto\"><figure class=\"wp-block-media-text__media\"><img decoding=\"async\" width=\"1024\" height=\"1024\" src=\"https:\/\/saojosedoipiranga.com.br\/new\/wp-content\/uploads\/2022\/03\/pagina-link-1-1024x1024.jpg\" alt=\"\" class=\"wp-image-4511 size-full\" srcset=\"https:\/\/saojosedoipiranga.com.br\/new\/wp-content\/uploads\/2022\/03\/pagina-link-1-1024x1024.jpg 1024w, https:\/\/saojosedoipiranga.com.br\/new\/wp-content\/uploads\/2022\/03\/pagina-link-1-300x300.jpg 300w, https:\/\/saojosedoipiranga.com.br\/new\/wp-content\/uploads\/2022\/03\/pagina-link-1-150x150.jpg 150w, https:\/\/saojosedoipiranga.com.br\/new\/wp-content\/uploads\/2022\/03\/pagina-link-1-768x768.jpg 768w, https:\/\/saojosedoipiranga.com.br\/new\/wp-content\/uploads\/2022\/03\/pagina-link-1-1536x1536.jpg 1536w, https:\/\/saojosedoipiranga.com.br\/new\/wp-content\/uploads\/2022\/03\/pagina-link-1-500x500.jpg 500w, https:\/\/saojosedoipiranga.com.br\/new\/wp-content\/uploads\/2022\/03\/pagina-link-1-800x800.jpg 800w, https:\/\/saojosedoipiranga.com.br\/new\/wp-content\/uploads\/2022\/03\/pagina-link-1-1280x1280.jpg 1280w, https:\/\/saojosedoipiranga.com.br\/new\/wp-content\/uploads\/2022\/03\/pagina-link-1-1080x1080.jpg 1080w, https:\/\/saojosedoipiranga.com.br\/new\/wp-content\/uploads\/2022\/03\/pagina-link-1.jpg 1667w\" sizes=\"(max-width: 1024px) 100vw, 1024px\" \/><\/figure><div class=\"wp-block-media-text__content\">\n<p class=\"has-medium-font-size\"><strong>Dia 19 de mar\u00e7o, dia do nosso padroeiro S\u00e3o Jos\u00e9.<\/strong><\/p>\n\n\n\n<p class=\"has-medium-font-size\"><br><strong>Venha participar conosco desse dia t\u00e3o especial!<\/strong><\/p>\n<\/div><\/div>\n\n    <div class=\"xs_social_share_widget xs_share_url after_content \t\tmain_content  wslu-style-1 wslu-share-box-shaped wslu-fill-colored wslu-none wslu-share-horizontal wslu-theme-font-no wslu-main_content\">\n\n\t\t\n        <ul>\n\t\t\t        <\/ul>\n    <\/div> \n","protected":false},"excerpt":{"rendered":"<p>Estudo da imagem de S\u00e3o Jos\u00e9 A imagem de S\u00e3o Jos\u00e9, como em toda a iconografia crist\u00e3, \u00e9 rica em simbolismos e significados, desde a cor das roupas aos objetos&hellip; <br \/> <a class=\"read-more\" href=\"https:\/\/saojosedoipiranga.com.br\/new\/2022\/03\/15\/iconografia-crista-parte-1\/\">Leia mais<\/a><\/p>\n","protected":false},"author":3,"featured_media":4546,"comment_status":"closed","ping_status":"open","sticky":false,"template":"","format":"standard","meta":{"_vp_format_video_url":"","_vp_image_focal_point":[],"footnotes":""},"categories":[3,8,9,10],"tags":[449,455,165,459,177,457,451,357,458,460],"class_list":["post-4552","post","type-post","status-publish","format-standard","has-post-thumbnail","hentry","category-blog","category-eventos","category-formacao","category-noticias","tag-iconografia","tag-iconografia-crista","tag-igreja","tag-imagem-sacra","tag-jesus","tag-jesus-no-colo-de-sao-jose","tag-pintura-sacra","tag-sao-jose","tag-significado-das-imagens-catolicas","tag-simbolismo-na-igreja"],"_links":{"self":[{"href":"https:\/\/saojosedoipiranga.com.br\/new\/wp-json\/wp\/v2\/posts\/4552","targetHints":{"allow":["GET"]}}],"collection":[{"href":"https:\/\/saojosedoipiranga.com.br\/new\/wp-json\/wp\/v2\/posts"}],"about":[{"href":"https:\/\/saojosedoipiranga.com.br\/new\/wp-json\/wp\/v2\/types\/post"}],"author":[{"embeddable":true,"href":"https:\/\/saojosedoipiranga.com.br\/new\/wp-json\/wp\/v2\/users\/3"}],"replies":[{"embeddable":true,"href":"https:\/\/saojosedoipiranga.com.br\/new\/wp-json\/wp\/v2\/comments?post=4552"}],"version-history":[{"count":4,"href":"https:\/\/saojosedoipiranga.com.br\/new\/wp-json\/wp\/v2\/posts\/4552\/revisions"}],"predecessor-version":[{"id":4560,"href":"https:\/\/saojosedoipiranga.com.br\/new\/wp-json\/wp\/v2\/posts\/4552\/revisions\/4560"}],"wp:featuredmedia":[{"embeddable":true,"href":"https:\/\/saojosedoipiranga.com.br\/new\/wp-json\/wp\/v2\/media\/4546"}],"wp:attachment":[{"href":"https:\/\/saojosedoipiranga.com.br\/new\/wp-json\/wp\/v2\/media?parent=4552"}],"wp:term":[{"taxonomy":"category","embeddable":true,"href":"https:\/\/saojosedoipiranga.com.br\/new\/wp-json\/wp\/v2\/categories?post=4552"},{"taxonomy":"post_tag","embeddable":true,"href":"https:\/\/saojosedoipiranga.com.br\/new\/wp-json\/wp\/v2\/tags?post=4552"}],"curies":[{"name":"wp","href":"https:\/\/api.w.org\/{rel}","templated":true}]}}