{"id":4526,"date":"2022-03-17T16:52:29","date_gmt":"2022-03-17T19:52:29","guid":{"rendered":"https:\/\/saojosedoipiranga.com.br\/new\/?p=4526"},"modified":"2022-03-17T16:52:29","modified_gmt":"2022-03-17T19:52:29","slug":"iconografia-crista-parte-2","status":"publish","type":"post","link":"https:\/\/saojosedoipiranga.com.br\/new\/2022\/03\/17\/iconografia-crista-parte-2\/","title":{"rendered":"Iconografia Crist\u00e3 &#8211; parte 2"},"content":{"rendered":"\n<p style=\"font-size:30px\"><strong>Estudo da imagem de S\u00e3o Jos\u00e9<\/strong><\/p>\n\n\n\n<p style=\"font-size:25px\">A imagem de S\u00e3o Jos\u00e9, como em toda a iconografia crist\u00e3, \u00e9 rica em simbolismos e significados, desde a cor das roupas aos objetos inseridos. Vamos conhecer cada detalhe e entender o significado de cada um?!<\/p>\n\n\n\n<div class=\"wp-block-cover is-light\" style=\"min-height:172px;aspect-ratio:unset;\"><span aria-hidden=\"true\" class=\"has-white-background-color has-background-dim-100 wp-block-cover__gradient-background has-background-dim\"><\/span><div class=\"wp-block-cover__inner-container is-layout-flow wp-block-cover-is-layout-flow\">\n<p class=\"has-text-align-center has-large-font-size\">O L\u00edrio na m\u00e3o de S\u00e3o Jos\u00e9<\/p>\n<\/div><\/div>\n\n\n\n<div class=\"wp-block-media-text alignwide is-stacked-on-mobile\" style=\"grid-template-columns:39% auto\"><figure class=\"wp-block-media-text__media\"><img fetchpriority=\"high\" decoding=\"async\" width=\"654\" height=\"1024\" src=\"https:\/\/saojosedoipiranga.com.br\/new\/wp-content\/uploads\/2022\/03\/lirio-654x1024.jpg\" alt=\"\" class=\"wp-image-4543 size-full\" srcset=\"https:\/\/saojosedoipiranga.com.br\/new\/wp-content\/uploads\/2022\/03\/lirio-654x1024.jpg 654w, https:\/\/saojosedoipiranga.com.br\/new\/wp-content\/uploads\/2022\/03\/lirio-191x300.jpg 191w, https:\/\/saojosedoipiranga.com.br\/new\/wp-content\/uploads\/2022\/03\/lirio-768x1203.jpg 768w, https:\/\/saojosedoipiranga.com.br\/new\/wp-content\/uploads\/2022\/03\/lirio-980x1536.jpg 980w, https:\/\/saojosedoipiranga.com.br\/new\/wp-content\/uploads\/2022\/03\/lirio-1307x2048.jpg 1307w, https:\/\/saojosedoipiranga.com.br\/new\/wp-content\/uploads\/2022\/03\/lirio-500x783.jpg 500w, https:\/\/saojosedoipiranga.com.br\/new\/wp-content\/uploads\/2022\/03\/lirio-800x1253.jpg 800w, https:\/\/saojosedoipiranga.com.br\/new\/wp-content\/uploads\/2022\/03\/lirio-1280x2005.jpg 1280w, https:\/\/saojosedoipiranga.com.br\/new\/wp-content\/uploads\/2022\/03\/lirio-1024x1604.jpg 1024w, https:\/\/saojosedoipiranga.com.br\/new\/wp-content\/uploads\/2022\/03\/lirio-689x1080.jpg 689w, https:\/\/saojosedoipiranga.com.br\/new\/wp-content\/uploads\/2022\/03\/lirio.jpg 1622w\" sizes=\"(max-width: 654px) 100vw, 654px\" \/><\/figure><div class=\"wp-block-media-text__content\">\n<p>Este l\u00edrio faz parte de uma tradi\u00e7\u00e3o que vem de um dos Ap\u00f3crifos, segundo o qual, o Sumo Sacerdote teria reunido os jovens de Jerusal\u00e9m para saber qual deles seria o pai do Messias prometido. Cada um tinha um bast\u00e3o de madeira; e a resposta de Deus seria dada pela flor que brotaria de um bast\u00e3o de um dos jovens, o que teria acontecido com o bast\u00e3o de Jos\u00e9. \u00c9 uma bela tradi\u00e7\u00e3o, mas a Igreja n\u00e3o tem condi\u00e7\u00f5es de confirm\u00e1-la. O mais importante \u00e9 que Jos\u00e9, foi de fato, escolhido para ser o pai adotivo do Jesus Cristo.<\/p>\n\n\n\n<p>O L\u00edrio representa a pureza do seu cora\u00e7\u00e3o e a vit\u00f3ria da vida sobre a morte. Representa a vit\u00f3ria dos santos, a vit\u00f3ria de S\u00e3o Jos\u00e9 sobre o mundo, sobre o pecado e, em Jesus Cristo, a vit\u00f3ria sobre a morte.<\/p>\n\n\n\n<p><\/p>\n<\/div><\/div>\n\n\n\n<div class=\"wp-block-cover is-light\" style=\"min-height:215px;aspect-ratio:unset;\"><span aria-hidden=\"true\" class=\"has-white-background-color has-background-dim-100 wp-block-cover__gradient-background has-background-dim\"><\/span><div class=\"wp-block-cover__inner-container is-layout-flow wp-block-cover-is-layout-flow\">\n<p class=\"has-text-align-center has-large-font-size\">O olhar para baixo<\/p>\n<\/div><\/div>\n\n\n\n<div class=\"wp-block-media-text alignwide is-stacked-on-mobile\" style=\"grid-template-columns:28% auto\"><figure class=\"wp-block-media-text__media\"><img decoding=\"async\" width=\"648\" height=\"868\" src=\"https:\/\/saojosedoipiranga.com.br\/new\/wp-content\/uploads\/2022\/03\/olhar-de-sao-jose.jpg\" alt=\"\" class=\"wp-image-4544 size-full\" srcset=\"https:\/\/saojosedoipiranga.com.br\/new\/wp-content\/uploads\/2022\/03\/olhar-de-sao-jose.jpg 648w, https:\/\/saojosedoipiranga.com.br\/new\/wp-content\/uploads\/2022\/03\/olhar-de-sao-jose-224x300.jpg 224w, https:\/\/saojosedoipiranga.com.br\/new\/wp-content\/uploads\/2022\/03\/olhar-de-sao-jose-500x670.jpg 500w\" sizes=\"(max-width: 648px) 100vw, 648px\" \/><\/figure><div class=\"wp-block-media-text__content\">\n<p>Em quase todas as representa\u00e7\u00f5es de S\u00e3o Jos\u00e9 ele est\u00e1 olhando para baixo. Isto significa que ele foi o pai terreno de Jesus. Lembra-nos que o grande S\u00e3o Jos\u00e9 foi pai adotivo do Filho de Deus. Por\u00e9m, foi pai. Amou, cuidou, ensinou e formou o menino Deus cumprindo seu papel de pai, dando um nome e uma fam\u00edlia a Jesus. Sua miss\u00e3o neste mundo, aqui &#8216;em baixo&#8217;, para onde S\u00e3o Jos\u00e9 olha, foi grandiosa. Por isso ele \u00e9 representado olhando para baixo. Significa tamb\u00e9m que ele olha e intercede por n\u00f3s que estamos aqui na terra, em peregrina\u00e7\u00e3o para o c\u00e9u.<\/p>\n<\/div><\/div>\n\n\n\n<div class=\"wp-block-cover is-light\" style=\"min-height:141px;aspect-ratio:unset;\"><span aria-hidden=\"true\" class=\"has-white-background-color has-background-dim-100 wp-block-cover__gradient-background has-background-dim\"><\/span><div class=\"wp-block-cover__inner-container is-layout-flow wp-block-cover-is-layout-flow\">\n<p class=\"has-text-align-center has-large-font-size\"><\/p>\n<\/div><\/div>\n\n\n\n<div class=\"wp-block-media-text alignwide is-stacked-on-mobile\" style=\"grid-template-columns:35% auto\"><figure class=\"wp-block-media-text__media\"><a href=\"https:\/\/saojosedoipiranga.com.br\/new\/2022\/03\/15\/tradicional-festa-de-sao-jose\/\"><img decoding=\"async\" width=\"1024\" height=\"1024\" src=\"https:\/\/saojosedoipiranga.com.br\/new\/wp-content\/uploads\/2022\/03\/pagina-link-1-1024x1024.jpg\" alt=\"\" class=\"wp-image-4511 size-full\" srcset=\"https:\/\/saojosedoipiranga.com.br\/new\/wp-content\/uploads\/2022\/03\/pagina-link-1-1024x1024.jpg 1024w, https:\/\/saojosedoipiranga.com.br\/new\/wp-content\/uploads\/2022\/03\/pagina-link-1-300x300.jpg 300w, https:\/\/saojosedoipiranga.com.br\/new\/wp-content\/uploads\/2022\/03\/pagina-link-1-150x150.jpg 150w, https:\/\/saojosedoipiranga.com.br\/new\/wp-content\/uploads\/2022\/03\/pagina-link-1-768x768.jpg 768w, https:\/\/saojosedoipiranga.com.br\/new\/wp-content\/uploads\/2022\/03\/pagina-link-1-1536x1536.jpg 1536w, https:\/\/saojosedoipiranga.com.br\/new\/wp-content\/uploads\/2022\/03\/pagina-link-1-500x500.jpg 500w, https:\/\/saojosedoipiranga.com.br\/new\/wp-content\/uploads\/2022\/03\/pagina-link-1-800x800.jpg 800w, https:\/\/saojosedoipiranga.com.br\/new\/wp-content\/uploads\/2022\/03\/pagina-link-1-1280x1280.jpg 1280w, https:\/\/saojosedoipiranga.com.br\/new\/wp-content\/uploads\/2022\/03\/pagina-link-1-1080x1080.jpg 1080w, https:\/\/saojosedoipiranga.com.br\/new\/wp-content\/uploads\/2022\/03\/pagina-link-1.jpg 1667w\" sizes=\"(max-width: 1024px) 100vw, 1024px\" \/><\/a><\/figure><div class=\"wp-block-media-text__content\">\n<p class=\"has-medium-font-size\"><strong>Dia 19 de mar\u00e7o, dia do nosso padroeiro S\u00e3o Jos\u00e9.<\/strong><\/p>\n\n\n\n<p class=\"has-medium-font-size\"><br><strong>Venha participar conosco desse dia t\u00e3o especial!<\/strong><\/p>\n<\/div><\/div>\n\n    <div class=\"xs_social_share_widget xs_share_url after_content \t\tmain_content  wslu-style-1 wslu-share-box-shaped wslu-fill-colored wslu-none wslu-share-horizontal wslu-theme-font-no wslu-main_content\">\n\n\t\t\n        <ul>\n\t\t\t        <\/ul>\n    <\/div> \n","protected":false},"excerpt":{"rendered":"<p>Estudo da imagem de S\u00e3o Jos\u00e9 A imagem de S\u00e3o Jos\u00e9, como em toda a iconografia crist\u00e3, \u00e9 rica em simbolismos e significados, desde a cor das roupas aos objetos&hellip; <br \/> <a class=\"read-more\" href=\"https:\/\/saojosedoipiranga.com.br\/new\/2022\/03\/17\/iconografia-crista-parte-2\/\">Leia mais<\/a><\/p>\n","protected":false},"author":3,"featured_media":4546,"comment_status":"closed","ping_status":"open","sticky":false,"template":"","format":"standard","meta":{"_vp_format_video_url":"","_vp_image_focal_point":{"x":0.38,"y":0.62},"footnotes":""},"categories":[3,8,9,10],"tags":[450,449,455,166,454,452,451,358,453],"class_list":["post-4526","post","type-post","status-publish","format-standard","has-post-thumbnail","hentry","category-blog","category-eventos","category-formacao","category-noticias","tag-icone-catolico","tag-iconografia","tag-iconografia-crista","tag-igreja-catolica","tag-lirio-de-sao-jose","tag-o-que-e-iconografia","tag-pintura-sacra","tag-sao-jose-2","tag-significado-do-lirio-na-mao-de-sao-jose"],"_links":{"self":[{"href":"https:\/\/saojosedoipiranga.com.br\/new\/wp-json\/wp\/v2\/posts\/4526","targetHints":{"allow":["GET"]}}],"collection":[{"href":"https:\/\/saojosedoipiranga.com.br\/new\/wp-json\/wp\/v2\/posts"}],"about":[{"href":"https:\/\/saojosedoipiranga.com.br\/new\/wp-json\/wp\/v2\/types\/post"}],"author":[{"embeddable":true,"href":"https:\/\/saojosedoipiranga.com.br\/new\/wp-json\/wp\/v2\/users\/3"}],"replies":[{"embeddable":true,"href":"https:\/\/saojosedoipiranga.com.br\/new\/wp-json\/wp\/v2\/comments?post=4526"}],"version-history":[{"count":17,"href":"https:\/\/saojosedoipiranga.com.br\/new\/wp-json\/wp\/v2\/posts\/4526\/revisions"}],"predecessor-version":[{"id":4562,"href":"https:\/\/saojosedoipiranga.com.br\/new\/wp-json\/wp\/v2\/posts\/4526\/revisions\/4562"}],"wp:featuredmedia":[{"embeddable":true,"href":"https:\/\/saojosedoipiranga.com.br\/new\/wp-json\/wp\/v2\/media\/4546"}],"wp:attachment":[{"href":"https:\/\/saojosedoipiranga.com.br\/new\/wp-json\/wp\/v2\/media?parent=4526"}],"wp:term":[{"taxonomy":"category","embeddable":true,"href":"https:\/\/saojosedoipiranga.com.br\/new\/wp-json\/wp\/v2\/categories?post=4526"},{"taxonomy":"post_tag","embeddable":true,"href":"https:\/\/saojosedoipiranga.com.br\/new\/wp-json\/wp\/v2\/tags?post=4526"}],"curies":[{"name":"wp","href":"https:\/\/api.w.org\/{rel}","templated":true}]}}