{"id":4493,"date":"2022-03-15T08:39:30","date_gmt":"2022-03-15T11:39:30","guid":{"rendered":"https:\/\/saojosedoipiranga.com.br\/new\/?p=4493"},"modified":"2022-03-16T13:26:51","modified_gmt":"2022-03-16T16:26:51","slug":"tradicional-festa-de-sao-jose","status":"publish","type":"post","link":"https:\/\/saojosedoipiranga.com.br\/new\/2022\/03\/15\/tradicional-festa-de-sao-jose\/","title":{"rendered":"Tradicional Festa de S\u00e3o Jos\u00e9"},"content":{"rendered":"\n<p class=\"has-large-font-size\"><\/p>\n\n\n\n<figure class=\"wp-block-image size-large\"><img fetchpriority=\"high\" decoding=\"async\" width=\"918\" height=\"1024\" src=\"https:\/\/saojosedoipiranga.com.br\/new\/wp-content\/uploads\/2022\/03\/flyer-online1-918x1024.jpg\" alt=\"\" class=\"wp-image-4495\" srcset=\"https:\/\/saojosedoipiranga.com.br\/new\/wp-content\/uploads\/2022\/03\/flyer-online1-918x1024.jpg 918w, https:\/\/saojosedoipiranga.com.br\/new\/wp-content\/uploads\/2022\/03\/flyer-online1-269x300.jpg 269w, https:\/\/saojosedoipiranga.com.br\/new\/wp-content\/uploads\/2022\/03\/flyer-online1-768x856.jpg 768w, https:\/\/saojosedoipiranga.com.br\/new\/wp-content\/uploads\/2022\/03\/flyer-online1-500x558.jpg 500w, https:\/\/saojosedoipiranga.com.br\/new\/wp-content\/uploads\/2022\/03\/flyer-online1-800x892.jpg 800w, https:\/\/saojosedoipiranga.com.br\/new\/wp-content\/uploads\/2022\/03\/flyer-online1-1024x1142.jpg 1024w, https:\/\/saojosedoipiranga.com.br\/new\/wp-content\/uploads\/2022\/03\/flyer-online1-968x1080.jpg 968w, https:\/\/saojosedoipiranga.com.br\/new\/wp-content\/uploads\/2022\/03\/flyer-online1.jpg 1181w\" sizes=\"(max-width: 918px) 100vw, 918px\" \/><\/figure>\n\n\n\n<p class=\"has-text-align-center has-medium-font-size\">Na Rua Brigadeiro Jord\u00e3o, 560 &#8211; Ipiranga &#8211; SP<\/p>\n\n\n\n<p>A Par\u00f3quia S\u00e3o Jos\u00e9 do Ipiranga, administrada h\u00e1 102 anos, pela Congrega\u00e7\u00e3o dos Religiosos de Nossa Senhora de Sion, atrav\u00e9s do seu novo administrador paroquial, Pe. Benedito Donizetti Vieira, nds, de seu vig\u00e1rio Pe. Oberdan Santana da Silva, nds e o coordenador da festa Sr. Reinaldo e sua esposa, tem alegria em comunicar a todos, que ap\u00f3s dois anos sem poder celebrar o padroeiro festivamente, neste ano de 2022, no dia 19 de mar\u00e7o voltaremos com a tradicional celebra\u00e7\u00e3o.<\/p>\n\n\n\n<p>&nbsp;&nbsp;&nbsp;&nbsp; Neste dia, teremos nove missas: 6h, 7h30, 9h, 10h30, 12h, 14h, 15h30, 17h e 19h, sendo esta \u00faltima solene e seguida de prociss\u00e3o; haver\u00e1 b\u00ean\u00e7\u00e3o individual ao final de cada missa e algumas barracas como: L\u00edrio de S\u00e3o Jos\u00e9, Artigos Religiosos, Bolo de S\u00e3o Jos\u00e9, Saquinho para Moedas, Salgados e Refrigerantes.<\/p>\n\n\n\n<p>&nbsp;&nbsp;&nbsp;&nbsp; Paroquianos, devotos de S\u00e3o Jos\u00e9 e visitantes, venham participar conosco!<\/p>\n\n\n\n<p>&nbsp;&nbsp;&nbsp; Teremos um dia feliz e especial com sua presen\u00e7a e as b\u00ean\u00e7\u00e3os de S\u00e3o Jos\u00e9.<\/p>\n\n\n\n<p>&nbsp;&nbsp;&nbsp; S\u00e3o Jos\u00e9, valei-nos!<\/p>\n\n    <div class=\"xs_social_share_widget xs_share_url after_content \t\tmain_content  wslu-style-1 wslu-share-box-shaped wslu-fill-colored wslu-none wslu-share-horizontal wslu-theme-font-no wslu-main_content\">\n\n\t\t\n        <ul>\n\t\t\t        <\/ul>\n    <\/div> \n","protected":false},"excerpt":{"rendered":"<p>Na Rua Brigadeiro Jord\u00e3o, 560 &#8211; Ipiranga &#8211; SP A Par\u00f3quia S\u00e3o Jos\u00e9 do Ipiranga, administrada h\u00e1 102 anos, pela Congrega\u00e7\u00e3o dos Religiosos de Nossa Senhora de Sion, atrav\u00e9s do&hellip; <br \/> <a class=\"read-more\" href=\"https:\/\/saojosedoipiranga.com.br\/new\/2022\/03\/15\/tradicional-festa-de-sao-jose\/\">Leia mais<\/a><\/p>\n","protected":false},"author":3,"featured_media":4511,"comment_status":"closed","ping_status":"open","sticky":false,"template":"","format":"standard","meta":{"_vp_format_video_url":"","_vp_image_focal_point":[],"footnotes":""},"categories":[442,2,5,8,10],"tags":[43,448,444,445,213,271,308,358,359],"class_list":["post-4493","post","type-post","status-publish","format-standard","has-post-thumbnail","hentry","category-acontece","category-avisos_semanais","category-diversos","category-eventos","category-noticias","tag-bencao","tag-festa-catolica","tag-festa-de-sao-jose","tag-festa-do-padroeiro","tag-missa","tag-paroquia-sao-jose-do-ipiranga-2","tag-quermesse","tag-sao-jose-2","tag-sao-jose-do-ipiranga"],"_links":{"self":[{"href":"https:\/\/saojosedoipiranga.com.br\/new\/wp-json\/wp\/v2\/posts\/4493","targetHints":{"allow":["GET"]}}],"collection":[{"href":"https:\/\/saojosedoipiranga.com.br\/new\/wp-json\/wp\/v2\/posts"}],"about":[{"href":"https:\/\/saojosedoipiranga.com.br\/new\/wp-json\/wp\/v2\/types\/post"}],"author":[{"embeddable":true,"href":"https:\/\/saojosedoipiranga.com.br\/new\/wp-json\/wp\/v2\/users\/3"}],"replies":[{"embeddable":true,"href":"https:\/\/saojosedoipiranga.com.br\/new\/wp-json\/wp\/v2\/comments?post=4493"}],"version-history":[{"count":5,"href":"https:\/\/saojosedoipiranga.com.br\/new\/wp-json\/wp\/v2\/posts\/4493\/revisions"}],"predecessor-version":[{"id":4513,"href":"https:\/\/saojosedoipiranga.com.br\/new\/wp-json\/wp\/v2\/posts\/4493\/revisions\/4513"}],"wp:featuredmedia":[{"embeddable":true,"href":"https:\/\/saojosedoipiranga.com.br\/new\/wp-json\/wp\/v2\/media\/4511"}],"wp:attachment":[{"href":"https:\/\/saojosedoipiranga.com.br\/new\/wp-json\/wp\/v2\/media?parent=4493"}],"wp:term":[{"taxonomy":"category","embeddable":true,"href":"https:\/\/saojosedoipiranga.com.br\/new\/wp-json\/wp\/v2\/categories?post=4493"},{"taxonomy":"post_tag","embeddable":true,"href":"https:\/\/saojosedoipiranga.com.br\/new\/wp-json\/wp\/v2\/tags?post=4493"}],"curies":[{"name":"wp","href":"https:\/\/api.w.org\/{rel}","templated":true}]}}