{"id":2416,"date":"2020-07-31T13:17:50","date_gmt":"2020-07-31T16:17:50","guid":{"rendered":"http:\/\/saojosedoipiranga.com.br\/site\/?p=2416"},"modified":"2020-12-07T12:06:17","modified_gmt":"2020-12-07T15:06:17","slug":"a-partir-de-1%cb%9a-de-agosto","status":"publish","type":"post","link":"https:\/\/saojosedoipiranga.com.br\/new\/2020\/07\/31\/a-partir-de-1%cb%9a-de-agosto\/","title":{"rendered":"A partir de 1\u02da de Agosto"},"content":{"rendered":"\n<h4 class=\"wp-block-heading\">Entraremos na 2\u02da FASE DO RETORNO GRADUAL<br>para participar da Santa Missa aqui na Par\u00f3quia S\u00e3o Jos\u00e9 do Ipiranga.<\/h4>\n\n\n\n<figure class=\"wp-block-image size-large\"><img fetchpriority=\"high\" decoding=\"async\" width=\"1024\" height=\"1024\" src=\"http:\/\/saojosedoipiranga.com.br\/site\/wp-content\/uploads\/2020\/07\/participar-da-santa-missa-2-1024x1024.jpg\" alt=\"\" class=\"wp-image-2417\" srcset=\"https:\/\/saojosedoipiranga.com.br\/new\/wp-content\/uploads\/2020\/07\/participar-da-santa-missa-2-1024x1024.jpg 1024w, https:\/\/saojosedoipiranga.com.br\/new\/wp-content\/uploads\/2020\/07\/participar-da-santa-missa-2-300x300.jpg 300w, https:\/\/saojosedoipiranga.com.br\/new\/wp-content\/uploads\/2020\/07\/participar-da-santa-missa-2-150x150.jpg 150w, https:\/\/saojosedoipiranga.com.br\/new\/wp-content\/uploads\/2020\/07\/participar-da-santa-missa-2-768x768.jpg 768w, https:\/\/saojosedoipiranga.com.br\/new\/wp-content\/uploads\/2020\/07\/participar-da-santa-missa-2-1536x1536.jpg 1536w, https:\/\/saojosedoipiranga.com.br\/new\/wp-content\/uploads\/2020\/07\/participar-da-santa-missa-2-2048x2048.jpg 2048w\" sizes=\"(max-width: 1024px) 100vw, 1024px\" \/><figcaption>Passaremos de 45 lugares para 65 lugares.<\/figcaption><\/figure>\n\n\n\n<figure class=\"wp-block-image size-large\"><img decoding=\"async\" width=\"1024\" height=\"1024\" src=\"http:\/\/saojosedoipiranga.com.br\/site\/wp-content\/uploads\/2020\/07\/participar-da-santa-missa-3-1024x1024.jpg\" alt=\"\" class=\"wp-image-2418\" srcset=\"https:\/\/saojosedoipiranga.com.br\/new\/wp-content\/uploads\/2020\/07\/participar-da-santa-missa-3-1024x1024.jpg 1024w, https:\/\/saojosedoipiranga.com.br\/new\/wp-content\/uploads\/2020\/07\/participar-da-santa-missa-3-300x300.jpg 300w, https:\/\/saojosedoipiranga.com.br\/new\/wp-content\/uploads\/2020\/07\/participar-da-santa-missa-3-150x150.jpg 150w, https:\/\/saojosedoipiranga.com.br\/new\/wp-content\/uploads\/2020\/07\/participar-da-santa-missa-3-768x768.jpg 768w, https:\/\/saojosedoipiranga.com.br\/new\/wp-content\/uploads\/2020\/07\/participar-da-santa-missa-3-1536x1536.jpg 1536w, https:\/\/saojosedoipiranga.com.br\/new\/wp-content\/uploads\/2020\/07\/participar-da-santa-missa-3-2048x2048.jpg 2048w\" sizes=\"(max-width: 1024px) 100vw, 1024px\" \/><figcaption>Ligue na secretaria paroquial e fale com Isa Abreu.<\/figcaption><\/figure>\n\n\n\n<p class=\"has-medium-font-size\"><strong>HOR\u00c1RIOS DA SANTA MISSA<\/strong><\/p>\n\n\n\n<p>\u2714<strong>S\u00c1BADO<\/strong><br>\u21aa15h &#8211; missa com assembl\u00e9ia (transmitida pelas redes sociais da par\u00f3quia).<\/p>\n\n\n\n<p>\u2714<strong>DOMINGO<\/strong><br>\u21aa8h &#8211; missa com assembl\u00e9ia<br>\u21aa9h30 &#8211; missa com assembl\u00e9ia<br>\u21aa11h &#8211; missa com assembl\u00e9ia (transmitida pelas redes sociais da par\u00f3quia)<br>\u21aa16h30 &#8211; missa com assembl\u00e9ia<br>\u21aa19h &#8211; missa com assembl\u00e9ia.<\/p>\n\n\n\n<p>\u2714<strong>SEGUNDA \/ TER\u00c7A<\/strong><br>\u21aa19h &#8211; missa com assembl\u00e9ia (transmitida pelas redes sociais da par\u00f3quia).<\/p>\n\n\n\n<p>\ud83d\udd3a <strong>QUARTA &#8211; ATEN\u00c7\u00c3O<\/strong><br>N\u00e3o haver\u00e1 expediente paroquial e nem a celebra\u00e7\u00e3o da Santa Missa.<\/p>\n\n\n\n<p>\u2714<strong>QUINTA \/ SEXTA<\/strong><br>\u21aa19h &#8211; missa com assembl\u00e9ia transmitida pelas redes sociais da par\u00f3quia).<\/p>\n\n\n\n<p><strong>PROTOCOLOS DE SEGURAN\u00c7A PARA PARTICIPA\u00c7\u00c3O DA SANTA MISSA:<\/strong>\ud83d\udccd Chegar 15 minutos antes da missa come\u00e7ar;<br>\ud83d\udccd N\u00e3o \u00e9 permitido o ingresso a Igreja sem m\u00e1scara;<br>\ud83d\udccd Trazer de casa \u00e1lcool gel para uso pr\u00f3prio;<br>\ud83d\udccd Manter o distanciamento social de 1,5 mt, mesmo sendo da mesma fam\u00edlia. Os bancos da Igreja est\u00e3o devidamente sinalizados;<br>\ud83d\udccd Ser\u00e1 aferida a temperatura corporal, no port\u00e3o de entrada da Igreja, atrav\u00e9s de term\u00f4metro de aproxima\u00e7\u00e3o.<br>\ud83d\udccd O acesso \u00e0 Igreja ser\u00e1 controlado por seguran\u00e7as, Somente ser\u00e1 permitida a entrada se houver agendamento pr\u00e9vio.<\/p>\n\n\n\n<p class=\"has-medium-font-size\">\u2764\ufe0f <strong>A VIDA \u00c9 DOM DE DEUS E DEVEMOS CUIDAR DELA <\/strong>\u2764\ufe0f.<\/p>\n\n\n\n<p class=\"has-small-font-size\">Decreto 64.959, de 4 de maio de 2020<br>Resolu\u00e7\u00e3o SS 96, de 29 de junho de 2020.<\/p>\n\n    <div class=\"xs_social_share_widget xs_share_url after_content \t\tmain_content  wslu-style-1 wslu-share-box-shaped wslu-fill-colored wslu-none wslu-share-horizontal wslu-theme-font-no wslu-main_content\">\n\n\t\t\n        <ul>\n\t\t\t        <\/ul>\n    <\/div> \n","protected":false},"excerpt":{"rendered":"<p>Entraremos na 2\u02da FASE DO RETORNO GRADUALpara participar da Santa Missa aqui na Par\u00f3quia S\u00e3o Jos\u00e9 do Ipiranga. HOR\u00c1RIOS DA SANTA MISSA \u2714S\u00c1BADO\u21aa15h &#8211; missa com assembl\u00e9ia (transmitida pelas redes&hellip; <br \/> <a class=\"read-more\" href=\"https:\/\/saojosedoipiranga.com.br\/new\/2020\/07\/31\/a-partir-de-1%cb%9a-de-agosto\/\">Leia mais<\/a><\/p>\n","protected":false},"author":3,"featured_media":2419,"comment_status":"closed","ping_status":"closed","sticky":false,"template":"","format":"standard","meta":{"_vp_format_video_url":"","_vp_image_focal_point":[],"footnotes":""},"categories":[2,10],"tags":[86,164,213,257,268,270,324,325,357],"class_list":["post-2416","post","type-post","status-publish","format-standard","has-post-thumbnail","hentry","category-avisos_semanais","category-noticias","tag-covid-19","tag-horario-das-missa","tag-missa","tag-pandemia","tag-paroquia-sao-jose","tag-paroquia-sao-jose-do-ipiranga","tag-retorno-gradual","tag-retorno-gradual-apos-pandemia","tag-sao-jose"],"_links":{"self":[{"href":"https:\/\/saojosedoipiranga.com.br\/new\/wp-json\/wp\/v2\/posts\/2416","targetHints":{"allow":["GET"]}}],"collection":[{"href":"https:\/\/saojosedoipiranga.com.br\/new\/wp-json\/wp\/v2\/posts"}],"about":[{"href":"https:\/\/saojosedoipiranga.com.br\/new\/wp-json\/wp\/v2\/types\/post"}],"author":[{"embeddable":true,"href":"https:\/\/saojosedoipiranga.com.br\/new\/wp-json\/wp\/v2\/users\/3"}],"replies":[{"embeddable":true,"href":"https:\/\/saojosedoipiranga.com.br\/new\/wp-json\/wp\/v2\/comments?post=2416"}],"version-history":[{"count":1,"href":"https:\/\/saojosedoipiranga.com.br\/new\/wp-json\/wp\/v2\/posts\/2416\/revisions"}],"predecessor-version":[{"id":3002,"href":"https:\/\/saojosedoipiranga.com.br\/new\/wp-json\/wp\/v2\/posts\/2416\/revisions\/3002"}],"wp:featuredmedia":[{"embeddable":true,"href":"https:\/\/saojosedoipiranga.com.br\/new\/wp-json\/wp\/v2\/media\/2419"}],"wp:attachment":[{"href":"https:\/\/saojosedoipiranga.com.br\/new\/wp-json\/wp\/v2\/media?parent=2416"}],"wp:term":[{"taxonomy":"category","embeddable":true,"href":"https:\/\/saojosedoipiranga.com.br\/new\/wp-json\/wp\/v2\/categories?post=2416"},{"taxonomy":"post_tag","embeddable":true,"href":"https:\/\/saojosedoipiranga.com.br\/new\/wp-json\/wp\/v2\/tags?post=2416"}],"curies":[{"name":"wp","href":"https:\/\/api.w.org\/{rel}","templated":true}]}}