{"id":2411,"date":"2020-07-30T13:25:01","date_gmt":"2020-07-30T16:25:01","guid":{"rendered":"http:\/\/saojosedoipiranga.com.br\/site\/?p=2411"},"modified":"2020-12-07T12:06:17","modified_gmt":"2020-12-07T15:06:17","slug":"semana-nacional-da-familia","status":"publish","type":"post","link":"https:\/\/saojosedoipiranga.com.br\/new\/2020\/07\/30\/semana-nacional-da-familia\/","title":{"rendered":"Semana Nacional da Fam\u00edlia"},"content":{"rendered":"\n<figure class=\"wp-block-image size-large\"><img fetchpriority=\"high\" decoding=\"async\" width=\"720\" height=\"960\" src=\"http:\/\/saojosedoipiranga.com.br\/site\/wp-content\/uploads\/2020\/07\/WhatsApp-Image-2020-07-28-at-12.06.40.jpeg\" alt=\"\" class=\"wp-image-2412\" srcset=\"https:\/\/saojosedoipiranga.com.br\/new\/wp-content\/uploads\/2020\/07\/WhatsApp-Image-2020-07-28-at-12.06.40.jpeg 720w, https:\/\/saojosedoipiranga.com.br\/new\/wp-content\/uploads\/2020\/07\/WhatsApp-Image-2020-07-28-at-12.06.40-225x300.jpeg 225w\" sizes=\"(max-width: 720px) 100vw, 720px\" \/><\/figure>\n\n\n\n<p>Voc\u00ea \u00e9 nosso convidado para participar virtualmente da Missa solene presidida por Dom Carlos Lema Garcia no dia 10 de agosto \u00e0s 20h.<br>Transmitiremos pelas redes sociais da Par\u00f3quia S\u00e3o Jos\u00e9 do Ipiranga e pelas redes sociais da Pastoral Familiar.<br><br><strong>Participe conosco!<\/strong><\/p>\n\n    <div class=\"xs_social_share_widget xs_share_url after_content \t\tmain_content  wslu-style-1 wslu-share-box-shaped wslu-fill-colored wslu-none wslu-share-horizontal wslu-theme-font-no wslu-main_content\">\n\n\t\t\n        <ul>\n\t\t\t        <\/ul>\n    <\/div> \n","protected":false},"excerpt":{"rendered":"<p>Voc\u00ea \u00e9 nosso convidado para participar virtualmente da Missa solene presidida por Dom Carlos Lema Garcia no dia 10 de agosto \u00e0s 20h.Transmitiremos pelas redes sociais da Par\u00f3quia S\u00e3o Jos\u00e9&hellip; <br \/> <a class=\"read-more\" href=\"https:\/\/saojosedoipiranga.com.br\/new\/2020\/07\/30\/semana-nacional-da-familia\/\">Leia mais<\/a><\/p>\n","protected":false},"author":3,"featured_media":2412,"comment_status":"closed","ping_status":"closed","sticky":false,"template":"","format":"standard","meta":{"_vp_format_video_url":"","_vp_image_focal_point":[],"footnotes":""},"categories":[2,8,10],"tags":[33,140,213,214,218,268,270,283,357,376],"class_list":["post-2411","post","type-post","status-publish","format-standard","has-post-thumbnail","hentry","category-avisos_semanais","category-eventos","category-noticias","tag-arquidiocese-de-sao-paulo","tag-familia","tag-missa","tag-missa-ao-vivo","tag-missa-virtual","tag-paroquia-sao-jose","tag-paroquia-sao-jose-do-ipiranga","tag-pastoral-familiar","tag-sao-jose","tag-semana-nacional-da-familia"],"_links":{"self":[{"href":"https:\/\/saojosedoipiranga.com.br\/new\/wp-json\/wp\/v2\/posts\/2411","targetHints":{"allow":["GET"]}}],"collection":[{"href":"https:\/\/saojosedoipiranga.com.br\/new\/wp-json\/wp\/v2\/posts"}],"about":[{"href":"https:\/\/saojosedoipiranga.com.br\/new\/wp-json\/wp\/v2\/types\/post"}],"author":[{"embeddable":true,"href":"https:\/\/saojosedoipiranga.com.br\/new\/wp-json\/wp\/v2\/users\/3"}],"replies":[{"embeddable":true,"href":"https:\/\/saojosedoipiranga.com.br\/new\/wp-json\/wp\/v2\/comments?post=2411"}],"version-history":[{"count":1,"href":"https:\/\/saojosedoipiranga.com.br\/new\/wp-json\/wp\/v2\/posts\/2411\/revisions"}],"predecessor-version":[{"id":2785,"href":"https:\/\/saojosedoipiranga.com.br\/new\/wp-json\/wp\/v2\/posts\/2411\/revisions\/2785"}],"wp:featuredmedia":[{"embeddable":true,"href":"https:\/\/saojosedoipiranga.com.br\/new\/wp-json\/wp\/v2\/media\/2412"}],"wp:attachment":[{"href":"https:\/\/saojosedoipiranga.com.br\/new\/wp-json\/wp\/v2\/media?parent=2411"}],"wp:term":[{"taxonomy":"category","embeddable":true,"href":"https:\/\/saojosedoipiranga.com.br\/new\/wp-json\/wp\/v2\/categories?post=2411"},{"taxonomy":"post_tag","embeddable":true,"href":"https:\/\/saojosedoipiranga.com.br\/new\/wp-json\/wp\/v2\/tags?post=2411"}],"curies":[{"name":"wp","href":"https:\/\/api.w.org\/{rel}","templated":true}]}}