{"id":2402,"date":"2020-07-16T16:03:30","date_gmt":"2020-07-16T19:03:30","guid":{"rendered":"http:\/\/saojosedoipiranga.com.br\/site\/?p=2402"},"modified":"2020-12-07T12:06:17","modified_gmt":"2020-12-07T15:06:17","slug":"%f0%9f%93%a3-comunicado-importante-%f0%9f%93%a2","status":"publish","type":"post","link":"https:\/\/saojosedoipiranga.com.br\/new\/2020\/07\/16\/%f0%9f%93%a3-comunicado-importante-%f0%9f%93%a2\/","title":{"rendered":"\ud83d\udce3 COMUNICADO IMPORTANTE \ud83d\udce2"},"content":{"rendered":"\n<figure class=\"wp-block-image size-large\"><img fetchpriority=\"high\" decoding=\"async\" width=\"1024\" height=\"1024\" src=\"http:\/\/saojosedoipiranga.com.br\/site\/wp-content\/uploads\/2020\/07\/participar-da-santa-missa-1024x1024.jpg\" alt=\"\" class=\"wp-image-2400\" srcset=\"https:\/\/saojosedoipiranga.com.br\/new\/wp-content\/uploads\/2020\/07\/participar-da-santa-missa-1024x1024.jpg 1024w, https:\/\/saojosedoipiranga.com.br\/new\/wp-content\/uploads\/2020\/07\/participar-da-santa-missa-300x300.jpg 300w, https:\/\/saojosedoipiranga.com.br\/new\/wp-content\/uploads\/2020\/07\/participar-da-santa-missa-150x150.jpg 150w, https:\/\/saojosedoipiranga.com.br\/new\/wp-content\/uploads\/2020\/07\/participar-da-santa-missa-768x768.jpg 768w, https:\/\/saojosedoipiranga.com.br\/new\/wp-content\/uploads\/2020\/07\/participar-da-santa-missa-1536x1536.jpg 1536w, https:\/\/saojosedoipiranga.com.br\/new\/wp-content\/uploads\/2020\/07\/participar-da-santa-missa-2048x2048.jpg 2048w\" sizes=\"(max-width: 1024px) 100vw, 1024px\" \/><\/figure>\n\n\n\n<p style=\"font-size:15px\">Paroquianos e Devotos de S\u00e3o Jos\u00e9,<br>Em cumprimento as determina\u00e7\u00f5es das Secret\u00e1rias de Sa\u00fade do Munic\u00edpio e Estado de S\u00e3o Paulo juntamente com a Arquidiocese de S\u00e3o Paulo, de forma gradual, a Par\u00f3quia S\u00e3o Jos\u00e9 do Ipiranga j\u00e1 est\u00e1 aberta parcialmente.<br>Sua compreens\u00e3o e ades\u00e3o ser\u00e1 crucial para o bom andamento e evolu\u00e7\u00e3o das fases definidas pelos protocolos sanit\u00e1rios!<br>.<br>Somente ser\u00e1 permitida o comparecimento de 45 pessoas nas missas presenciais<br>\ud83d\udd3a Obs.: Para participar da missa \u00e9 necess\u00e1rio agendamento pr\u00e9vio.<br>.<br>COMO FA\u00c7O PARA AGENDAR O DIA E HOR\u00c1RIO?<br>De segunda, ter\u00e7a, quinta e sexta das 14h \u00e0s 17h pelo telefone \u260e\ufe0f 2063.1818. Falar com Isa Abreu.<br>.<br>HOR\u00c1RIOS DA SANTA MISSA<br>\u2714S\u00c1BADO<br>15h &#8211; missa com assembl\u00e9ia (transmitida pelas redes sociais da par\u00f3quia)<br>.<br>\u2714DOMINGO<br>\u21aa8h &#8211; missa com assembl\u00e9ia<br>\u21aa9h30 &#8211; missa com assembl\u00e9ia<br>\u21aa11h &#8211; missa com assembl\u00e9ia (transmitida pelas redes sociais da par\u00f3quia)<br>\u21aa16h30 &#8211; missa com assembl\u00e9ia<br>\u21aa19h &#8211; missa com assembl\u00e9ia<br>.<br>\u2714SEGUNDA \/ TER\u00c7A<br>\u21aa19h &#8211; missa com assembl\u00e9ia (transmitida pelas redes sociais da par\u00f3quia)<br>.<br>\ud83d\udd3a QUARTA &#8211; ATEN\u00c7\u00c3O<br>N\u00e3o haver\u00e1 expediente paroquial e nem a celebra\u00e7\u00e3o da Santa Missa<br>.<br>\u2714QUINTA \/ SEXTA<br>\u21aa19h &#8211; missa com assembl\u00e9ia transmitida pelas redes sociais da par\u00f3quia)<br>.<br>PROTOCOLOS DE SEGURAN\u00c7A PARA PARTICIPA\u00c7\u00c3O DA SANTA MISSA:<br>\ud83d\udccd Chegar 15 minutos antes da missa come\u00e7ar;<br>\ud83d\udccd N\u00e3o \u00e9 permitido o ingresso a Igreja sem m\u00e1scara;<br>\ud83d\udccd Trazer de casa \u00e1lcool gel para uso pr\u00f3prio;<br>\ud83d\udccd Manter o distanciamento social de 1,5 mt, mesmo sendo da mesma fam\u00edlia. Os bancos da Igreja est\u00e3o devidamente sinalizados;<br>\ud83d\udccd Ser\u00e1 aferida a temperatura corporal, no port\u00e3o de entrada da Igreja, atrav\u00e9s de term\u00f4metro de aproxima\u00e7\u00e3o.<br>\ud83d\udccd O acesso \u00e0 Igreja ser\u00e1 controlado por seguran\u00e7as, Somente ser\u00e1 permitida a entrada se houver agendamento pr\u00e9vio.<br>.<br>\u2764\ufe0f <strong>A VIDA \u00c9 DOM DE DEUS E DEVEMOS CUIDAR DELA<\/strong> \u2764\ufe0f<br>.<br><em>Decreto 64.959, de 4 de maio de 2020<br>Resolu\u00e7\u00e3o SS 96, de 29 de junho de 2020.<\/em><\/p>\n\n    <div class=\"xs_social_share_widget xs_share_url after_content \t\tmain_content  wslu-style-1 wslu-share-box-shaped wslu-fill-colored wslu-none wslu-share-horizontal wslu-theme-font-no wslu-main_content\">\n\n\t\t\n        <ul>\n\t\t\t        <\/ul>\n    <\/div> \n","protected":false},"excerpt":{"rendered":"<p>Paroquianos e Devotos de S\u00e3o Jos\u00e9,Em cumprimento as determina\u00e7\u00f5es das Secret\u00e1rias de Sa\u00fade do Munic\u00edpio e Estado de S\u00e3o Paulo juntamente com a Arquidiocese de S\u00e3o Paulo, de forma gradual,&hellip; <br \/> <a class=\"read-more\" href=\"https:\/\/saojosedoipiranga.com.br\/new\/2020\/07\/16\/%f0%9f%93%a3-comunicado-importante-%f0%9f%93%a2\/\">Leia mais<\/a><\/p>\n","protected":false},"author":3,"featured_media":2400,"comment_status":"closed","ping_status":"closed","sticky":false,"template":"","format":"standard","meta":{"_vp_format_video_url":"","_vp_image_focal_point":[],"footnotes":""},"categories":[2,5,6,10],"tags":[35,68,213,214,275,322,402],"class_list":["post-2402","post","type-post","status-publish","format-standard","has-post-thumbnail","hentry","category-avisos_semanais","category-diversos","category-duvidas","category-noticias","tag-assisitir-a-missa","tag-celebracao-da-missa","tag-missa","tag-missa-ao-vivo","tag-participar-da-missa","tag-retomada-gradual","tag-transmissao-ao-vivo"],"_links":{"self":[{"href":"https:\/\/saojosedoipiranga.com.br\/new\/wp-json\/wp\/v2\/posts\/2402","targetHints":{"allow":["GET"]}}],"collection":[{"href":"https:\/\/saojosedoipiranga.com.br\/new\/wp-json\/wp\/v2\/posts"}],"about":[{"href":"https:\/\/saojosedoipiranga.com.br\/new\/wp-json\/wp\/v2\/types\/post"}],"author":[{"embeddable":true,"href":"https:\/\/saojosedoipiranga.com.br\/new\/wp-json\/wp\/v2\/users\/3"}],"replies":[{"embeddable":true,"href":"https:\/\/saojosedoipiranga.com.br\/new\/wp-json\/wp\/v2\/comments?post=2402"}],"version-history":[{"count":1,"href":"https:\/\/saojosedoipiranga.com.br\/new\/wp-json\/wp\/v2\/posts\/2402\/revisions"}],"predecessor-version":[{"id":3003,"href":"https:\/\/saojosedoipiranga.com.br\/new\/wp-json\/wp\/v2\/posts\/2402\/revisions\/3003"}],"wp:featuredmedia":[{"embeddable":true,"href":"https:\/\/saojosedoipiranga.com.br\/new\/wp-json\/wp\/v2\/media\/2400"}],"wp:attachment":[{"href":"https:\/\/saojosedoipiranga.com.br\/new\/wp-json\/wp\/v2\/media?parent=2402"}],"wp:term":[{"taxonomy":"category","embeddable":true,"href":"https:\/\/saojosedoipiranga.com.br\/new\/wp-json\/wp\/v2\/categories?post=2402"},{"taxonomy":"post_tag","embeddable":true,"href":"https:\/\/saojosedoipiranga.com.br\/new\/wp-json\/wp\/v2\/tags?post=2402"}],"curies":[{"name":"wp","href":"https:\/\/api.w.org\/{rel}","templated":true}]}}