{"id":2390,"date":"2020-07-10T14:24:13","date_gmt":"2020-07-10T17:24:13","guid":{"rendered":"http:\/\/saojosedoipiranga.com.br\/site\/?p=2390"},"modified":"2020-12-07T12:06:17","modified_gmt":"2020-12-07T15:06:17","slug":"pra-voce-o-que-e-ser-igreja-hoje","status":"publish","type":"post","link":"https:\/\/saojosedoipiranga.com.br\/new\/2020\/07\/10\/pra-voce-o-que-e-ser-igreja-hoje\/","title":{"rendered":"Pra voc\u00ea o que \u00e9 ser Igreja hoje?"},"content":{"rendered":"\n<p style=\"font-size:18px\">Neste tempo de pandemia passamos por diversas experi\u00eancias de vida, certo?!<\/p>\n\n\n\n<p>O Pe. Valden\u00edcio convida voc\u00ea a pensar e meditar um pouco sobre o assunto: <strong>Ser Igreja Hoje.<\/strong><br>Ele preparou uma semana incr\u00edvel de forma\u00e7\u00e3o para voc\u00ea, dos dias 13 a 17 de julho as 20h, ao vivo pelo <a href=\"https:\/\/www.facebook.com\/paroquiasaojosedoipiranga\/?ref=bookmarks\">facebook<\/a> e <a href=\"https:\/\/www.instagram.com\/paroquiasjdoipiranga\/\">instagram<\/a> da Par\u00f3quia.<br><br>Envie sua pergunta no <strong>Whatsapp<\/strong> da Andr\u00e9a (<em>agente da pastoral da comunica\u00e7\u00e3o da par\u00f3quia<\/em>) &#8211; <strong>(11) 930512068 <\/strong>que o <strong>Padre responder\u00e1 ao vivo<\/strong>.<\/p>\n\n\n\n<p class=\"has-luminous-vivid-orange-color has-text-color has-medium-font-size\"><strong>Participe!!<\/strong><\/p>\n\n\n\n<figure class=\"wp-block-image size-large\"><img fetchpriority=\"high\" decoding=\"async\" width=\"816\" height=\"816\" src=\"http:\/\/saojosedoipiranga.com.br\/site\/wp-content\/uploads\/2020\/07\/WhatsApp-Image-2020-07-10-at-13.56.52.jpeg\" alt=\"\" class=\"wp-image-2391\" srcset=\"https:\/\/saojosedoipiranga.com.br\/new\/wp-content\/uploads\/2020\/07\/WhatsApp-Image-2020-07-10-at-13.56.52.jpeg 816w, https:\/\/saojosedoipiranga.com.br\/new\/wp-content\/uploads\/2020\/07\/WhatsApp-Image-2020-07-10-at-13.56.52-300x300.jpeg 300w, https:\/\/saojosedoipiranga.com.br\/new\/wp-content\/uploads\/2020\/07\/WhatsApp-Image-2020-07-10-at-13.56.52-150x150.jpeg 150w, https:\/\/saojosedoipiranga.com.br\/new\/wp-content\/uploads\/2020\/07\/WhatsApp-Image-2020-07-10-at-13.56.52-768x768.jpeg 768w\" sizes=\"(max-width: 816px) 100vw, 816px\" \/><\/figure>\n\n\n\n<p><strong>Marque na agenda de 13 a 17 de julho as 20h<\/strong>, voc\u00ea tem um encontro marcado com <strong>padre Valden\u00edcio<\/strong> pelo <strong><a href=\"http:\/\/facebook.com\/paroquiasaojosedoipiranga\/?ref=bookmarks(abrir em uma nova aba)\">facebook<\/a> e <a href=\"http:\/\/instagram.com\/paroquiasjdoipiranga\/(abrir em uma nova aba)\">instagram<\/a><\/strong> da Par\u00f3quia S\u00e3o Jos\u00e9 do Ipiranga.<br><\/p>\n\n    <div class=\"xs_social_share_widget xs_share_url after_content \t\tmain_content  wslu-style-1 wslu-share-box-shaped wslu-fill-colored wslu-none wslu-share-horizontal wslu-theme-font-no wslu-main_content\">\n\n\t\t\n        <ul>\n\t\t\t        <\/ul>\n    <\/div> \n","protected":false},"excerpt":{"rendered":"<p>Neste tempo de pandemia passamos por diversas experi\u00eancias de vida, certo?! O Pe. Valden\u00edcio convida voc\u00ea a pensar e meditar um pouco sobre o assunto: Ser Igreja Hoje.Ele preparou uma&hellip; <br \/> <a class=\"read-more\" href=\"https:\/\/saojosedoipiranga.com.br\/new\/2020\/07\/10\/pra-voce-o-que-e-ser-igreja-hoje\/\">Leia mais<\/a><\/p>\n","protected":false},"author":3,"featured_media":2391,"comment_status":"closed","ping_status":"closed","sticky":false,"template":"","format":"standard","meta":{"_vp_format_video_url":"","_vp_image_focal_point":[],"footnotes":""},"categories":[2,5,6,9,11],"tags":[39,66,87,155,165,166,192,257,304,375,382,402,413,425],"class_list":["post-2390","post","type-post","status-publish","format-standard","has-post-thumbnail","hentry","category-avisos_semanais","category-diversos","category-duvidas","category-formacao","category-pastorais","tag-bate-papo","tag-catolico","tag-covid19","tag-formacao","tag-igreja","tag-igreja-catolica","tag-live-catolica","tag-pandemia","tag-quarentena","tag-semana-de-formacao","tag-ser-igreja-hoje","tag-transmissao-ao-vivo","tag-vida","tag-viver"],"_links":{"self":[{"href":"https:\/\/saojosedoipiranga.com.br\/new\/wp-json\/wp\/v2\/posts\/2390","targetHints":{"allow":["GET"]}}],"collection":[{"href":"https:\/\/saojosedoipiranga.com.br\/new\/wp-json\/wp\/v2\/posts"}],"about":[{"href":"https:\/\/saojosedoipiranga.com.br\/new\/wp-json\/wp\/v2\/types\/post"}],"author":[{"embeddable":true,"href":"https:\/\/saojosedoipiranga.com.br\/new\/wp-json\/wp\/v2\/users\/3"}],"replies":[{"embeddable":true,"href":"https:\/\/saojosedoipiranga.com.br\/new\/wp-json\/wp\/v2\/comments?post=2390"}],"version-history":[{"count":1,"href":"https:\/\/saojosedoipiranga.com.br\/new\/wp-json\/wp\/v2\/posts\/2390\/revisions"}],"predecessor-version":[{"id":3004,"href":"https:\/\/saojosedoipiranga.com.br\/new\/wp-json\/wp\/v2\/posts\/2390\/revisions\/3004"}],"wp:featuredmedia":[{"embeddable":true,"href":"https:\/\/saojosedoipiranga.com.br\/new\/wp-json\/wp\/v2\/media\/2391"}],"wp:attachment":[{"href":"https:\/\/saojosedoipiranga.com.br\/new\/wp-json\/wp\/v2\/media?parent=2390"}],"wp:term":[{"taxonomy":"category","embeddable":true,"href":"https:\/\/saojosedoipiranga.com.br\/new\/wp-json\/wp\/v2\/categories?post=2390"},{"taxonomy":"post_tag","embeddable":true,"href":"https:\/\/saojosedoipiranga.com.br\/new\/wp-json\/wp\/v2\/tags?post=2390"}],"curies":[{"name":"wp","href":"https:\/\/api.w.org\/{rel}","templated":true}]}}