{"id":2378,"date":"2020-07-03T14:27:36","date_gmt":"2020-07-03T17:27:36","guid":{"rendered":"http:\/\/saojosedoipiranga.com.br\/site\/?p=2378"},"modified":"2020-12-07T12:06:18","modified_gmt":"2020-12-07T15:06:18","slug":"retomada-gradual-das-atividades-paroquiais","status":"publish","type":"post","link":"https:\/\/saojosedoipiranga.com.br\/new\/2020\/07\/03\/retomada-gradual-das-atividades-paroquiais\/","title":{"rendered":"RETOMADA GRADUAL DAS ATIVIDADES PAROQUIAIS"},"content":{"rendered":"\n<p style=\"font-size:32px\">\ud83d\udce3 <strong>ATEN\u00c7\u00c3O<\/strong> \ud83d\udce2<\/p>\n\n\n\n<p>Paroquianos e Devotos de S\u00e3o Jos\u00e9,<\/p>\n\n\n\n<p>Em cumprimento as determina\u00e7\u00f5es das Secret\u00e1rias de Sa\u00fade do Munic\u00edpio e Estado de S\u00e3o Paulo juntamente com a Arquidiocese de S\u00e3o Paulo, daremos in\u00edcio ao nosso plano de retomada da atividades paroquiais.<\/p>\n\n\n\n<p>O projeto ser\u00e1 de forma gradual, assim sua compreens\u00e3o e ades\u00e3o ser\u00e1 crucial para o bom andamento e evolu\u00e7\u00e3o das fases definidas pelos protocolos sanit\u00e1rios!<\/p>\n\n\n\n<p class=\"has-medium-font-size\"><strong>In\u00edcio 4 de julho de 2020<\/strong><\/p>\n\n\n\n<p><strong>Somente ser\u00e1 permitida o comparecimento de 45 pessoas nas missas presenciais<\/strong>.<\/p>\n\n\n\n<p><strong><em>Obs.: Para participar da missa \u00e9 necess\u00e1rio agendamento pr\u00e9vio<\/em><\/strong><\/p>\n\n\n\n<p class=\"has-medium-font-size\">\ud835\udc02\ud835\udc0e\ud835\udc0c\ud835\udc0e \ud835\udc05\ud835\udc00\u00c7\ud835\udc0e \ud835\udc0f\ud835\udc00\ud835\udc11\ud835\udc00 \ud835\udc00\ud835\udc06\ud835\udc04\ud835\udc0d\ud835\udc03\ud835\udc00\ud835\udc11 \ud835\udc0e \ud835\udc03\ud835\udc08\ud835\udc00 \ud835\udc04 \ud835\udc07\ud835\udc0e\ud835\udc11\u00c1\ud835\udc11\ud835\udc08\ud835\udc0e \ud835\udc0f\ud835\udc00\ud835\udc11\ud835\udc00 \ud835\udc0f\ud835\udc00\ud835\udc11\ud835\udc13\ud835\udc08\ud835\udc02\ud835\udc08\ud835\udc0f\ud835\udc00\ud835\udc11 \ud835\udc03\ud835\udc00 \ud835\udc0c\ud835\udc08\ud835\udc12\ud835\udc12\ud835\udc00?<\/p>\n\n\n\n<p>De segunda, ter\u00e7a, quinta e sexta das 14h \u00e0s 17h30 no pelo telefone 2063.1818. Falar com Isa Abreu.<\/p>\n\n\n\n<p class=\"has-medium-font-size\">\ud83d\udd4a&nbsp;\ud835\udc07\ud835\udc0e\ud835\udc11\u00c1\ud835\udc11\ud835\udc08\ud835\udc0e\ud835\udc12 \ud835\udc03\ud835\udc00 \ud835\udc12\ud835\udc00\ud835\udc0d\ud835\udc13\ud835\udc00 \ud835\udc0c\ud835\udc08\ud835\udc12\ud835\udc12\ud835\udc00&nbsp;\ud83d\udd4a<\/p>\n\n\n\n<p>\ud83d\ude4f\ud83c\udffb \ud835\udc12\u00c1\ud835\udc01\ud835\udc00\ud835\udc03\ud835\udc0e<br><strong>15h<\/strong> &#8211; missa com assembl\u00e9ia<br><strong>18h<\/strong> \u2013 missa com assembl\u00e9ia (transmitida pelas redes sociais da par\u00f3quia)<\/p>\n\n\n\n<p><br>\ud83d\ude4f\ud83c\udffb&nbsp;\ud835\udc03\ud835\udc0e\ud835\udc0c\ud835\udc08\ud835\udc0d\ud835\udc06\ud835\udc0e<br><strong>8h<\/strong> \u2013 missa com assembl\u00e9ia<br><strong>9h30<\/strong> \u2013 missa com assembl\u00e9ia (missa campal em frente \u00e0 Igreja)<br><strong>11h<\/strong> \u2013 missa com assembl\u00e9ia (transmitida pelas redes sociais da par\u00f3quia)<br><strong>16h30<\/strong> \u2013 missa com assembl\u00e9ia<br><strong>19h<\/strong> \u2013 missa com assembl\u00e9ia<\/p>\n\n\n\n<p><br>\ud83d\ude4f\ud83c\udffb\u00a0\ud835\udc12\ud835\udc04\ud835\udc06\ud835\udc14\ud835\udc0d\ud835\udc03\ud835\udc00 \/ \ud835\udc13\ud835\udc04\ud835\udc11\u00c7\ud835\udc00<br><strong>19h<\/strong> \u2013 missa com assembl\u00e9ia transmitida pelas redes sociais da par\u00f3quia<\/p>\n\n\n\n<p><br>\ud83d\ude4f\ud83c\udffb\u00a0\ud835\udc10\ud835\udc14\ud835\udc08\ud835\udc0d\ud835\udc13\ud835\udc00 \/ \ud835\udc12\ud835\udc04\ud835\udc17\ud835\udc13\ud835\udc00<br><strong>19h<\/strong> \u2013 missa com assembl\u00e9ia transmitida pelas redes sociais da par\u00f3quia<\/p>\n\n\n\n<p class=\"has-vivid-red-color has-text-color\">\ud835\udc68\ud835\udc7b\ud835\udc6c\ud835\udc75\u00c7\u00c3\ud835\udc76: \ud835\udc78\ud835\udc7c\ud835\udc68\ud835\udc79\ud835\udc7b\ud835\udc68-\ud835\udc6d\ud835\udc6c\ud835\udc70\ud835\udc79\ud835\udc68 \ud835\udc75\u00c3\ud835\udc76 \ud835\udc6f\ud835\udc68\ud835\udc7d\ud835\udc6c\ud835\udc79\u00c1 \ud835\udc6c\ud835\udc7f\ud835\udc77\ud835\udc6c\ud835\udc6b\ud835\udc70\ud835\udc6c\ud835\udc75\ud835\udc7b\ud835\udc6c \ud835\udc77\ud835\udc68\ud835\udc79\ud835\udc76\ud835\udc78\ud835\udc7c\ud835\udc70\ud835\udc68\ud835\udc73 \ud835\udc6c \ud835\udc75\ud835\udc6c\ud835\udc74 \ud835\udc68 \ud835\udc7a\ud835\udc68\ud835\udc75\ud835\udc7b\ud835\udc68 \ud835\udc74\ud835\udc70\ud835\udc7a\ud835\udc7a\ud835\udc68.<\/p>\n\n\n\n<p class=\"has-medium-font-size\">\ud835\udc0f\ud835\udc11\ud835\udc0e\ud835\udc13\ud835\udc0e\ud835\udc02\ud835\udc0e\ud835\udc0b\ud835\udc0e\ud835\udc12 \ud835\udc03\ud835\udc04 \ud835\udc12\ud835\udc04\ud835\udc06\ud835\udc14\ud835\udc11\ud835\udc00\ud835\udc0d\u00c7\ud835\udc00 \ud835\udc0f\ud835\udc00\ud835\udc11\ud835\udc00 \ud835\udc0f\ud835\udc00\ud835\udc11\ud835\udc13\ud835\udc08\ud835\udc02\ud835\udc08\ud835\udc0f\ud835\udc00\u00c7\u00c3\ud835\udc0e \ud835\udc03\ud835\udc00 \ud835\udc12\ud835\udc00\ud835\udc0d\ud835\udc13\ud835\udc00 \ud835\udc0c\ud835\udc08\ud835\udc12\ud835\udc12\ud835\udc00:<\/p>\n\n\n\n<p>\ud83d\udccd Chegar 15 minutos antes da missa come\u00e7ar;<br>\ud83d\udccd N\u00e3o \u00e9 permitido o ingresso a Igreja sem m\u00e1scara;<br>\ud83d\udccd Trazer de casa \u00e1lcool gel para uso pr\u00f3prio;<br>\ud83d\udccd Manter o distanciamento social de 1,5 mt, mesmo sendo da mesma fam\u00edlia. Para isso os bancos da Igreja est\u00e3o devidamente sinalizados;<br>\ud83d\udccd Ser\u00e1 aferida a temperatura corporal, no port\u00e3o de entrada da Igreja, atrav\u00e9s de term\u00f4metro de aproxima\u00e7\u00e3o.<br>\ud83d\udccd O acesso \u00e0 Igreja ser\u00e1 controlado por seguran\u00e7as, Somente ser\u00e1 permitida a entrada se houver agendamento pr\u00e9vio.<\/p>\n\n\n\n<p class=\"has-medium-font-size\"><br>\u2764\ufe0f&nbsp;\ud835\udc00 \ud835\udc15\ud835\udc08\ud835\udc03\ud835\udc00 \u00c9 \ud835\udc03\ud835\udc0e\ud835\udc0c \ud835\udc03\ud835\udc04 \ud835\udc03\ud835\udc04\ud835\udc14\ud835\udc12 \ud835\udc04 \ud835\udc03\ud835\udc04\ud835\udc15\ud835\udc04\ud835\udc0c\ud835\udc0e\ud835\udc12 \ud835\udc02\ud835\udc14\ud835\udc08\ud835\udc03\ud835\udc00\ud835\udc11 \ud835\udc03\ud835\udc04\ud835\udc0b\ud835\udc00&nbsp;\u2764\ufe0f<\/p>\n\n    <div class=\"xs_social_share_widget xs_share_url after_content \t\tmain_content  wslu-style-1 wslu-share-box-shaped wslu-fill-colored wslu-none wslu-share-horizontal wslu-theme-font-no wslu-main_content\">\n\n\t\t\n        <ul>\n\t\t\t        <\/ul>\n    <\/div> \n","protected":false},"excerpt":{"rendered":"<p>\ud83d\udce3 ATEN\u00c7\u00c3O \ud83d\udce2 Paroquianos e Devotos de S\u00e3o Jos\u00e9, Em cumprimento as determina\u00e7\u00f5es das Secret\u00e1rias de Sa\u00fade do Munic\u00edpio e Estado de S\u00e3o Paulo juntamente com a Arquidiocese de S\u00e3o&hellip; <br \/> <a class=\"read-more\" href=\"https:\/\/saojosedoipiranga.com.br\/new\/2020\/07\/03\/retomada-gradual-das-atividades-paroquiais\/\">Leia mais<\/a><\/p>\n","protected":false},"author":3,"featured_media":2379,"comment_status":"closed","ping_status":"closed","sticky":false,"template":"","format":"standard","meta":{"_vp_format_video_url":"","_vp_image_focal_point":[],"footnotes":""},"categories":[2,5,8,10],"tags":[95,96,139,213,268,270,323,357,359],"class_list":["post-2378","post","type-post","status-publish","format-standard","has-post-thumbnail","hentry","category-avisos_semanais","category-diversos","category-eventos","category-noticias","tag-cuidados-de-higiene","tag-cuidados-durante-o-retorno-da-pandemia","tag-expediente-paroquial","tag-missa","tag-paroquia-sao-jose","tag-paroquia-sao-jose-do-ipiranga","tag-retorno-das-atividades","tag-sao-jose","tag-sao-jose-do-ipiranga"],"_links":{"self":[{"href":"https:\/\/saojosedoipiranga.com.br\/new\/wp-json\/wp\/v2\/posts\/2378","targetHints":{"allow":["GET"]}}],"collection":[{"href":"https:\/\/saojosedoipiranga.com.br\/new\/wp-json\/wp\/v2\/posts"}],"about":[{"href":"https:\/\/saojosedoipiranga.com.br\/new\/wp-json\/wp\/v2\/types\/post"}],"author":[{"embeddable":true,"href":"https:\/\/saojosedoipiranga.com.br\/new\/wp-json\/wp\/v2\/users\/3"}],"replies":[{"embeddable":true,"href":"https:\/\/saojosedoipiranga.com.br\/new\/wp-json\/wp\/v2\/comments?post=2378"}],"version-history":[{"count":1,"href":"https:\/\/saojosedoipiranga.com.br\/new\/wp-json\/wp\/v2\/posts\/2378\/revisions"}],"predecessor-version":[{"id":3006,"href":"https:\/\/saojosedoipiranga.com.br\/new\/wp-json\/wp\/v2\/posts\/2378\/revisions\/3006"}],"wp:featuredmedia":[{"embeddable":true,"href":"https:\/\/saojosedoipiranga.com.br\/new\/wp-json\/wp\/v2\/media\/2379"}],"wp:attachment":[{"href":"https:\/\/saojosedoipiranga.com.br\/new\/wp-json\/wp\/v2\/media?parent=2378"}],"wp:term":[{"taxonomy":"category","embeddable":true,"href":"https:\/\/saojosedoipiranga.com.br\/new\/wp-json\/wp\/v2\/categories?post=2378"},{"taxonomy":"post_tag","embeddable":true,"href":"https:\/\/saojosedoipiranga.com.br\/new\/wp-json\/wp\/v2\/tags?post=2378"}],"curies":[{"name":"wp","href":"https:\/\/api.w.org\/{rel}","templated":true}]}}