{"id":2365,"date":"2020-06-24T16:35:22","date_gmt":"2020-06-24T19:35:22","guid":{"rendered":"http:\/\/saojosedoipiranga.com.br\/site\/?p=2365"},"modified":"2020-12-07T12:06:18","modified_gmt":"2020-12-07T15:06:18","slug":"arraia-de-sao-jose-em-casa","status":"publish","type":"post","link":"https:\/\/saojosedoipiranga.com.br\/new\/2020\/06\/24\/arraia-de-sao-jose-em-casa\/","title":{"rendered":"Arrai\u00e1 de S\u00e3o Jos\u00e9, em casa"},"content":{"rendered":"\n<h2 class=\"has-vivid-red-color has-text-color wp-block-heading\" style=\"font-size:35px\">Dia 27 de junho<\/h2>\n\n\n\n<p class=\"has-vivid-red-color has-text-color\" style=\"font-size:25px\"><strong>Para quem adquiriu o kit junino:<\/strong><\/p>\n\n\n\n<figure class=\"wp-block-image size-large\"><img fetchpriority=\"high\" decoding=\"async\" width=\"1024\" height=\"1024\" src=\"http:\/\/saojosedoipiranga.com.br\/site\/wp-content\/uploads\/2020\/06\/kit-junino-1024x1024.jpg\" alt=\"\" class=\"wp-image-2368\" srcset=\"https:\/\/saojosedoipiranga.com.br\/new\/wp-content\/uploads\/2020\/06\/kit-junino-1024x1024.jpg 1024w, https:\/\/saojosedoipiranga.com.br\/new\/wp-content\/uploads\/2020\/06\/kit-junino-300x300.jpg 300w, https:\/\/saojosedoipiranga.com.br\/new\/wp-content\/uploads\/2020\/06\/kit-junino-150x150.jpg 150w, https:\/\/saojosedoipiranga.com.br\/new\/wp-content\/uploads\/2020\/06\/kit-junino-768x768.jpg 768w, https:\/\/saojosedoipiranga.com.br\/new\/wp-content\/uploads\/2020\/06\/kit-junino-1536x1536.jpg 1536w, https:\/\/saojosedoipiranga.com.br\/new\/wp-content\/uploads\/2020\/06\/kit-junino-2048x2048.jpg 2048w\" sizes=\"(max-width: 1024px) 100vw, 1024px\" \/><\/figure>\n\n\n\n<p class=\"has-normal-font-size\">Retirada na esquina da Rua Agostinho Gomes com a Rua Brigadeiro Jord\u00e3o.<br>Das 15h as 18h.<br>Traga seu voulcher no celular ou se preferir pode ser impresso. <\/p>\n\n\n\n<p style=\"font-size:15px\"><strong>Obs.: <\/strong><em>Caso voc\u00ea n\u00e3o possa retirar o kit envie uma mensagem no whatsapp da Vivi Levi ou Dani Hassan autorizando uma pessoa para retirar em seu lugar. N\u00e3o esque\u00e7a de colocar o nome dessa pessoa, ok?!<\/em><\/p>\n\n\n\n<p><\/p>\n\n\n\n<p class=\"has-vivid-red-color has-text-color\" style=\"font-size:25px\"><strong>Live com Alice Noal !<\/strong> <\/p>\n\n\n\n<p class=\"has-luminous-vivid-amber-color has-text-color\" style=\"font-size:17px\"><strong>Neste ano nossa festan\u00e7a ser\u00e1 online&#8230;uhuuu!!!<\/strong><\/p>\n\n\n\n<figure class=\"wp-block-image size-large\"><img decoding=\"async\" src=\"http:\/\/saojosedoipiranga.com.br\/site\/wp-content\/uploads\/2020\/06\/musica-ao-vivo-1024x655.jpg\" alt=\"\" class=\"wp-image-2367\"\/><\/figure>\n\n\n\n<p>A partir das 18h30 teremos m\u00fasica ao vivo pra voc\u00ea acompanhar da sua casa.<br>No Arrai\u00e1 de S\u00e3o Jos\u00e9 do ano passado a Alice Noal nos encantou com sua voz, sua m\u00fasica e sua simpatia e este ano nos encantar\u00e1 novamente pelo youtube da par\u00f3quia. <br>Esperamos por voc\u00ea!<br><\/p>\n\n\n\n<p>Aproveite e se inscreve\u00a0\u2714\u00a0no canal do youtube. Voc\u00ea tamb\u00e9m pode ativar o sininho\u00a0\ud83d\udd14\u00a0 para ser avisado sempre que tiver um v\u00eddeo ou uma LIVE entrando no ar.\u00a0\ud83d\ude00<br><\/p>\n\n\n\n<figure class=\"wp-block-image size-large\"><a href=\"https:\/\/www.youtube.com\/channel\/UCzqb94NUpyowjzqkrDisj-Q\"><img decoding=\"async\" src=\"http:\/\/saojosedoipiranga.com.br\/site\/wp-content\/uploads\/2020\/06\/youtube-paroquia-sao-jose-do-ipiranga-1024x554.jpg\" alt=\"\" class=\"wp-image-2360\"\/><\/a><figcaption><a href=\"https:\/\/www.youtube.com\/channel\/UCzqb94NUpyowjzqkrDisj-Q\">https:\/\/www.youtube.com\/channel\/UCzqb94NUpyowjzqkrDisj-Q<\/a><\/figcaption><\/figure>\n\n    <div class=\"xs_social_share_widget xs_share_url after_content \t\tmain_content  wslu-style-1 wslu-share-box-shaped wslu-fill-colored wslu-none wslu-share-horizontal wslu-theme-font-no wslu-main_content\">\n\n\t\t\n        <ul>\n\t\t\t        <\/ul>\n    <\/div> \n","protected":false},"excerpt":{"rendered":"<p>Dia 27 de junho Para quem adquiriu o kit junino: Retirada na esquina da Rua Agostinho Gomes com a Rua Brigadeiro Jord\u00e3o.Das 15h as 18h.Traga seu voulcher no celular ou&hellip; <br \/> <a class=\"read-more\" href=\"https:\/\/saojosedoipiranga.com.br\/new\/2020\/06\/24\/arraia-de-sao-jose-em-casa\/\">Leia mais<\/a><\/p>\n","protected":false},"author":3,"featured_media":2367,"comment_status":"closed","ping_status":"closed","sticky":false,"template":"","format":"standard","meta":{"_vp_format_video_url":"","_vp_image_focal_point":[],"footnotes":""},"categories":[2,8,10],"tags":[],"class_list":["post-2365","post","type-post","status-publish","format-standard","has-post-thumbnail","hentry","category-avisos_semanais","category-eventos","category-noticias"],"_links":{"self":[{"href":"https:\/\/saojosedoipiranga.com.br\/new\/wp-json\/wp\/v2\/posts\/2365","targetHints":{"allow":["GET"]}}],"collection":[{"href":"https:\/\/saojosedoipiranga.com.br\/new\/wp-json\/wp\/v2\/posts"}],"about":[{"href":"https:\/\/saojosedoipiranga.com.br\/new\/wp-json\/wp\/v2\/types\/post"}],"author":[{"embeddable":true,"href":"https:\/\/saojosedoipiranga.com.br\/new\/wp-json\/wp\/v2\/users\/3"}],"replies":[{"embeddable":true,"href":"https:\/\/saojosedoipiranga.com.br\/new\/wp-json\/wp\/v2\/comments?post=2365"}],"version-history":[{"count":1,"href":"https:\/\/saojosedoipiranga.com.br\/new\/wp-json\/wp\/v2\/posts\/2365\/revisions"}],"predecessor-version":[{"id":3008,"href":"https:\/\/saojosedoipiranga.com.br\/new\/wp-json\/wp\/v2\/posts\/2365\/revisions\/3008"}],"wp:featuredmedia":[{"embeddable":true,"href":"https:\/\/saojosedoipiranga.com.br\/new\/wp-json\/wp\/v2\/media\/2367"}],"wp:attachment":[{"href":"https:\/\/saojosedoipiranga.com.br\/new\/wp-json\/wp\/v2\/media?parent=2365"}],"wp:term":[{"taxonomy":"category","embeddable":true,"href":"https:\/\/saojosedoipiranga.com.br\/new\/wp-json\/wp\/v2\/categories?post=2365"},{"taxonomy":"post_tag","embeddable":true,"href":"https:\/\/saojosedoipiranga.com.br\/new\/wp-json\/wp\/v2\/tags?post=2365"}],"curies":[{"name":"wp","href":"https:\/\/api.w.org\/{rel}","templated":true}]}}