{"id":2176,"date":"2020-05-02T14:40:11","date_gmt":"2020-05-02T17:40:11","guid":{"rendered":"http:\/\/saojosedoipiranga.com.br\/site\/?p=2176"},"modified":"2020-05-02T14:40:11","modified_gmt":"2020-05-02T17:40:11","slug":"12%cb%9a-dia-da-via-sacra-da-ressurreicao","status":"publish","type":"post","link":"https:\/\/saojosedoipiranga.com.br\/new\/2020\/05\/02\/12%cb%9a-dia-da-via-sacra-da-ressurreicao\/","title":{"rendered":"12\u02da dia da Via Sacra da Ressurrei\u00e7\u00e3o"},"content":{"rendered":"\n<figure class=\"wp-block-image size-large\"><img decoding=\"async\" src=\"http:\/\/saojosedoipiranga.com.br\/site\/wp-content\/uploads\/2020\/05\/12-dia-via-sacra-727x1024.jpg\" alt=\"\" class=\"wp-image-2174\"\/><\/figure>\n\n\n\n<p><strong>D\u00c9CIMA SEGUNDA ESTA\u00c7\u00c3O<\/strong><\/p>\n\n\n\n<p><em>O Ressuscitado sobe ao c\u00e9u<\/em><\/p>\n\n\n\n<p><strong>C= <\/strong>N\u00f3s vos adoramos e vos bendizemos, Senhor Jesus Cristo!<\/p>\n\n\n\n<p><strong>T= Porque pela vossa santa P\u00e1scoa remistes o mundo!<br><\/strong> (erguendo as velas e n\u00e3o ajoelhando)<\/p>\n\n\n\n<p><strong><em>Leitor 1:<\/em><\/strong> &#8220;&#8230;apareceram a eles e disseram: &#8220;Homens da Galil\u00e9ia, por que voc\u00eas est\u00e3o a\u00ed parados, olhando para o c\u00e9u? Esse Jesus que foi tirado de voc\u00eas e levado para o c\u00e9u, vir\u00e1 do mesmo modo com que voc\u00eas o viram partir para o c\u00e9u.&#8221; (Atos 1, 11)<\/p>\n\n\n\n<p><strong>C=<\/strong> O monte da Oliveiras torna-se o local de encontro entre o c\u00e9u e a terra. O Cristo ressuscitado tem diante de si seus disc\u00edpulos que recebem a miss\u00e3o de continuar a obra que Jesus come\u00e7ara na terra. Agora, quando Jesus volta ao Pai na ascens\u00e3o, os seguidores ser\u00e3o acompanhados e fortalecidos pelo Esp\u00edrito de Jesus. Eles n\u00e3o devem ficar olhando para o c\u00e9u, mas para a terra. Do c\u00e9u, Jesus guiar\u00e1 a miss\u00e3o da Igreja. O Reino de Deus deve ser proclamado e constru\u00eddo na hist\u00f3ria da humanidade. Jesus j\u00e1 inaugurou o Reino com a sua presen\u00e7a na terra, agora, cada a todo seguidor anunciar e trabalhar por este ideal.<\/p>\n\n\n\n<p><strong><em>Leitor 2:<\/em><\/strong> O tempo da Igreja \u00e9 o de anunciar o Reino que Jesus revelou. Reino do Pai onde deve existir justi\u00e7a, paz, verdade e amor. Neste caminho, a humanidade encontrar\u00e1 seu destino final: o encontro com Deus. Cada vez que promovemos os valores do Reino, aproximamo-nos do mandamento de Jesus. O Reino pode parecer um gr\u00e3o de mostarda. Pode ser que vejamos mais a mentira, a guerra, a injusti\u00e7a e o \u00f3dio vencerem atualmente. A semente, por\u00e9m est\u00e1 crescendo e vai se tornar a maior realidade de tudo que existe. O Reino de Deus vencer\u00e1, o amor ser\u00e1 o bem maior e a paz reinar\u00e1. Quem acreditar nisto, perceber\u00e1 como Jesus est\u00e1 presente nos seus disc\u00edpulos de ontem e de sempre.<\/p>\n\n\n\n<p>INTERCESS\u00c3O<\/p>\n\n\n\n<p><strong>C=<\/strong> Se: o Pai do c\u00e9u colocou todas as coisas nas m\u00e3o do Senhor Jesus, que ressuscitou e subiu ao c\u00e9u. Ele intercede por n\u00f3s. Digamos com f\u00e9:<br><strong>Conduzi-nos a v\u00f3s, Senhor!<\/strong><\/p>\n\n\n\n<ul class=\"wp-block-list\"><li>Para que o aux\u00edlio \u00e0s na\u00e7\u00f5es em vias de desenvolvimento, o respeito pelos recursos naturais e pelo meio ambiente, a divulga\u00e7\u00e3o das descobertas cient\u00edficas, o uso dos meios de comunica\u00e7\u00e3o social, preparem a consci\u00eancia de uma fraternidade universal e um novo tipo de humanidade, rezemos.<\/li><li>Por todas as pessoas, para que sejam libertadas da fome, do medo, da opress\u00e3o e possam acolher a Palavra de Cristo para a sua salva\u00e7\u00e3o e para uma felicidade maior que toda a expectativa humana, rezemos.<\/li><li>Pela nossa comunidade, para que a esperan\u00e7a no mundo novo n\u00e3o a dispense do compromisso de prepar\u00e1-lo desde j\u00e1 atrav\u00e9s do amor fraterno, rezemos. <\/li><\/ul>\n\n\n\n<p><strong>C=<\/strong> Oremos.<\/p>\n\n\n\n<p><strong>V\u00f3s quereis, \u00f3 Pai, que tudo caminhe para Cristo, plenitude e realiza\u00e7\u00e3o definitiva da vossa cria\u00e7\u00e3o; concedei-nos orar e agir sempre como colaboradores do plano de vosso Filho, para vossa gl\u00f3ria e nossa salva\u00e7\u00e3o, em Cristo Jesus nosso Senhor.<\/strong><\/p>\n\n\n\n<p><strong>T= Am\u00e9m.<\/strong><\/p>\n\n\n\n<p>C= Pela Ressurrei\u00e7\u00e3o de Cristo.<br><strong><em>T= Guardai-nos na Luz, \u00f3 Santa M\u00e3e do Senhor.<\/em><\/strong><\/p>\n\n    <div class=\"xs_social_share_widget xs_share_url after_content \t\tmain_content  wslu-style-1 wslu-share-box-shaped wslu-fill-colored wslu-none wslu-share-horizontal wslu-theme-font-no wslu-main_content\">\n\n\t\t\n        <ul>\n\t\t\t        <\/ul>\n    <\/div> \n","protected":false},"excerpt":{"rendered":"<p>D\u00c9CIMA SEGUNDA ESTA\u00c7\u00c3O O Ressuscitado sobe ao c\u00e9u C= N\u00f3s vos adoramos e vos bendizemos, Senhor Jesus Cristo! T= Porque pela vossa santa P\u00e1scoa remistes o mundo! (erguendo as velas&hellip; <br \/> <a class=\"read-more\" href=\"https:\/\/saojosedoipiranga.com.br\/new\/2020\/05\/02\/12%cb%9a-dia-da-via-sacra-da-ressurreicao\/\">Leia mais<\/a><\/p>\n","protected":false},"author":3,"featured_media":2174,"comment_status":"closed","ping_status":"closed","sticky":false,"template":"","format":"standard","meta":{"_vp_format_video_url":"","_vp_image_focal_point":[],"footnotes":""},"categories":[2,3,10],"tags":[91,165,177,179,267,270,316,318,409,411],"class_list":["post-2176","post","type-post","status-publish","format-standard","has-post-thumbnail","hentry","category-avisos_semanais","category-blog","category-noticias","tag-cristo","tag-igreja","tag-jesus","tag-jesus-cristo","tag-paroquia-sa","tag-paroquia-sao-jose-do-ipiranga","tag-ressurreicao","tag-ressurreicao-de-cristo","tag-via-sacra","tag-via-sacra-da-ressurreicao"],"_links":{"self":[{"href":"https:\/\/saojosedoipiranga.com.br\/new\/wp-json\/wp\/v2\/posts\/2176","targetHints":{"allow":["GET"]}}],"collection":[{"href":"https:\/\/saojosedoipiranga.com.br\/new\/wp-json\/wp\/v2\/posts"}],"about":[{"href":"https:\/\/saojosedoipiranga.com.br\/new\/wp-json\/wp\/v2\/types\/post"}],"author":[{"embeddable":true,"href":"https:\/\/saojosedoipiranga.com.br\/new\/wp-json\/wp\/v2\/users\/3"}],"replies":[{"embeddable":true,"href":"https:\/\/saojosedoipiranga.com.br\/new\/wp-json\/wp\/v2\/comments?post=2176"}],"version-history":[{"count":0,"href":"https:\/\/saojosedoipiranga.com.br\/new\/wp-json\/wp\/v2\/posts\/2176\/revisions"}],"wp:featuredmedia":[{"embeddable":true,"href":"https:\/\/saojosedoipiranga.com.br\/new\/wp-json\/wp\/v2\/media\/2174"}],"wp:attachment":[{"href":"https:\/\/saojosedoipiranga.com.br\/new\/wp-json\/wp\/v2\/media?parent=2176"}],"wp:term":[{"taxonomy":"category","embeddable":true,"href":"https:\/\/saojosedoipiranga.com.br\/new\/wp-json\/wp\/v2\/categories?post=2176"},{"taxonomy":"post_tag","embeddable":true,"href":"https:\/\/saojosedoipiranga.com.br\/new\/wp-json\/wp\/v2\/tags?post=2176"}],"curies":[{"name":"wp","href":"https:\/\/api.w.org\/{rel}","templated":true}]}}