{"id":2170,"date":"2020-05-02T14:17:58","date_gmt":"2020-05-02T17:17:58","guid":{"rendered":"http:\/\/saojosedoipiranga.com.br\/site\/?p=2170"},"modified":"2020-05-02T14:17:58","modified_gmt":"2020-05-02T17:17:58","slug":"11%cb%9a-dia-da-via-sacra-da-ressurreicao","status":"publish","type":"post","link":"https:\/\/saojosedoipiranga.com.br\/new\/2020\/05\/02\/11%cb%9a-dia-da-via-sacra-da-ressurreicao\/","title":{"rendered":"11\u02da dia da Via Sacra da Ressurrei\u00e7\u00e3o"},"content":{"rendered":"\n<figure class=\"wp-block-image size-large\"><img decoding=\"async\" src=\"http:\/\/saojosedoipiranga.com.br\/site\/wp-content\/uploads\/2020\/05\/11-dia-via-sacra-1024x893.jpg\" alt=\"\" class=\"wp-image-2171\"\/><\/figure>\n\n\n\n<p><strong>D\u00c9CIMA PRIMEIRA ESTA\u00c7\u00c3O<\/strong><\/p>\n\n\n\n<p><em>O Ressuscitado envia os disc\u00edpulos ao mundo<\/em><\/p>\n\n\n\n<p><strong>C= <\/strong>N\u00f3s vos adoramos e vos bendizemos, Senhor Jesus Cristo!<\/p>\n\n\n\n<p><strong>T= Porque pela vossa santa P\u00e1scoa remistes o mundo!<br><\/strong> (erguendo as velas e n\u00e3o ajoelhando)<\/p>\n\n\n\n<p><strong><em>Leitor 1:<\/em><\/strong> &#8220;Portanto, v\u00e3o e fa\u00e7am com que todos os povos se tronem meus disc\u00edpulos, batizando-os em nome do Pai, e do Filho, e do Esp\u00edrito Santo, e ensinando-os a observar tudo o que ordenei a voc\u00eas. Eis que eu estarei com voc\u00eas todos os dias, at\u00e9 o fim do mundo.&#8221;(Mateus 28, 19-20)<\/p>\n\n\n\n<p><strong>C=<\/strong> Na Galil\u00e9ia, o Ressuscitado torna os disc\u00edpulos mission\u00e1rios da ressurrei\u00e7\u00e3o. Garante-lhes que estar\u00e1 sempre presente, apesar de n\u00e3o mais estar vis\u00edvel. Os seguidores receber\u00e3o a for\u00e7a de Jesus para proclamar a boa Nova do Reino de Deus e para batizar em nome do Pai, do Filho e do Esp\u00edrito Santo. Devem anunciar em todas as na\u00e7\u00f5es, a todos os povos e culturas. devem revelar que Deus \u00e9 Pai, que ama seu Filho, nosso irm\u00e3o, que nos d\u00e1 o Esp\u00edrito Santo como consolador, e que pretende reunir todos os seus filhos em sua casa.<\/p>\n\n\n\n<p><strong><em>Leitor 2:<\/em><\/strong> A mensagem de Jesus, transmitida pelos ap\u00f3stolos, chegou at\u00e9 os nossos ouvidos. Batizados em Cristo somos tamb\u00e9m mensageiros da esperan\u00e7a que Cristo deixou no mundo. Somos convidados a correr pelas ruas e cidades vivendo o amor, testemunhando o Cristo, perdoando e preferindo aos mais pobres da sociedade, do mesmo jeito que fez Jesus. Assim a Palavra de Jesus vai atravessando oceanos, s\u00e9culos e fronteiras Somos herdeiros dessa Boa Nova e \u00e0s futuras gera\u00e7\u00f5es passaremos essa mensagem: Deus \u00e9 amor, quem ama permanece em Deus.<\/p>\n\n\n\n<p>INTERCESS\u00c3O<\/p>\n\n\n\n<p><strong>C=<\/strong> A meta de Jesus nos indica, com o serm\u00e3o das bem-aventuran\u00e7as, que antes de ser atingida por nossos esfor\u00e7os, \u00e9 um dom que se obt\u00e9m pela ora\u00e7\u00e3o. Por isso, digamos:<br><strong>Senhor, escutai-nos!<\/strong><\/p>\n\n\n\n<ul class=\"wp-block-list\"><li>Pela Igreja, para que reconhe\u00e7a as bem-aventuran\u00e7as a sua \u00fanica lei e as anuncie aos homens como mensagem de liberta\u00e7\u00e3o e vit\u00f3ria, rezemos.<\/li><li>Pelos pobres, pelos oprimidos, pelos que sofrem injusti\u00e7a e persegui\u00e7\u00e3o, para que encontrem os seguidores de Cristo irm\u00e3o que partilhem, e lhes infundam a esperan\u00e7a de uma vida sem l\u00e1grimas, rezemos.<\/li><li>Pela nossa comunidade, para que se deixe julgar pela Palavra de Deus e tenha coragem de lev\u00e1-la a s\u00e9rio, rezemos.<\/li><\/ul>\n\n\n\n<p><strong>C=<\/strong> Oremos.<\/p>\n\n\n\n<p><strong>Senhor, vossa palavra \u00e9 como uma espada afiada: ela nos julga e nos arranca do comodismo. Ajudai-nos a acolhe-la, a sermos coerentes, afim de que n\u00e3o se tornem para n\u00f3s motivo de condena\u00e7\u00e3o. Por Cristo Nosso Senhor.<\/strong><\/p>\n\n\n\n<p><strong>T= Am\u00e9m.<\/strong><\/p>\n\n\n\n<p>C= Pela Ressurrei\u00e7\u00e3o de Cristo.<br><strong><em>T= Guardai-nos na Luz, \u00f3 Santa M\u00e3e do Senhor.<\/em><\/strong><\/p>\n\n    <div class=\"xs_social_share_widget xs_share_url after_content \t\tmain_content  wslu-style-1 wslu-share-box-shaped wslu-fill-colored wslu-none wslu-share-horizontal wslu-theme-font-no wslu-main_content\">\n\n\t\t\n        <ul>\n\t\t\t        <\/ul>\n    <\/div> \n","protected":false},"excerpt":{"rendered":"<p>D\u00c9CIMA PRIMEIRA ESTA\u00c7\u00c3O O Ressuscitado envia os disc\u00edpulos ao mundo C= N\u00f3s vos adoramos e vos bendizemos, Senhor Jesus Cristo! T= Porque pela vossa santa P\u00e1scoa remistes o mundo! (erguendo&hellip; <br \/> <a class=\"read-more\" href=\"https:\/\/saojosedoipiranga.com.br\/new\/2020\/05\/02\/11%cb%9a-dia-da-via-sacra-da-ressurreicao\/\">Leia mais<\/a><\/p>\n","protected":false},"author":3,"featured_media":2171,"comment_status":"closed","ping_status":"closed","sticky":false,"template":"","format":"standard","meta":{"_vp_format_video_url":"","_vp_image_focal_point":[],"footnotes":""},"categories":[2,3,10],"tags":[179,183,266,276,357,409,411],"class_list":["post-2170","post","type-post","status-publish","format-standard","has-post-thumbnail","hentry","category-avisos_semanais","category-blog","category-noticias","tag-jesus-cristo","tag-jseus-cristo","tag-paroquia","tag-pascoa","tag-sao-jose","tag-via-sacra","tag-via-sacra-da-ressurreicao"],"_links":{"self":[{"href":"https:\/\/saojosedoipiranga.com.br\/new\/wp-json\/wp\/v2\/posts\/2170","targetHints":{"allow":["GET"]}}],"collection":[{"href":"https:\/\/saojosedoipiranga.com.br\/new\/wp-json\/wp\/v2\/posts"}],"about":[{"href":"https:\/\/saojosedoipiranga.com.br\/new\/wp-json\/wp\/v2\/types\/post"}],"author":[{"embeddable":true,"href":"https:\/\/saojosedoipiranga.com.br\/new\/wp-json\/wp\/v2\/users\/3"}],"replies":[{"embeddable":true,"href":"https:\/\/saojosedoipiranga.com.br\/new\/wp-json\/wp\/v2\/comments?post=2170"}],"version-history":[{"count":0,"href":"https:\/\/saojosedoipiranga.com.br\/new\/wp-json\/wp\/v2\/posts\/2170\/revisions"}],"wp:featuredmedia":[{"embeddable":true,"href":"https:\/\/saojosedoipiranga.com.br\/new\/wp-json\/wp\/v2\/media\/2171"}],"wp:attachment":[{"href":"https:\/\/saojosedoipiranga.com.br\/new\/wp-json\/wp\/v2\/media?parent=2170"}],"wp:term":[{"taxonomy":"category","embeddable":true,"href":"https:\/\/saojosedoipiranga.com.br\/new\/wp-json\/wp\/v2\/categories?post=2170"},{"taxonomy":"post_tag","embeddable":true,"href":"https:\/\/saojosedoipiranga.com.br\/new\/wp-json\/wp\/v2\/tags?post=2170"}],"curies":[{"name":"wp","href":"https:\/\/api.w.org\/{rel}","templated":true}]}}