{"id":2164,"date":"2020-04-30T14:51:01","date_gmt":"2020-04-30T17:51:01","guid":{"rendered":"http:\/\/saojosedoipiranga.com.br\/site\/?p=2164"},"modified":"2020-04-30T14:51:01","modified_gmt":"2020-04-30T17:51:01","slug":"10%cb%9a-dia-da-via-sacra-da-ressurreicao","status":"publish","type":"post","link":"https:\/\/saojosedoipiranga.com.br\/new\/2020\/04\/30\/10%cb%9a-dia-da-via-sacra-da-ressurreicao\/","title":{"rendered":"10\u02da dia da Via Sacra da Ressurrei\u00e7\u00e3o"},"content":{"rendered":"\n<figure class=\"wp-block-image size-large\"><img decoding=\"async\" src=\"http:\/\/saojosedoipiranga.com.br\/site\/wp-content\/uploads\/2020\/04\/10-dia-via-sacra-1024x631.jpg\" alt=\"\" class=\"wp-image-2166\"\/><\/figure>\n\n\n\n<p><strong>D\u00c9CIMA ESTA\u00c7\u00c3O<\/strong><\/p>\n\n\n\n<p><em>O Ressuscitado confere o primado a Pedro<\/em><\/p>\n\n\n\n<p><strong>C= <\/strong>N\u00f3s vos adoramos e vos bendizemos, Senhor Jesus Cristo!<\/p>\n\n\n\n<p><strong>T= Porque pela vossa santa P\u00e1scoa remistes o mundo!<br><\/strong> (erguendo as velas e n\u00e3o ajoelhando)<\/p>\n\n\n\n<p><strong><em>Leitor 1:<\/em><\/strong> &#8220;Depois de comerem, Jesus perguntou a Sim\u00e3o Pedro: &#8220;Sim\u00e3o, filho de Jo\u00e3o, voc\u00ea me ama mais do que estes outros?&#8221; Pedro respondeu: &#8220;Sim, Senhor, tu sabes que eu te amo.&#8221; Jesus disse: &#8220;Cuide dos meus cordeiros.&#8221; (Jo\u00e3o 21, 15)<\/p>\n\n\n\n<p><strong>C=<\/strong> Tr\u00eas perguntas e tr\u00eas respostas tramam o di\u00e1logo entre o Senhor e o disc\u00edpulo. Cristo se manifesta a Pedro na margem do Lago de Tiber\u00edades. Pedro havia tra\u00eddo o Mestre tr\u00eas vezes. Agora, deve responder tr\u00eas vezes que ama Jesus e por isso aceita a miss\u00e3o de ser o pastor que confirma a f\u00e9 dos irm\u00e3os. Nas duas primeiras respostas, Pedro respondeu s\u00f3: Eu te amo, Senhor! Na terceira vez, recordando que as palavras podem trair, lembrando das nega\u00e7\u00f5es durante a paix\u00e3o, o ap\u00f3stolo refaz sua resposta. Desta vez, conta com Jesus para responder: Mestre, tu sabes tudo, tu sabes que eu te aos. E Jesus lho confia o cuidado pastoral: apascenta minhas ovelhas.<\/p>\n\n\n\n<p><strong><em>Leitor 2:<\/em><\/strong> Como Pedro, podemos dizer sim para Deus e acabar n\u00e3o cumprindo nossa promessa. Amar a Deus \u00e9 sempre um ato segundo, pois Deus nos amou primeiro. Pode-se dizer que, ao amar a Deus, estamos respondendo ao amor que dele j\u00e1 recebemos. Ele nos criou, no sustenta, nos salva. Sua presen\u00e7a amorosa marca todo o tempo que passamos nesta vida e nos lan\u00e7a no imenso e infinito amor de sua comunh\u00e3o.<\/p>\n\n\n\n<p>INTERCESS\u00c3O<\/p>\n\n\n\n<p><strong>C=<\/strong> Dirijamo-nos ao Senhor com o di\u00e1logo de confian\u00e7a que s\u00f3 uma comunh\u00e3o de vida e a\u00e7\u00e3o pode permitir e digamos:<br><strong>Jesus bom Pastor, guia-nos!<\/strong><\/p>\n\n\n\n<ul class=\"wp-block-list\"><li>Por aqueles que pusestes em vossa Igreja como pastores, a fim de que sejam os primeiros a obedecer a vossa voz, n\u00f3s vos rogamos.<\/li><li>Por todos os que se afastaram de v\u00f3s pelo pecado ou pela indiferen\u00e7a para que sintam saudade da casa paterna, desejo de perd\u00e3o e de vida nova, n\u00f3s vos rogamos.<\/li><li>Pelos que tem responsabilidades na fam\u00edlia, no trabalho, na pol\u00edtica, para que n\u00e3o sejam ego\u00edstas, mas tenham esp\u00edrito de servi\u00e7o, n\u00f3s vos rogamos.<\/li><\/ul>\n\n\n\n<p><strong>C=<\/strong> Oremos.<\/p>\n\n\n\n<p><strong>Guia-nos, Senhor, pelos caminhos da obedi\u00eancia e da dedica\u00e7\u00e3o que percorrestes antes de n\u00f3s; e teremos a alegria de ver atendidos os pedidos que, por meio de v\u00f3s, dirigimos ao Pai, com o qual viveis pelos s\u00e9culos e s\u00e9culos.<\/strong><\/p>\n\n\n\n<p><strong>T= Am\u00e9m.<\/strong><\/p>\n\n\n\n<p>C= Pela Ressurrei\u00e7\u00e3o de Cristo.<br><strong><em>T= Guardai-nos na Luz, \u00f3 Santa M\u00e3e do Senhor.<\/em><\/strong><\/p>\n\n    <div class=\"xs_social_share_widget xs_share_url after_content \t\tmain_content  wslu-style-1 wslu-share-box-shaped wslu-fill-colored wslu-none wslu-share-horizontal wslu-theme-font-no wslu-main_content\">\n\n\t\t\n        <ul>\n\t\t\t        <\/ul>\n    <\/div> \n","protected":false},"excerpt":{"rendered":"<p>D\u00c9CIMA ESTA\u00c7\u00c3O O Ressuscitado confere o primado a Pedro C= N\u00f3s vos adoramos e vos bendizemos, Senhor Jesus Cristo! T= Porque pela vossa santa P\u00e1scoa remistes o mundo! (erguendo as&hellip; <br \/> <a class=\"read-more\" href=\"https:\/\/saojosedoipiranga.com.br\/new\/2020\/04\/30\/10%cb%9a-dia-da-via-sacra-da-ressurreicao\/\">Leia mais<\/a><\/p>\n","protected":false},"author":3,"featured_media":2166,"comment_status":"closed","ping_status":"closed","sticky":false,"template":"","format":"standard","meta":{"_vp_format_video_url":"","_vp_image_focal_point":[],"footnotes":""},"categories":[2,3,10],"tags":[91,177,179,266,270,276,316,408,411],"class_list":["post-2164","post","type-post","status-publish","format-standard","has-post-thumbnail","hentry","category-avisos_semanais","category-blog","category-noticias","tag-cristo","tag-jesus","tag-jesus-cristo","tag-paroquia","tag-paroquia-sao-jose-do-ipiranga","tag-pascoa","tag-ressurreicao","tag-via-sa","tag-via-sacra-da-ressurreicao"],"_links":{"self":[{"href":"https:\/\/saojosedoipiranga.com.br\/new\/wp-json\/wp\/v2\/posts\/2164","targetHints":{"allow":["GET"]}}],"collection":[{"href":"https:\/\/saojosedoipiranga.com.br\/new\/wp-json\/wp\/v2\/posts"}],"about":[{"href":"https:\/\/saojosedoipiranga.com.br\/new\/wp-json\/wp\/v2\/types\/post"}],"author":[{"embeddable":true,"href":"https:\/\/saojosedoipiranga.com.br\/new\/wp-json\/wp\/v2\/users\/3"}],"replies":[{"embeddable":true,"href":"https:\/\/saojosedoipiranga.com.br\/new\/wp-json\/wp\/v2\/comments?post=2164"}],"version-history":[{"count":0,"href":"https:\/\/saojosedoipiranga.com.br\/new\/wp-json\/wp\/v2\/posts\/2164\/revisions"}],"wp:featuredmedia":[{"embeddable":true,"href":"https:\/\/saojosedoipiranga.com.br\/new\/wp-json\/wp\/v2\/media\/2166"}],"wp:attachment":[{"href":"https:\/\/saojosedoipiranga.com.br\/new\/wp-json\/wp\/v2\/media?parent=2164"}],"wp:term":[{"taxonomy":"category","embeddable":true,"href":"https:\/\/saojosedoipiranga.com.br\/new\/wp-json\/wp\/v2\/categories?post=2164"},{"taxonomy":"post_tag","embeddable":true,"href":"https:\/\/saojosedoipiranga.com.br\/new\/wp-json\/wp\/v2\/tags?post=2164"}],"curies":[{"name":"wp","href":"https:\/\/api.w.org\/{rel}","templated":true}]}}