{"id":2158,"date":"2020-04-28T11:57:10","date_gmt":"2020-04-28T14:57:10","guid":{"rendered":"http:\/\/saojosedoipiranga.com.br\/site\/?p=2158"},"modified":"2020-04-28T11:57:10","modified_gmt":"2020-04-28T14:57:10","slug":"8%cb%9a-dia-da-via-sacra-da-ressurreicao","status":"publish","type":"post","link":"https:\/\/saojosedoipiranga.com.br\/new\/2020\/04\/28\/8%cb%9a-dia-da-via-sacra-da-ressurreicao\/","title":{"rendered":"8\u02da dia da Via Sacra da Ressurrei\u00e7\u00e3o"},"content":{"rendered":"\n<figure class=\"wp-block-image size-large\"><img decoding=\"async\" src=\"http:\/\/saojosedoipiranga.com.br\/site\/wp-content\/uploads\/2020\/04\/8-dia-via-sacra-724x1024.jpg\" alt=\"\" class=\"wp-image-2159\"\/><\/figure>\n\n\n\n<p><strong>OITAVA ESTA\u00c7\u00c3O<\/strong><\/p>\n\n\n\n<p><em>O Ressuscitado confirma a f\u00e9 de Tom\u00e9<\/em><\/p>\n\n\n\n<p><strong>C= <\/strong>N\u00f3s vos adoramos e vos bendizemos, Senhor Jesus Cristo!<\/p>\n\n\n\n<p><strong>T= Porque pela vossa santa P\u00e1scoa remistes o mundo!<br><\/strong> (erguendo as velas e n\u00e3o ajoelhando)<\/p>\n\n\n\n<p><strong><em>Leitor 1:<\/em><\/strong> &#8220;Depois disse a Tom\u00e9: &#8220;Estenda aqui o seu dedo e veja as minhas m\u00e3os. Estenda sua m\u00e3o e toque o meu lado. N\u00e3o seja incr\u00e9dulo, mas tenha f\u00e9.&#8221; Tom\u00e9 respondeu a Jesus: &#8220;Meu Senhor e meu Deus!&#8221; (Jo\u00e3o 20, 27-28)<\/p>\n\n\n\n<p><strong>C=<\/strong> A d\u00favida mora no cora\u00e7\u00e3o de um disc\u00edpulo, apesar de ter conhecido Jesus e testemunhado os sinais de sua pot\u00eancia divina e do seu amor pela humanidade durante os seus dias na terra. Agora, o incr\u00e9dulo Tom\u00e9 encontra-se diante do Ressuscitado que est\u00e1 vivo e presente. Ent\u00e3o o disc\u00edpulo, antes longe da comunidade, isolado e duvidoso, retorna ao grupo dos seguidores, abre os olhos para a luz do Cristo e com certeza absoluta exclama: &#8220;Meu Senhor e meu Deus.&#8221;<\/p>\n\n\n\n<p><strong><em>Leitor 2:<\/em><\/strong> H\u00e1 vezes na vida em que nos afastamos da comunidade e das pessoas. Na solid\u00e3o e no isolamento, somos incapazes de perceber a presen\u00e7a de Cristo que nos chama \u00e0 comunh\u00e3o. Rezar sozinho, falar com Deus no sil\u00eancio do quarto e procurar a Igreja quando est\u00e1 vazia, \u00e9 poss\u00edvel. Perceber a a\u00e7\u00e3o de Deus, partilhar seu ensinamento e ouvir a sua voz, sem fechar o cora\u00e7\u00e3o, depende de uma atitude comunit\u00e1ria. Deus n\u00e3o \u00e9 solid\u00e3o, mas comunh\u00e3o. Neste caminho, seguir Jesus n\u00e3o \u00e9 isolar-se, mas envolver-se com os outros, viver a f\u00e9 na comunidade. Sozinhos podemos ter d\u00favidas e dificuldades, com os irm\u00e3os, sentimos a for\u00e7a da uni\u00e3o onde um ajuda a carregar o fardo do outro.<\/p>\n\n\n\n<p>INTERCESS\u00c3O<\/p>\n\n\n\n<p><strong>C=<\/strong> Jesus ressuscitado est\u00e1 presente entre n\u00f3s; leva ao Pai nossa ora\u00e7\u00e3o. Invoquemos com f\u00e9:<br><strong>Meu Senhor e meu Deus!<\/strong><\/p>\n\n\n\n<ul class=\"wp-block-list\"><li>Somos a santa assembl\u00e9ia dos que cr\u00eaem em v\u00f3s; ajudai-nos a proclamar-vos, Senhor, com as palavras e coma vida. N\u00f3s vos invocamos.<\/li><li>Partilhamos a palavra dos ap\u00f3stolos, a eucaristia e a ora\u00e7\u00e3o, como a primeira comunidade crist\u00e3; ajudai-nos a realizar uma verdadeira fraternidade e comunh\u00e3o dos bens econ\u00f4micos, culturais e espirituais. N\u00f3s vos invocamos.<\/li><\/ul>\n\n\n\n<p><strong>C=<\/strong> Oremos.<\/p>\n\n\n\n<p><strong>Senhor Jesus, como as gera\u00e7\u00f5es crist\u00e3s que nos precederam, n\u00f3s vos amamos sem vos ter visto, cremos em v\u00f3s sem ver-vos; ajudai-nos a permanecer fi\u00e9is, at\u00e9 o fim, num mundo que n\u00e3o cr\u00ea. V\u00f3s que viveis e reinais pelos s\u00e9culos.<\/strong><\/p>\n\n\n\n<p><strong>T= Am\u00e9m.<\/strong><\/p>\n\n\n\n<p>C= Pela Ressurrei\u00e7\u00e3o de Cristo.<br><strong><em>T= Guardai-nos na Luz, \u00f3 Santa M\u00e3e do Senhor.<\/em><\/strong><\/p>\n\n    <div class=\"xs_social_share_widget xs_share_url after_content \t\tmain_content  wslu-style-1 wslu-share-box-shaped wslu-fill-colored wslu-none wslu-share-horizontal wslu-theme-font-no wslu-main_content\">\n\n\t\t\n        <ul>\n\t\t\t        <\/ul>\n    <\/div> \n","protected":false},"excerpt":{"rendered":"<p>OITAVA ESTA\u00c7\u00c3O O Ressuscitado confirma a f\u00e9 de Tom\u00e9 C= N\u00f3s vos adoramos e vos bendizemos, Senhor Jesus Cristo! T= Porque pela vossa santa P\u00e1scoa remistes o mundo! (erguendo as&hellip; <br \/> <a class=\"read-more\" href=\"https:\/\/saojosedoipiranga.com.br\/new\/2020\/04\/28\/8%cb%9a-dia-da-via-sacra-da-ressurreicao\/\">Leia mais<\/a><\/p>\n","protected":false},"author":3,"featured_media":2159,"comment_status":"closed","ping_status":"closed","sticky":false,"template":"","format":"standard","meta":{"_vp_format_video_url":"","_vp_image_focal_point":[],"footnotes":""},"categories":[2,3,10],"tags":[],"class_list":["post-2158","post","type-post","status-publish","format-standard","has-post-thumbnail","hentry","category-avisos_semanais","category-blog","category-noticias"],"_links":{"self":[{"href":"https:\/\/saojosedoipiranga.com.br\/new\/wp-json\/wp\/v2\/posts\/2158","targetHints":{"allow":["GET"]}}],"collection":[{"href":"https:\/\/saojosedoipiranga.com.br\/new\/wp-json\/wp\/v2\/posts"}],"about":[{"href":"https:\/\/saojosedoipiranga.com.br\/new\/wp-json\/wp\/v2\/types\/post"}],"author":[{"embeddable":true,"href":"https:\/\/saojosedoipiranga.com.br\/new\/wp-json\/wp\/v2\/users\/3"}],"replies":[{"embeddable":true,"href":"https:\/\/saojosedoipiranga.com.br\/new\/wp-json\/wp\/v2\/comments?post=2158"}],"version-history":[{"count":0,"href":"https:\/\/saojosedoipiranga.com.br\/new\/wp-json\/wp\/v2\/posts\/2158\/revisions"}],"wp:featuredmedia":[{"embeddable":true,"href":"https:\/\/saojosedoipiranga.com.br\/new\/wp-json\/wp\/v2\/media\/2159"}],"wp:attachment":[{"href":"https:\/\/saojosedoipiranga.com.br\/new\/wp-json\/wp\/v2\/media?parent=2158"}],"wp:term":[{"taxonomy":"category","embeddable":true,"href":"https:\/\/saojosedoipiranga.com.br\/new\/wp-json\/wp\/v2\/categories?post=2158"},{"taxonomy":"post_tag","embeddable":true,"href":"https:\/\/saojosedoipiranga.com.br\/new\/wp-json\/wp\/v2\/tags?post=2158"}],"curies":[{"name":"wp","href":"https:\/\/api.w.org\/{rel}","templated":true}]}}