{"id":2154,"date":"2020-04-22T16:13:20","date_gmt":"2020-04-22T19:13:20","guid":{"rendered":"http:\/\/saojosedoipiranga.com.br\/site\/?p=2154"},"modified":"2020-04-22T16:13:20","modified_gmt":"2020-04-22T19:13:20","slug":"7%cb%9a-dia-da-via-sacra-da-ressurreicao","status":"publish","type":"post","link":"https:\/\/saojosedoipiranga.com.br\/new\/2020\/04\/22\/7%cb%9a-dia-da-via-sacra-da-ressurreicao\/","title":{"rendered":"7\u02da dia da Via Sacra da Ressurrei\u00e7\u00e3o"},"content":{"rendered":"\n<figure class=\"wp-block-image size-large\"><img decoding=\"async\" src=\"http:\/\/saojosedoipiranga.com.br\/site\/wp-content\/uploads\/2020\/04\/7-dia-via-sacra-1024x649.jpg\" alt=\"\" class=\"wp-image-2155\"\/><\/figure>\n\n\n\n<p><strong>S\u00c9TIMA ESTA\u00c7\u00c3O<\/strong><\/p>\n\n\n\n<p><em>O Ressuscitado d\u00e1 o poder de perdoar os pecados<\/em><\/p>\n\n\n\n<p><strong>C= <\/strong>N\u00f3s vos adoramos e vos bendizemos, Senhor Jesus Cristo!<\/p>\n\n\n\n<p><strong>T= Porque pela vossa santa P\u00e1scoa remistes o mundo!<br><\/strong> (erguendo as velas e n\u00e3o ajoelhando)<\/p>\n\n\n\n<p><strong><em>Leitor 1:<\/em><\/strong> &#8220;Tendo falado isso, Jesus soprou sobre eles, dizendo: &#8220;Recebam o Esp\u00edrito Santo. Os pecados daqueles que voc\u00eas perdoarem, ser\u00e3o perdoados. Os pecados daqueles que voc\u00eas n\u00e3o perdoarem, n\u00e3o ser\u00e3o perdoados.&#8221; (Jo\u00e3o 20, 22-23)<\/p>\n\n\n\n<p><strong>C=<\/strong> Cristo soprou sobre os disc\u00edpulos. Naquele dia de P\u00e1scoa, os seguidores de Jesus receberam um novo h\u00e1lito de vida, um novo ar encheu suas vidas, n\u00e3o apenas o oxig\u00eanio que entrava em seus pulm\u00f5es, mas uma nova forma de compreender a vida e a morte, o homem e Deus. Agora eles s\u00e3o testemunhas do Crucificado que ressuscitou dos mortos. Essa novidade absoluta s\u00f3 pode ser obra do Esp\u00edrito Santo. Ele \u00e9 quem faz o ser humano sair da morte do pecado e viver na Gra\u00e7a da verdade e da justi\u00e7a. Na for\u00e7a do Esp\u00edrito, os disc\u00edpulos perdoam os pecados, para regenerar a vida, para recuperar o ser humano, para dar nova dire\u00e7\u00e3o \u00e0 hist\u00f3ria e reintegrar a natureza ao Criador.<\/p>\n\n\n\n<p><strong><em>Leitor 2:<\/em><\/strong> O perd\u00e3o dos pecados \u00e9 o grande Dom de Jesus \u00e0 comunidade pascal, Ser perdoado \u00e9 recuperar a dignidade de Filho de Deus que as feridas do pecado escondem. O cristianismo \u00e9 a religi\u00e3o do perd\u00e3o. Perdoa-se sempre: &#8220;Perdoai-nos como n\u00f3s perdoamos quem nos tenha ofendido. \u00c9 perdoando que se \u00e9 perdoado. Vai em paz e n\u00e3o peques mais.&#8221; S\u00e3o frases que ressoam nos seguidores de Jesus como heran\u00e7a maior do Mestre. S\u00f3 o amor possibilita o perd\u00e3o.<\/p>\n\n\n\n<p>INTERCESS\u00c3O<\/p>\n\n\n\n<p><strong>C=<\/strong> Irm\u00e3os e irm\u00e3s, tendo recebido o Esp\u00edrito de filhos, no qual clamamos &#8220;Pai&#8221;, dirigimos, ent\u00e3o, com afeto filial, as nossas ora\u00e7\u00f5es a Deus Pai, todo-poderoso, dizendo juntos:<br><strong>Senhor, acolhei a nossa prece.<\/strong><\/p>\n\n\n\n<ul class=\"wp-block-list\"><li>Por todas as iniciativas que promovem a paz e a conc\u00f3rdia entre os povos, rezemos.<\/li><li>Pelos que s\u00e3o oprimidos por ang\u00fastias e dificuldades, para que sejam aliviados pelo conforto do Esp\u00edrito Consolador, rezemos.<\/li><li>Por todos n\u00f3s, aqui reunidos no Senhor, para que a gra\u00e7a do batismo e da crisma seja renovada em n\u00f3s, rezemos.<\/li><\/ul>\n\n\n\n<p><strong>C=<\/strong> Oremos.<\/p>\n\n\n\n<p><strong>Ouvi, Senhor, o vosso povo, e que a vossa gra\u00e7a nos conceda sempre aquilo que n\u00e3o podemos obter pelos nossos m\u00e9ritos. Por Cristo nosso Senhor.<\/strong><\/p>\n\n\n\n<p><strong>T= Am\u00e9m.<\/strong><\/p>\n\n\n\n<p>C= Pela Ressurrei\u00e7\u00e3o de Cristo.<br><strong><em>T= Guardai-nos na Luz, \u00f3 Santa M\u00e3e do Senhor.<\/em><\/strong><\/p>\n\n    <div class=\"xs_social_share_widget xs_share_url after_content \t\tmain_content  wslu-style-1 wslu-share-box-shaped wslu-fill-colored wslu-none wslu-share-horizontal wslu-theme-font-no wslu-main_content\">\n\n\t\t\n        <ul>\n\t\t\t        <\/ul>\n    <\/div> \n","protected":false},"excerpt":{"rendered":"<p>S\u00c9TIMA ESTA\u00c7\u00c3O O Ressuscitado d\u00e1 o poder de perdoar os pecados C= N\u00f3s vos adoramos e vos bendizemos, Senhor Jesus Cristo! T= Porque pela vossa santa P\u00e1scoa remistes o mundo!&hellip; <br \/> <a class=\"read-more\" href=\"https:\/\/saojosedoipiranga.com.br\/new\/2020\/04\/22\/7%cb%9a-dia-da-via-sacra-da-ressurreicao\/\">Leia mais<\/a><\/p>\n","protected":false},"author":3,"featured_media":2155,"comment_status":"closed","ping_status":"closed","sticky":false,"template":"","format":"standard","meta":{"_vp_format_video_url":"","_vp_image_focal_point":[],"footnotes":""},"categories":[2,3,10],"tags":[177,179,180,270,316,318,357,409,411],"class_list":["post-2154","post","type-post","status-publish","format-standard","has-post-thumbnail","hentry","category-avisos_semanais","category-blog","category-noticias","tag-jesus","tag-jesus-cristo","tag-jesus-misericordioso","tag-paroquia-sao-jose-do-ipiranga","tag-ressurreicao","tag-ressurreicao-de-cristo","tag-sao-jose","tag-via-sacra","tag-via-sacra-da-ressurreicao"],"_links":{"self":[{"href":"https:\/\/saojosedoipiranga.com.br\/new\/wp-json\/wp\/v2\/posts\/2154","targetHints":{"allow":["GET"]}}],"collection":[{"href":"https:\/\/saojosedoipiranga.com.br\/new\/wp-json\/wp\/v2\/posts"}],"about":[{"href":"https:\/\/saojosedoipiranga.com.br\/new\/wp-json\/wp\/v2\/types\/post"}],"author":[{"embeddable":true,"href":"https:\/\/saojosedoipiranga.com.br\/new\/wp-json\/wp\/v2\/users\/3"}],"replies":[{"embeddable":true,"href":"https:\/\/saojosedoipiranga.com.br\/new\/wp-json\/wp\/v2\/comments?post=2154"}],"version-history":[{"count":0,"href":"https:\/\/saojosedoipiranga.com.br\/new\/wp-json\/wp\/v2\/posts\/2154\/revisions"}],"wp:featuredmedia":[{"embeddable":true,"href":"https:\/\/saojosedoipiranga.com.br\/new\/wp-json\/wp\/v2\/media\/2155"}],"wp:attachment":[{"href":"https:\/\/saojosedoipiranga.com.br\/new\/wp-json\/wp\/v2\/media?parent=2154"}],"wp:term":[{"taxonomy":"category","embeddable":true,"href":"https:\/\/saojosedoipiranga.com.br\/new\/wp-json\/wp\/v2\/categories?post=2154"},{"taxonomy":"post_tag","embeddable":true,"href":"https:\/\/saojosedoipiranga.com.br\/new\/wp-json\/wp\/v2\/tags?post=2154"}],"curies":[{"name":"wp","href":"https:\/\/api.w.org\/{rel}","templated":true}]}}