{"id":2150,"date":"2020-04-22T15:40:09","date_gmt":"2020-04-22T18:40:09","guid":{"rendered":"http:\/\/saojosedoipiranga.com.br\/site\/?p=2150"},"modified":"2020-04-22T15:40:09","modified_gmt":"2020-04-22T18:40:09","slug":"6%cb%9a-dia-da-via-sacra-da-ressurreicao","status":"publish","type":"post","link":"https:\/\/saojosedoipiranga.com.br\/new\/2020\/04\/22\/6%cb%9a-dia-da-via-sacra-da-ressurreicao\/","title":{"rendered":"6\u02da dia da Via Sacra da Ressurrei\u00e7\u00e3o"},"content":{"rendered":"\n<figure class=\"wp-block-image size-large\"><img decoding=\"async\" src=\"http:\/\/saojosedoipiranga.com.br\/site\/wp-content\/uploads\/2020\/04\/6-dia-via-sacra-1-768x1024.jpg\" alt=\"\" class=\"wp-image-2152\"\/><\/figure>\n\n\n\n<p><strong>SEXTA ESTA\u00c7\u00c3O<\/strong><\/p>\n\n\n\n<p><em>O Ressuscitado se manifesta aos disc\u00edpulos<\/em><\/p>\n\n\n\n<p><strong>C= <\/strong>N\u00f3s vos adoramos e vos bendizemos, Senhor Jesus Cristo!<\/p>\n\n\n\n<p><strong>T= Porque pela vossa santa P\u00e1scoa remistes o mundo!<br><\/strong> (erguendo as velas e n\u00e3o ajoelhando)<\/p>\n\n\n\n<p><strong><em>Leitor 1:<\/em><\/strong> &#8220;Ent\u00e3o Jesus disse: &#8220;Por que voc\u00eas est\u00e3o pertubados, e por que o cora\u00e7\u00e3o de voc\u00eas est\u00e1 cheio de d\u00favidas? Vejam minhas m\u00e3o s e meus p\u00e9s: sou em mesmo. Toquem-me e vejam: um esp\u00edrito n\u00e3o tem carne e ossos, como voc\u00eas podem ver que eu tenho.&#8221; (Lucas 24, 38-39)<\/p>\n\n\n\n<p><strong>C=<\/strong> Diante dos disc\u00edpulos com medo e tristeza, aparece o Ressuscitado vivo e vencedor. Eles ficam assustados e perturbados. Em suas mem\u00f3rias, est\u00e1 bem registrada a marca das torturas e da crus sofrida pelo Mestre. E pensam que a morte foi a \u00faltima palavra na hist\u00f3ria do Profeta Galileu. Quando o Cristo vem at\u00e9 eles, pensam que \u00e9 um fantasma. Jesus, por\u00e9m, mostra-lhes as feridas da cruz e as marcas que o sofrimento deixou nele. Agora, por\u00e9m, ele est\u00e1 vivo, e n\u00e3o morre mais. \u00c9 preciso reconhecer no Crucificado o Ressuscitado. Esta nova realidade deve espantar a tristeza e a d\u00favida e anunciar que acabou o sil\u00eancio da morte.<\/p>\n\n\n\n<p><strong><em>Leitor 2:<\/em><\/strong> Nossas ang\u00fastias e esperan\u00e7as, nossas alegrias e tristezas marcam nossa hist\u00f3ria e nosso corpo. Vivemos em comunh\u00e3o com outras pessoas e sofremos com elas. Vivemos em comunh\u00e3o com outras pessoas e sofremos com elas. Sentimos que somos parte da natureza. Toda essa realidade a qual pertencemos \u00e9 marcada por Cristo. Ao ressuscitar, com as chagas, Jesus revela que o tempo da vida na terra n\u00e3o foi desperdi\u00e7ado. Tudo o que fazemos aqui: sofrimentos, alegrias, solidariedade, amor e f\u00e9 marca nosso ser tamb\u00e9, depois da morte. A morte n\u00e3o extingue o bem que fizemos pelos outros enquanto vivemos. Tudo passar\u00e1, somente o amor jamais ir\u00e1 acabar. Em sua ressurrei\u00e7\u00e3o. Ele se manifesta marcado por esse gesto de total doa\u00e7\u00e3o pela humanidade.<\/p>\n\n\n\n<p>INTERCESS\u00c3O<\/p>\n\n\n\n<p><strong>C=<\/strong> Acolhemos em n\u00f3s a palavra; se a guardarmos no cora\u00e7\u00e3o e a observarmos, tornar-se-\u00e1 palavra viva e habitar\u00e1 em n\u00f3s juntamente com o Pai que a enviou. Que nas\u00e7a do mais \u00edntimo de n\u00f3s mesmos a ora\u00e7\u00e3o comum:<br><strong>Dai-nos, Senhor, a vossa vida!<\/strong><\/p>\n\n\n\n<ul class=\"wp-block-list\"><li>Pela Igreja, para que a esperan\u00e7a da gl\u00f3ria que lhe \u00e9 prometida torne-a realmente aberta a todos, rezemos.<\/li><li>Pelo mundo sem paz, para que os crist\u00e3os participem plenamente do destino dos mais pobres, sabendo suscitar o di\u00e1logo e a colabora\u00e7\u00e3o, rezemos.<\/li><\/ul>\n\n\n\n<p><strong>C=<\/strong> Oremos.<\/p>\n\n\n\n<p><strong>Dai-nos sempre, \u00f3 Pai, vosso Esp\u00edrito de vida; acompanhai-nos at\u00e9 o fim dos tempos e ajudai-nos a interpretar, pelas exig\u00eancias de hoje, as palavras imut\u00e1veis do Evangelho de Cristo, vosso Filho e nosso Senhor.<\/strong><\/p>\n\n\n\n<p><strong>T= Am\u00e9m.<\/strong><\/p>\n\n\n\n<p>C= Pela Ressurrei\u00e7\u00e3o de Cristo.<br><strong><em>T= Guardai-nos na Luz, \u00f3 Santa M\u00e3e do Senhor.<\/em><\/strong><\/p>\n\n    <div class=\"xs_social_share_widget xs_share_url after_content \t\tmain_content  wslu-style-1 wslu-share-box-shaped wslu-fill-colored wslu-none wslu-share-horizontal wslu-theme-font-no wslu-main_content\">\n\n\t\t\n        <ul>\n\t\t\t        <\/ul>\n    <\/div> \n","protected":false},"excerpt":{"rendered":"<p>SEXTA ESTA\u00c7\u00c3O O Ressuscitado se manifesta aos disc\u00edpulos C= N\u00f3s vos adoramos e vos bendizemos, Senhor Jesus Cristo! T= Porque pela vossa santa P\u00e1scoa remistes o mundo! (erguendo as velas&hellip; <br \/> <a class=\"read-more\" href=\"https:\/\/saojosedoipiranga.com.br\/new\/2020\/04\/22\/6%cb%9a-dia-da-via-sacra-da-ressurreicao\/\">Leia mais<\/a><\/p>\n","protected":false},"author":3,"featured_media":2152,"comment_status":"closed","ping_status":"closed","sticky":false,"template":"","format":"standard","meta":{"_vp_format_video_url":"","_vp_image_focal_point":[],"footnotes":""},"categories":[2,3,10],"tags":[91,177,179,276,316,409,411],"class_list":["post-2150","post","type-post","status-publish","format-standard","has-post-thumbnail","hentry","category-avisos_semanais","category-blog","category-noticias","tag-cristo","tag-jesus","tag-jesus-cristo","tag-pascoa","tag-ressurreicao","tag-via-sacra","tag-via-sacra-da-ressurreicao"],"_links":{"self":[{"href":"https:\/\/saojosedoipiranga.com.br\/new\/wp-json\/wp\/v2\/posts\/2150","targetHints":{"allow":["GET"]}}],"collection":[{"href":"https:\/\/saojosedoipiranga.com.br\/new\/wp-json\/wp\/v2\/posts"}],"about":[{"href":"https:\/\/saojosedoipiranga.com.br\/new\/wp-json\/wp\/v2\/types\/post"}],"author":[{"embeddable":true,"href":"https:\/\/saojosedoipiranga.com.br\/new\/wp-json\/wp\/v2\/users\/3"}],"replies":[{"embeddable":true,"href":"https:\/\/saojosedoipiranga.com.br\/new\/wp-json\/wp\/v2\/comments?post=2150"}],"version-history":[{"count":0,"href":"https:\/\/saojosedoipiranga.com.br\/new\/wp-json\/wp\/v2\/posts\/2150\/revisions"}],"wp:featuredmedia":[{"embeddable":true,"href":"https:\/\/saojosedoipiranga.com.br\/new\/wp-json\/wp\/v2\/media\/2152"}],"wp:attachment":[{"href":"https:\/\/saojosedoipiranga.com.br\/new\/wp-json\/wp\/v2\/media?parent=2150"}],"wp:term":[{"taxonomy":"category","embeddable":true,"href":"https:\/\/saojosedoipiranga.com.br\/new\/wp-json\/wp\/v2\/categories?post=2150"},{"taxonomy":"post_tag","embeddable":true,"href":"https:\/\/saojosedoipiranga.com.br\/new\/wp-json\/wp\/v2\/tags?post=2150"}],"curies":[{"name":"wp","href":"https:\/\/api.w.org\/{rel}","templated":true}]}}