{"id":2146,"date":"2020-04-22T15:14:35","date_gmt":"2020-04-22T18:14:35","guid":{"rendered":"http:\/\/saojosedoipiranga.com.br\/site\/?p=2146"},"modified":"2020-04-22T15:14:35","modified_gmt":"2020-04-22T18:14:35","slug":"5%cb%9a-dia-da-via-sacra-da-ressurreicao","status":"publish","type":"post","link":"https:\/\/saojosedoipiranga.com.br\/new\/2020\/04\/22\/5%cb%9a-dia-da-via-sacra-da-ressurreicao\/","title":{"rendered":"5\u02da dia da Via Sacra da Ressurrei\u00e7\u00e3o"},"content":{"rendered":"\n<figure class=\"wp-block-image size-large\"><img fetchpriority=\"high\" decoding=\"async\" width=\"1024\" height=\"819\" src=\"http:\/\/saojosedoipiranga.com.br\/site\/wp-content\/uploads\/2020\/04\/5-dia-via-sacra-1-1024x819.jpg\" alt=\"\" class=\"wp-image-2148\" srcset=\"https:\/\/saojosedoipiranga.com.br\/new\/wp-content\/uploads\/2020\/04\/5-dia-via-sacra-1-1024x819.jpg 1024w, https:\/\/saojosedoipiranga.com.br\/new\/wp-content\/uploads\/2020\/04\/5-dia-via-sacra-1-300x240.jpg 300w, https:\/\/saojosedoipiranga.com.br\/new\/wp-content\/uploads\/2020\/04\/5-dia-via-sacra-1-768x614.jpg 768w, https:\/\/saojosedoipiranga.com.br\/new\/wp-content\/uploads\/2020\/04\/5-dia-via-sacra-1-1536x1228.jpg 1536w, https:\/\/saojosedoipiranga.com.br\/new\/wp-content\/uploads\/2020\/04\/5-dia-via-sacra-1-2048x1637.jpg 2048w\" sizes=\"(max-width: 1024px) 100vw, 1024px\" \/><\/figure>\n\n\n\n<p><strong>QUINTA ESTA\u00c7\u00c3O<\/strong><\/p>\n\n\n\n<p><em>O Ressuscitado reparte e doa o p<\/em>\u00e3o<\/p>\n\n\n\n<p><strong>C= <\/strong>N\u00f3s vos adoramos e vos bendizemos, Senhor Jesus Cristo!<\/p>\n\n\n\n<p><strong>T= Porque pela vossa santa P\u00e1scoa remistes o mundo!<br><\/strong> (erguendo as velas e n\u00e3o ajoelhando)<\/p>\n\n\n\n<p><strong><em>Leitor 1:<\/em><\/strong> &#8220;Quando chegaram perto do povoado para onde iam, Jesus fez de conta que ia mais adiante. Eles, por\u00e9m, insistiram com Jesus, dizendo: &#8220;Fica conosco, pois j\u00e1 \u00e9 tarde e a noite vem chegando.&#8221; Ent\u00e3o Jesus entrou para ficar com eles. Sentou-se \u00e0 mesa com os dois, tomou o p\u00e3o e aben\u00e7oou, depois o partiu e deu a eles.&#8221; (Lucas 24, 28-31)<\/p>\n\n\n\n<p><strong>C=<\/strong> Cai a noite, o dia termina, \u00e9 tarde. Os viajantes ficam em Ema\u00fas e convidam o peregrino desconhecido a ficar com eles. Descansam um pouco e ao redor da mesa querem repor as for\u00e7as. Na ceia, o peregrino misterioso aben\u00e7oa o p\u00e3o, reparte e entrega aos dois caminheiros. Neste momento, compreendem que \u00e9 Jesus o companheiro da viagem. De repente, aquele desconhecido \u00e9 reconhecido como o Senhor Jesus que repartiu o p\u00e3o e deu de beber no Cen\u00e1culo antes de morrer. Ele vive e se d\u00e1 como alimento.<\/p>\n\n\n\n<p><strong><em>Leitor 2:<\/em><\/strong> O mesmo Cristo que andava pelas ruas da Palestina participa de nossa vida diariamente. Como outrora aos disc\u00edpulos de Ema\u00fas, ele nos explica as Escrituras e parte o p\u00e3o para n\u00f3s. Sua presen\u00e7a marcante \u00e9 sentida na Eucaristia. Presen\u00e7a real, os olhos n\u00e3o percebem, mas o cora\u00e7\u00e3o de quem tem f\u00e9 percebe. Como em Ema\u00fas, tamb\u00e9m n\u00f3s clamamos, &#8220;Fica conosco, Senhor!&#8221;<\/p>\n\n\n\n<p>INTERCESS\u00c3O<\/p>\n\n\n\n<p><strong>C=<\/strong> Supliquemos ao Senhor, paciente e misericordioso, rico em gra\u00e7a e bom para com todos, dizendo:<br><strong>Dai-nos, Senhor, a vossa vida!<\/strong><\/p>\n\n\n\n<ul class=\"wp-block-list\"><li>Pelos n\u00e3o-cirst\u00e3os que trabalham pela justi\u00e7a e pela paz, para que lhes seja revelando todo o des\u00edgnio de amor do Pai, rezemos.<\/li><li>Por todos que sofrem e esperam um mundo novo, para que possam descobrir os sinais desse novo mundo no amor das pessoas que se ocupam deles, rezemos.<\/li><li>Pelos nossos entes queridos e que j\u00e1 passaram para a outra vida com a esperan\u00e7a da ressurrei\u00e7\u00e3o, e por n\u00f3s que confiamos reencontr\u00e1-los na vida e na alegria junto a v\u00f3s, n\u00f3s vos rogamos.<\/li><\/ul>\n\n\n\n<p><strong>C=<\/strong> Oremos.<\/p>\n\n\n\n<p><strong>Senhor, v\u00f3s que nos amais gratuitamente, fazei que nos amemos tamb\u00e9m entre n\u00f3s; que a fraternidade seja uma realidade em nossa sociedade e comunidade. Por Cristo, Nosso Senhor.<\/strong><\/p>\n\n\n\n<p><strong>T= Am\u00e9m.<\/strong><\/p>\n\n\n\n<p>C= Pela Ressurrei\u00e7\u00e3o de Cristo.<br><strong><em>T= Guardai-nos na Luz, \u00f3 Santa M\u00e3e do Senhor.<\/em><\/strong><\/p>\n\n    <div class=\"xs_social_share_widget xs_share_url after_content \t\tmain_content  wslu-style-1 wslu-share-box-shaped wslu-fill-colored wslu-none wslu-share-horizontal wslu-theme-font-no wslu-main_content\">\n\n\t\t\n        <ul>\n\t\t\t        <\/ul>\n    <\/div> \n","protected":false},"excerpt":{"rendered":"<p>QUINTA ESTA\u00c7\u00c3O O Ressuscitado reparte e doa o p\u00e3o C= N\u00f3s vos adoramos e vos bendizemos, Senhor Jesus Cristo! T= Porque pela vossa santa P\u00e1scoa remistes o mundo! (erguendo as&hellip; <br \/> <a class=\"read-more\" href=\"https:\/\/saojosedoipiranga.com.br\/new\/2020\/04\/22\/5%cb%9a-dia-da-via-sacra-da-ressurreicao\/\">Leia mais<\/a><\/p>\n","protected":false},"author":3,"featured_media":2148,"comment_status":"closed","ping_status":"closed","sticky":false,"template":"","format":"standard","meta":{"_vp_format_video_url":"","_vp_image_focal_point":[],"footnotes":""},"categories":[2,3,10],"tags":[89,157,177,183,315,316,411,422],"class_list":["post-2146","post","type-post","status-publish","format-standard","has-post-thumbnail","hentry","category-avisos_semanais","category-blog","category-noticias","tag-cristao","tag-fraternidade","tag-jesus","tag-jseus-cristo","tag-ressurre","tag-ressurreicao","tag-via-sacra-da-ressurreicao","tag-visa-sacra"],"_links":{"self":[{"href":"https:\/\/saojosedoipiranga.com.br\/new\/wp-json\/wp\/v2\/posts\/2146","targetHints":{"allow":["GET"]}}],"collection":[{"href":"https:\/\/saojosedoipiranga.com.br\/new\/wp-json\/wp\/v2\/posts"}],"about":[{"href":"https:\/\/saojosedoipiranga.com.br\/new\/wp-json\/wp\/v2\/types\/post"}],"author":[{"embeddable":true,"href":"https:\/\/saojosedoipiranga.com.br\/new\/wp-json\/wp\/v2\/users\/3"}],"replies":[{"embeddable":true,"href":"https:\/\/saojosedoipiranga.com.br\/new\/wp-json\/wp\/v2\/comments?post=2146"}],"version-history":[{"count":0,"href":"https:\/\/saojosedoipiranga.com.br\/new\/wp-json\/wp\/v2\/posts\/2146\/revisions"}],"wp:featuredmedia":[{"embeddable":true,"href":"https:\/\/saojosedoipiranga.com.br\/new\/wp-json\/wp\/v2\/media\/2148"}],"wp:attachment":[{"href":"https:\/\/saojosedoipiranga.com.br\/new\/wp-json\/wp\/v2\/media?parent=2146"}],"wp:term":[{"taxonomy":"category","embeddable":true,"href":"https:\/\/saojosedoipiranga.com.br\/new\/wp-json\/wp\/v2\/categories?post=2146"},{"taxonomy":"post_tag","embeddable":true,"href":"https:\/\/saojosedoipiranga.com.br\/new\/wp-json\/wp\/v2\/tags?post=2146"}],"curies":[{"name":"wp","href":"https:\/\/api.w.org\/{rel}","templated":true}]}}