{"id":2139,"date":"2020-04-22T14:57:58","date_gmt":"2020-04-22T17:57:58","guid":{"rendered":"http:\/\/saojosedoipiranga.com.br\/site\/?p=2139"},"modified":"2020-04-22T14:57:58","modified_gmt":"2020-04-22T17:57:58","slug":"4%cb%9a-dia-da-via-sacra-da-ressurreicao","status":"publish","type":"post","link":"https:\/\/saojosedoipiranga.com.br\/new\/2020\/04\/22\/4%cb%9a-dia-da-via-sacra-da-ressurreicao\/","title":{"rendered":"4\u02da dia da Via Sacra da Ressurrei\u00e7\u00e3o"},"content":{"rendered":"\n<figure class=\"wp-block-image size-large\"><img decoding=\"async\" src=\"http:\/\/saojosedoipiranga.com.br\/site\/wp-content\/uploads\/2020\/04\/4-dia-via-sacra-687x1024.jpg\" alt=\"\" class=\"wp-image-2144\"\/><\/figure>\n\n\n\n<p><strong>QUARTA ESTA\u00c7\u00c3O<\/strong><\/p>\n\n\n\n<p><em>O Ressuscitado caminha com os disc\u00edpulos de Ema\u00fas<\/em><\/p>\n\n\n\n<p><strong>C= <\/strong>N\u00f3s vos adoramos e vos bendizemos, Senhor Jesus Cristo!<\/p>\n\n\n\n<p><strong>T= Porque pela vossa santa P\u00e1scoa remistes o mundo!<br><\/strong> (erguendo as velas e n\u00e3o ajoelhando)<\/p>\n\n\n\n<p><strong><em>Leitor 1:<\/em><\/strong> &#8220;Ser\u00e1 que o Messias n\u00e3o devia sofrer tudo isso, para entrar na sua gl\u00f3ria? Ent\u00e3o, come\u00e7ando por Mois\u00e9s e continuando por todos os Profetas, Jesus explicava para os disc\u00edpulos todas as passagens da Escritura que falavam a respeito dele.&#8221;(Lucas 24, 26-27)<\/p>\n\n\n\n<p><strong>C=<\/strong> Na estrada que sai da capital Jerusal\u00e9m e segue para a aldeia de Ema\u00fas h\u00e1 dois amigos que caminham. Decepcionados pela morte de Jesus, frustados na esperan\u00e7a de que o Nazareno fosse o Salvador, eles falam da crucifica\u00e7\u00e3o do Mestre. Enquanto andam, um terceiro viajante junta-se a eles. Explica as Escrituras, faz o cora\u00e7\u00e3o daqueles peregrinos arder novamente. \u00c9 uma presen\u00e7a que torna a viagem menos tr\u00e1gica e devolve a esperan\u00e7a e a confian\u00e7a em Deus.<\/p>\n\n\n\n<p><strong><em>Leitor 2:<\/em><\/strong> Somos caminheiros na estrada da  vida. Peregrinos rumo \u00e0 casa do Pai, encontramos muitos desvios e obst\u00e1culos na viagem. H\u00e1 os cansados, os perdidos e at\u00e9 os apressados. A vida \u00e9 um caminho. Andar sem destino seria cair no abismo. Aonde vamos? Sem a presen\u00e7a de Jesus seria dif\u00edcil viver. Com ele, sabemos que vamos ao Pai e suas palavras nos estimulam a amar e esperar o encontro definitivo com Deus.<\/p>\n\n\n\n<p>INTERCESS\u00c3O<\/p>\n\n\n\n<p><strong>C=<\/strong> Em nosso caminho, cheio de incertezas  e dificuldades, Jesus nos revela seu mist\u00e9rio de cruz e de gl\u00f3ria. Digamos com f\u00e9:<br><strong>Ficai conosco, Senhor!<\/strong><\/p>\n\n\n\n<ul class=\"wp-block-list\"><li>Por todas as comunidades crist\u00e3s, pobres e ricas, fracas e fortes, de antiga tradi\u00e7\u00e3o ou de cria\u00e7\u00e3o recente, n\u00f3s vos rogamos.<\/li><li>Pelos que chegaram ao entardecer da vida e se sentem absolutamente abandonados por todos; pelos que est\u00e3o sozinhos e se consideram fracassados; pelos que est\u00e3o desanimados e perdendo a esperan\u00e7a, n\u00f3s vos rogamos.<\/li><li>Pelos nossos entes queridos e que j\u00e1 passaram para a outra vida com a esperan\u00e7a da ressurrei\u00e7\u00e3o, e por n\u00f3s que confiamos reencontr\u00e1-los na vida e na alegria junto a v\u00f3s, n\u00f3s vos rogamos.<\/li><\/ul>\n\n\n\n<p><strong>C=<\/strong> Oremos.<\/p>\n\n\n\n<p><strong>Senhor Jesus, que sintamos sempre arder nosso cora\u00e7\u00e3o quando nos falais, e saibamos reconhecer-vos misteriosamente presente em todos os homens; que vossa Igreja possa ser sempre a int\u00e9rprete aut\u00eantica da humanidade que vos busca e vos invoca como seu Salvador e Senhor, nos s\u00e9culos sem fim.<\/strong><\/p>\n\n\n\n<p><strong>T= Am\u00e9m.<\/strong><\/p>\n\n\n\n<p>C= Pela Ressurrei\u00e7\u00e3o de Cristo.<br><strong><em>T= Guardai-nos na Luz, \u00f3 Santa M\u00e3e do Senhor.<\/em><\/strong><\/p>\n\n    <div class=\"xs_social_share_widget xs_share_url after_content \t\tmain_content  wslu-style-1 wslu-share-box-shaped wslu-fill-colored wslu-none wslu-share-horizontal wslu-theme-font-no wslu-main_content\">\n\n\t\t\n        <ul>\n\t\t\t        <\/ul>\n    <\/div> \n","protected":false},"excerpt":{"rendered":"<p>QUARTA ESTA\u00c7\u00c3O O Ressuscitado caminha com os disc\u00edpulos de Ema\u00fas C= N\u00f3s vos adoramos e vos bendizemos, Senhor Jesus Cristo! T= Porque pela vossa santa P\u00e1scoa remistes o mundo! (erguendo&hellip; <br \/> <a class=\"read-more\" href=\"https:\/\/saojosedoipiranga.com.br\/new\/2020\/04\/22\/4%cb%9a-dia-da-via-sacra-da-ressurreicao\/\">Leia mais<\/a><\/p>\n","protected":false},"author":3,"featured_media":2144,"comment_status":"closed","ping_status":"closed","sticky":false,"template":"","format":"standard","meta":{"_vp_format_video_url":"","_vp_image_focal_point":[],"footnotes":""},"categories":[2,3,10],"tags":[177,179,276,316,409,411],"class_list":["post-2139","post","type-post","status-publish","format-standard","has-post-thumbnail","hentry","category-avisos_semanais","category-blog","category-noticias","tag-jesus","tag-jesus-cristo","tag-pascoa","tag-ressurreicao","tag-via-sacra","tag-via-sacra-da-ressurreicao"],"_links":{"self":[{"href":"https:\/\/saojosedoipiranga.com.br\/new\/wp-json\/wp\/v2\/posts\/2139","targetHints":{"allow":["GET"]}}],"collection":[{"href":"https:\/\/saojosedoipiranga.com.br\/new\/wp-json\/wp\/v2\/posts"}],"about":[{"href":"https:\/\/saojosedoipiranga.com.br\/new\/wp-json\/wp\/v2\/types\/post"}],"author":[{"embeddable":true,"href":"https:\/\/saojosedoipiranga.com.br\/new\/wp-json\/wp\/v2\/users\/3"}],"replies":[{"embeddable":true,"href":"https:\/\/saojosedoipiranga.com.br\/new\/wp-json\/wp\/v2\/comments?post=2139"}],"version-history":[{"count":0,"href":"https:\/\/saojosedoipiranga.com.br\/new\/wp-json\/wp\/v2\/posts\/2139\/revisions"}],"wp:featuredmedia":[{"embeddable":true,"href":"https:\/\/saojosedoipiranga.com.br\/new\/wp-json\/wp\/v2\/media\/2144"}],"wp:attachment":[{"href":"https:\/\/saojosedoipiranga.com.br\/new\/wp-json\/wp\/v2\/media?parent=2139"}],"wp:term":[{"taxonomy":"category","embeddable":true,"href":"https:\/\/saojosedoipiranga.com.br\/new\/wp-json\/wp\/v2\/categories?post=2139"},{"taxonomy":"post_tag","embeddable":true,"href":"https:\/\/saojosedoipiranga.com.br\/new\/wp-json\/wp\/v2\/tags?post=2139"}],"curies":[{"name":"wp","href":"https:\/\/api.w.org\/{rel}","templated":true}]}}