{"id":2136,"date":"2020-04-21T12:15:00","date_gmt":"2020-04-21T15:15:00","guid":{"rendered":"http:\/\/saojosedoipiranga.com.br\/site\/?p=2136"},"modified":"2020-04-21T12:15:00","modified_gmt":"2020-04-21T15:15:00","slug":"3%cb%9a-dia-da-via-sacra-da-ressurreicao","status":"publish","type":"post","link":"https:\/\/saojosedoipiranga.com.br\/new\/2020\/04\/21\/3%cb%9a-dia-da-via-sacra-da-ressurreicao\/","title":{"rendered":"3\u02da dia da Via Sacra da Ressurrei\u00e7\u00e3o"},"content":{"rendered":"\n<figure class=\"wp-block-image size-large\"><img decoding=\"async\" src=\"http:\/\/saojosedoipiranga.com.br\/site\/wp-content\/uploads\/2020\/04\/3-dia-via-sacra-787x1024.jpg\" alt=\"\" class=\"wp-image-2142\"\/><\/figure>\n\n\n\n<p style=\"font-size:30px\"><strong>TERCEIRA ESTA\u00c7\u00c3O<\/strong><\/p>\n\n\n\n<p class=\"has-medium-font-size\"><em>O Ressuscitado se manifesta a Maria Madalena<\/em><\/p>\n\n\n\n<p><strong>C= <\/strong>N\u00f3s vos adoramos e vos bendizemos, Senhor Jesus Cristo!<\/p>\n\n\n\n<p><strong>T= Porque pela vossa santa P\u00e1scoa remistes o mundo!<br><\/strong>     (erguendo as velas e n\u00e3o ajoelhando)<\/p>\n\n\n\n<p><strong><em>Leitor 1:<\/em><\/strong> &#8220;Ent\u00e3o Jesus disse: &#8220;Maria&#8221;. Ela virou-se e exclamou em hebraico: &#8220;Rabuni&#8221; (que quer dizer: Mestre). (Jo\u00e3o 20, 16)<\/p>\n\n\n\n<p><strong>C=<\/strong> Maria Madalena, tamb\u00e9m disc\u00edpula de Jesus, andava com o Mestre, Ela o viu curar os doentes, consolar os aflitos, alimentar as multid\u00f5es e perdoar os pecados. Na manh\u00e3 da P\u00e1scoa, ela vai ao t\u00famulo marcada pela dor da morte do seu Senhor. Seus olhos est\u00e3o fechados para a novidade. O Ressuscitado se manifesta a Madalena, mas ela n\u00e3o percebe sua presen\u00e7a. Somente quando ele a chama: &#8220;Maria&#8221;, ent\u00e3o caem-lhe as escamas da tristeza e pode enxergar a surpresa: Jesus Vive!<\/p>\n\n\n\n<p><strong><em>Leitor 2:<\/em><\/strong> Muitas vezes, estamos de tal modo abalados com as situa\u00e7\u00f5es da vida que parecemos cegos. N\u00e3o enxergamos a beleza dos fatos atrav\u00e9s dos quais Deus se comunica conosco. \u00c9 preciso ficar atento e perceber a ternura do Pai que se manifesta no meio de nossas desola\u00e7\u00f5es. Como para Madalena, tamb\u00e9m hoje Jesus se revela pr\u00f3ximo de n\u00f3s, solid\u00e1rio em nossas preocupa\u00e7\u00f5es e ang\u00fastias.<\/p>\n\n\n\n<p class=\"has-text-align-left has-medium-font-size\">INTERCESS\u00c3O<\/p>\n\n\n\n<p><strong>C=<\/strong> Jseus nos disse: Tudo o que pedires ao Pai em meu nome, ele vos dar\u00e1. Pe\u00e7amos com esp\u00edrito filial:<br><strong>Pai, escutai-nos!<\/strong><\/p>\n\n\n\n<ul class=\"wp-block-list\"><li>Para que em cada um de n\u00f3s e em nossas comunidades, a revela\u00e7\u00e3o do amor de Deus por n\u00f3s suscite energias de renova\u00e7\u00e3o, desejo de colabora\u00e7\u00e3o, alegria e comunh\u00e3o, rezemos.<\/li><li>Para que n\u00e3o fiquemos esperando que as pessoas venham procurar a Igreja, mas, sob o impulso do Esp\u00edrito, compreendamos a urg\u00eancia de partilhar com todos a mensagem da salva\u00e7\u00e3o, rezemos.<\/li><li>Para que tenhamos a coragem de perdoar as ofensas recebidas, tomando a iniciativa de ir ao encontro daquele que faltou e descobrir, com nosso amor, um modo de acolh\u00ea-lo, rezemos.<\/li><\/ul>\n\n\n\n<p><strong>C=<\/strong> Oremos.<\/p>\n\n\n\n<p><strong>Pai Santo, que nos quereis amigos e colabores, ajudai-nos a praticar vosso mandamento, e assim entrar cada vez mais profundamente na intimidade de amor e de obedi\u00eancia filial, pela qual v\u00f3s e o Filho vivem na unidade.<\/strong><\/p>\n\n\n\n<p><strong>T= Am\u00e9m.<\/strong><\/p>\n\n\n\n<p>C= Pela Ressurrei\u00e7\u00e3o de Cristo.<br><strong><em>T= Guardai-nos na Luz, \u00f3 Santa M\u00e3e do Senhor.<\/em><\/strong><\/p>\n\n    <div class=\"xs_social_share_widget xs_share_url after_content \t\tmain_content  wslu-style-1 wslu-share-box-shaped wslu-fill-colored wslu-none wslu-share-horizontal wslu-theme-font-no wslu-main_content\">\n\n\t\t\n        <ul>\n\t\t\t        <\/ul>\n    <\/div> \n","protected":false},"excerpt":{"rendered":"<p>TERCEIRA ESTA\u00c7\u00c3O O Ressuscitado se manifesta a Maria Madalena C= N\u00f3s vos adoramos e vos bendizemos, Senhor Jesus Cristo! T= Porque pela vossa santa P\u00e1scoa remistes o mundo! (erguendo as&hellip; <br \/> <a class=\"read-more\" href=\"https:\/\/saojosedoipiranga.com.br\/new\/2020\/04\/21\/3%cb%9a-dia-da-via-sacra-da-ressurreicao\/\">Leia mais<\/a><\/p>\n","protected":false},"author":3,"featured_media":2142,"comment_status":"closed","ping_status":"closed","sticky":false,"template":"","format":"standard","meta":{"_vp_format_video_url":"","_vp_image_focal_point":[],"footnotes":""},"categories":[2,3,10,12],"tags":[177,179,270,316,318,357,359,409,411],"class_list":["post-2136","post","type-post","status-publish","format-standard","has-post-thumbnail","hentry","category-avisos_semanais","category-blog","category-noticias","category-uncategorized","tag-jesus","tag-jesus-cristo","tag-paroquia-sao-jose-do-ipiranga","tag-ressurreicao","tag-ressurreicao-de-cristo","tag-sao-jose","tag-sao-jose-do-ipiranga","tag-via-sacra","tag-via-sacra-da-ressurreicao"],"_links":{"self":[{"href":"https:\/\/saojosedoipiranga.com.br\/new\/wp-json\/wp\/v2\/posts\/2136","targetHints":{"allow":["GET"]}}],"collection":[{"href":"https:\/\/saojosedoipiranga.com.br\/new\/wp-json\/wp\/v2\/posts"}],"about":[{"href":"https:\/\/saojosedoipiranga.com.br\/new\/wp-json\/wp\/v2\/types\/post"}],"author":[{"embeddable":true,"href":"https:\/\/saojosedoipiranga.com.br\/new\/wp-json\/wp\/v2\/users\/3"}],"replies":[{"embeddable":true,"href":"https:\/\/saojosedoipiranga.com.br\/new\/wp-json\/wp\/v2\/comments?post=2136"}],"version-history":[{"count":0,"href":"https:\/\/saojosedoipiranga.com.br\/new\/wp-json\/wp\/v2\/posts\/2136\/revisions"}],"wp:featuredmedia":[{"embeddable":true,"href":"https:\/\/saojosedoipiranga.com.br\/new\/wp-json\/wp\/v2\/media\/2142"}],"wp:attachment":[{"href":"https:\/\/saojosedoipiranga.com.br\/new\/wp-json\/wp\/v2\/media?parent=2136"}],"wp:term":[{"taxonomy":"category","embeddable":true,"href":"https:\/\/saojosedoipiranga.com.br\/new\/wp-json\/wp\/v2\/categories?post=2136"},{"taxonomy":"post_tag","embeddable":true,"href":"https:\/\/saojosedoipiranga.com.br\/new\/wp-json\/wp\/v2\/tags?post=2136"}],"curies":[{"name":"wp","href":"https:\/\/api.w.org\/{rel}","templated":true}]}}