{"id":1968,"date":"2019-11-02T09:22:00","date_gmt":"2019-11-02T12:22:00","guid":{"rendered":"http:\/\/saojosedoipiranga.com.br\/site\/?p=1968"},"modified":"2019-11-02T09:22:00","modified_gmt":"2019-11-02T12:22:00","slug":"a-morte-nao-e-nada","status":"publish","type":"post","link":"https:\/\/saojosedoipiranga.com.br\/new\/2019\/11\/02\/a-morte-nao-e-nada\/","title":{"rendered":"A morte n\u00e3o \u00e9 nada"},"content":{"rendered":"\n<p>2 de Novembro &#8211; dia dos fi\u00e9is defuntos<\/p>\n\n\n\n<h4 class=\"wp-block-heading\">Escrito por Santo Agostinho<\/h4>\n\n\n\n<p>Eu somente passei para o outro lado do Caminho.<br>Eu sou eu, voc\u00eas s\u00e3o voc\u00eas.<br>O que eu era para voc\u00eas, eu continuarei sendo.<br>Me d\u00eaem o nome que voc\u00eas sempre me deram, falem comigo como voc\u00eas sempre fizeram.<br>Voc\u00eas continuam vivendo no mundo das criaturas, eu estou vivendo no mundo do Criador.<br>N\u00e3o utilizem um tom solene ou triste, continuem a rir daquilo que nos fazia rir juntos.<br>Rezem, sorriam, pensem em mim. Rezem por mim.<br>Que meu nome seja pronunciado como sempre foi, sem \u00eanfase de nenhum tipo. Sem nenhum tra\u00e7o de sombra ou tristeza.<br>A vida significa tudo o que ela sempre significou.<br>O fio n\u00e3o foi cortado.<br>Porque eu estaria fora de seus pensamentos, agora que estou apenas fora de suas vistas?<br>Eu n\u00e3o estou longe, apenas estou do outro lado do Caminho&#8230;<br>Voc\u00ea que a\u00ed ficou, siga em frente&#8230;<br>A vida continua, linda e bela como sempre foi.<\/p>\n\n\n\n<p><strong>Por Eliana Galv\u00e1n Gil<\/strong><\/p>\n\n    <div class=\"xs_social_share_widget xs_share_url after_content \t\tmain_content  wslu-style-1 wslu-share-box-shaped wslu-fill-colored wslu-none wslu-share-horizontal wslu-theme-font-no wslu-main_content\">\n\n\t\t\n        <ul>\n\t\t\t        <\/ul>\n    <\/div> \n","protected":false},"excerpt":{"rendered":"<p>2 de Novembro &#8211; dia dos fi\u00e9is defuntos Escrito por Santo Agostinho Eu somente passei para o outro lado do Caminho.Eu sou eu, voc\u00eas s\u00e3o voc\u00eas.O que eu era para&hellip; <br \/> <a class=\"read-more\" href=\"https:\/\/saojosedoipiranga.com.br\/new\/2019\/11\/02\/a-morte-nao-e-nada\/\">Leia mais<\/a><\/p>\n","protected":false},"author":3,"featured_media":1971,"comment_status":"closed","ping_status":"closed","sticky":false,"template":"","format":"standard","meta":{"_vp_format_video_url":"","_vp_image_focal_point":[],"footnotes":""},"categories":[3],"tags":[91,110,146,220,221,270,347],"class_list":["post-1968","post","type-post","status-publish","format-standard","has-post-thumbnail","hentry","category-blog","tag-cristo","tag-dia-de-finados","tag-fieis-defuntos","tag-morrer","tag-morte","tag-paroquia-sao-jose-do-ipiranga","tag-santo-agostinho"],"_links":{"self":[{"href":"https:\/\/saojosedoipiranga.com.br\/new\/wp-json\/wp\/v2\/posts\/1968","targetHints":{"allow":["GET"]}}],"collection":[{"href":"https:\/\/saojosedoipiranga.com.br\/new\/wp-json\/wp\/v2\/posts"}],"about":[{"href":"https:\/\/saojosedoipiranga.com.br\/new\/wp-json\/wp\/v2\/types\/post"}],"author":[{"embeddable":true,"href":"https:\/\/saojosedoipiranga.com.br\/new\/wp-json\/wp\/v2\/users\/3"}],"replies":[{"embeddable":true,"href":"https:\/\/saojosedoipiranga.com.br\/new\/wp-json\/wp\/v2\/comments?post=1968"}],"version-history":[{"count":0,"href":"https:\/\/saojosedoipiranga.com.br\/new\/wp-json\/wp\/v2\/posts\/1968\/revisions"}],"wp:featuredmedia":[{"embeddable":true,"href":"https:\/\/saojosedoipiranga.com.br\/new\/wp-json\/wp\/v2\/media\/1971"}],"wp:attachment":[{"href":"https:\/\/saojosedoipiranga.com.br\/new\/wp-json\/wp\/v2\/media?parent=1968"}],"wp:term":[{"taxonomy":"category","embeddable":true,"href":"https:\/\/saojosedoipiranga.com.br\/new\/wp-json\/wp\/v2\/categories?post=1968"},{"taxonomy":"post_tag","embeddable":true,"href":"https:\/\/saojosedoipiranga.com.br\/new\/wp-json\/wp\/v2\/tags?post=1968"}],"curies":[{"name":"wp","href":"https:\/\/api.w.org\/{rel}","templated":true}]}}