{"id":1964,"date":"2019-10-31T21:13:00","date_gmt":"2019-11-01T00:13:00","guid":{"rendered":"http:\/\/saojosedoipiranga.com.br\/site\/?p=1964"},"modified":"2019-10-31T21:13:00","modified_gmt":"2019-11-01T00:13:00","slug":"dia-1o-de-novembro-solenidade-de-todos-os-santos","status":"publish","type":"post","link":"https:\/\/saojosedoipiranga.com.br\/new\/2019\/10\/31\/dia-1o-de-novembro-solenidade-de-todos-os-santos\/","title":{"rendered":"Dia 1\u00ba de Novembro SOLENIDADE DE TODOS OS SANTOS"},"content":{"rendered":"\n<figure class=\"wp-block-image size-large is-style-default\"><img fetchpriority=\"high\" decoding=\"async\" width=\"326\" height=\"512\" src=\"http:\/\/saojosedoipiranga.com.br\/site\/wp-content\/uploads\/2019\/10\/solenidade-de-todos-os-santos.jpg\" alt=\"\" class=\"wp-image-1965\" srcset=\"https:\/\/saojosedoipiranga.com.br\/new\/wp-content\/uploads\/2019\/10\/solenidade-de-todos-os-santos.jpg 326w, https:\/\/saojosedoipiranga.com.br\/new\/wp-content\/uploads\/2019\/10\/solenidade-de-todos-os-santos-191x300.jpg 191w\" sizes=\"(max-width: 326px) 100vw, 326px\" \/><\/figure>\n\n\n\n<p><em>Diz o Catecismo da Igreja Cat\u00f3lica: \u201cTodos os fi\u00e9is crist\u00e3os, de qualquer estado ou ordem, s\u00e3o chamados \u00e0 plenitude da vida crist\u00e3 e \u00e0 perfei\u00e7\u00e3o da caridade. Todos s\u00e3o chamados \u00e0 santidade: \u2018Deveis ser perfeitos como o vosso Pai celeste \u00e9 perfeito\u201d(Mt 5,48).<\/em><\/p>\n\n\n\n<p>A\nsantidade de muitos homens e mulheres do nosso tempo \u00e9 fruto da convers\u00e3o\nrealizada pelo Evangelho; n\u00e3o s\u00f3 daqueles que foram proclamados oficialmente\nsantos pela Igreja, mas tamb\u00e9m dos que, com simplicidade e no dia a dia da\nexist\u00eancia, deram testemunho da sua fidelidade a Cristo.<\/p>\n\n\n\n<p>Durante o ano, a Igreja celebra ou faz mem\u00f3ria de\num santo diariamente. Mas no dia 1\u00ba de novembro, ela re\u00fane-os todos numa festa\ncomum. Isso porque, mesmo entre os canonizados, muitos santos n\u00e3o t\u00eam um dia\nexclusivo para sua homenagem. Essa celebra\u00e7\u00e3o come\u00e7ou no s\u00e9culo III, na Igreja\ndo Oriente. J\u00e1 em Roma, a festa de Todos os Santos ocorreu pela primeira no dia\n13 de maio de 609, quando o papa Bonif\u00e1cio IV transformou o Pante\u00e3o, templo\ndedicado a todos os deuses pag\u00e3os do Olimpo, em uma igreja em honra \u00e0 Virgem\nMaria e a Todos os Santos.<\/p>\n\n\n\n<p>Pr\u00f3ximo do ano 800 houve a mudan\u00e7a do dia. Os\npag\u00e3os celtas entendiam o dia 1\u00ba de novembro como um dia de comemora\u00e7\u00e3o que\nanunciava o in\u00edcio do inverno. Quando eles se convertiam, queriam continuar com\na tradi\u00e7\u00e3o da festa. Assim, a venera\u00e7\u00e3o de Todos os Santos, lembrando os\ncrist\u00e3os que morreram em estado de gra\u00e7a, foi institu\u00edda no dia 1\u00ba de novembro.<\/p>\n\n\n\n<p>O papa Greg\u00f3rio IV, em 835, fixou e estendeu para\ntoda a Igreja a comemora\u00e7\u00e3o em 1\u00ba de novembro. Oficialmente, a mudan\u00e7a do dia\nda festa de Todos os Santos, de 13 de maio para 1\u00ba de novembro, s\u00f3 foi\ndecretada em 1475, pelo do papa Xisto IV.<\/p>\n\n\n\n<p>Mas quem s\u00e3o os santos? Santos s\u00e3o todos os que foram canonizados pela Igreja ao longo dos s\u00e9culos e tamb\u00e9m os que n\u00e3o foram e nem sequer a Igreja conhece o nome e que nos precederam em vida na terra perseverando na f\u00e9 em Cristo. Todos viveram na terra uma vida semelhante \u00e0 nossa. Batizados, marcados com o sinal da f\u00e9, fi\u00e9is aos ensinamentos de Cristo, eles precederam-nos na p\u00e1tria celeste. Nos primeiros s\u00e9culos, os crist\u00e3os praticavam o culto dos santos, a come\u00e7ar pelos m\u00e1rtires, por isto hoje vivemos esta tradi\u00e7\u00e3o, na qual nossa M\u00e3e Igreja convida-nos a contemplarmos os nossos \u201cher\u00f3is\u201d da f\u00e9, esperan\u00e7a e caridade.<\/p>\n\n\n\n<p><em> Fonte:<strong> <\/strong>Prov\u00edncia Franciscana da Imaculada Concei\u00e7\u00e3o do Brasil.<br> Franciscanos.org.br  <\/em><\/p>\n\n\n\n<p><strong>Por: Eliana Galv\u00e1n Gil<\/strong><\/p>\n\n    <div class=\"xs_social_share_widget xs_share_url after_content \t\tmain_content  wslu-style-1 wslu-share-box-shaped wslu-fill-colored wslu-none wslu-share-horizontal wslu-theme-font-no wslu-main_content\">\n\n\t\t\n        <ul>\n\t\t\t        <\/ul>\n    <\/div> \n","protected":false},"excerpt":{"rendered":"<p>Diz o Catecismo da Igreja Cat\u00f3lica: \u201cTodos os fi\u00e9is crist\u00e3os, de qualquer estado ou ordem, s\u00e3o chamados \u00e0 plenitude da vida crist\u00e3 e \u00e0 perfei\u00e7\u00e3o da caridade. Todos s\u00e3o chamados&hellip; <br \/> <a class=\"read-more\" href=\"https:\/\/saojosedoipiranga.com.br\/new\/2019\/10\/31\/dia-1o-de-novembro-solenidade-de-todos-os-santos\/\">Leia mais<\/a><\/p>\n","protected":false},"author":3,"featured_media":1965,"comment_status":"closed","ping_status":"closed","sticky":false,"template":"","format":"standard","meta":{"_vp_format_video_url":"","_vp_image_focal_point":[],"footnotes":""},"categories":[3],"tags":[111,138,147,148,165,252,270,351,392,415],"class_list":["post-1964","post","type-post","status-publish","format-standard","has-post-thumbnail","hentry","category-blog","tag-dia-de-todos-os-santos","tag-evangelho","tag-fiel","tag-fiel-cristao","tag-igreja","tag-pagaos","tag-paroquia-sao-jose-do-ipiranga","tag-santos","tag-solenidade","tag-vida-crista"],"_links":{"self":[{"href":"https:\/\/saojosedoipiranga.com.br\/new\/wp-json\/wp\/v2\/posts\/1964","targetHints":{"allow":["GET"]}}],"collection":[{"href":"https:\/\/saojosedoipiranga.com.br\/new\/wp-json\/wp\/v2\/posts"}],"about":[{"href":"https:\/\/saojosedoipiranga.com.br\/new\/wp-json\/wp\/v2\/types\/post"}],"author":[{"embeddable":true,"href":"https:\/\/saojosedoipiranga.com.br\/new\/wp-json\/wp\/v2\/users\/3"}],"replies":[{"embeddable":true,"href":"https:\/\/saojosedoipiranga.com.br\/new\/wp-json\/wp\/v2\/comments?post=1964"}],"version-history":[{"count":0,"href":"https:\/\/saojosedoipiranga.com.br\/new\/wp-json\/wp\/v2\/posts\/1964\/revisions"}],"wp:featuredmedia":[{"embeddable":true,"href":"https:\/\/saojosedoipiranga.com.br\/new\/wp-json\/wp\/v2\/media\/1965"}],"wp:attachment":[{"href":"https:\/\/saojosedoipiranga.com.br\/new\/wp-json\/wp\/v2\/media?parent=1964"}],"wp:term":[{"taxonomy":"category","embeddable":true,"href":"https:\/\/saojosedoipiranga.com.br\/new\/wp-json\/wp\/v2\/categories?post=1964"},{"taxonomy":"post_tag","embeddable":true,"href":"https:\/\/saojosedoipiranga.com.br\/new\/wp-json\/wp\/v2\/tags?post=1964"}],"curies":[{"name":"wp","href":"https:\/\/api.w.org\/{rel}","templated":true}]}}