{"id":1892,"date":"2019-09-30T20:37:00","date_gmt":"2019-09-30T23:37:00","guid":{"rendered":"http:\/\/saojosedoipiranga.com.br\/site\/?p=1892"},"modified":"2019-09-30T20:37:00","modified_gmt":"2019-09-30T23:37:00","slug":"santa-teresinha-do-menino-jesus-e-da-sagrada-face-doutora-da-igreja","status":"publish","type":"post","link":"https:\/\/saojosedoipiranga.com.br\/new\/2019\/09\/30\/santa-teresinha-do-menino-jesus-e-da-sagrada-face-doutora-da-igreja\/","title":{"rendered":"Santa Teresinha do Menino Jesus e da Sagrada Face, Doutora da Igreja."},"content":{"rendered":"\n<figure class=\"wp-block-image size-large\"><img fetchpriority=\"high\" decoding=\"async\" width=\"680\" height=\"378\" src=\"http:\/\/saojosedoipiranga.com.br\/site\/wp-content\/uploads\/2019\/09\/santa-terezinha-do-menino-jesus.jpg\" alt=\"\" class=\"wp-image-1895\" srcset=\"https:\/\/saojosedoipiranga.com.br\/new\/wp-content\/uploads\/2019\/09\/santa-terezinha-do-menino-jesus.jpg 680w, https:\/\/saojosedoipiranga.com.br\/new\/wp-content\/uploads\/2019\/09\/santa-terezinha-do-menino-jesus-300x167.jpg 300w\" sizes=\"(max-width: 680px) 100vw, 680px\" \/><\/figure>\n\n\n\n<p>Santa\nTerezinha ou tamb\u00e9m Teresa de Lisieux nasceu em Alen\u00e7on e morreu quando tinha\n24 anos no dia 30 de setembro de 1897 em Lisieux (Fran\u00e7a). <\/p>\n\n\n\n<p>Muito\nimportante \u00e9 mencionar &nbsp;aqui os nomes de\nseus pais, pois foram canonizados pelo Papa Francisco em outubro de 2015, <strong><em>S\u00e3o\nLu\u00eds Martin e Santa Z\u00e9lia Gu\u00e9rin<\/em><\/strong><em>,<\/em>\no primeiro casal a ser canonizado em uma mesma cerim\u00f4nia na Hist\u00f3ria da Igreja. <\/p>\n\n\n\n<p>Eles tiveram nove filhos, quatro dos quais\nmorreram na inf\u00e2ncia; e Terezinha era a ca\u00e7ula das 5 irm\u00e3s; depois da morte de sua\nm\u00e3e Z\u00e9lia em 1877, uma tia cuidou das meninas. Todas elas entraram para o\nCarmelo: Maria, Paulina, Le\u00f4nia, e Celina; tamb\u00e9m Terezinha quis entrar e\nprecisou de autoriza\u00e7\u00e3o especial do Papa da \u00e9poca por que tinha apenas 15 anos.\n&nbsp;<\/p>\n\n\n\n<figure class=\"wp-block-image size-large\"><img decoding=\"async\" width=\"729\" height=\"514\" src=\"http:\/\/saojosedoipiranga.com.br\/site\/wp-content\/uploads\/2019\/09\/teresalisieux.jpg\" alt=\"\" class=\"wp-image-1897\" srcset=\"https:\/\/saojosedoipiranga.com.br\/new\/wp-content\/uploads\/2019\/09\/teresalisieux.jpg 729w, https:\/\/saojosedoipiranga.com.br\/new\/wp-content\/uploads\/2019\/09\/teresalisieux-300x212.jpg 300w\" sizes=\"(max-width: 729px) 100vw, 729px\" \/><\/figure>\n\n\n\n<h4 class=\"wp-block-heading\">A seguir fragmentos da &nbsp;Homilia do Papa Jo\u00e3o Paulo II por ocasi\u00e3o da atribui\u00e7\u00e3o do t\u00edtulo de Doutora da Igreja a Santa Teresa do Menino Jesus e da Santa Face.<\/h4>\n\n\n\n<p><em>&#8230; <\/em>\u201cTeresa Martin, Carmelita descal\u00e7a de\nLisieux, desejava ardentemente ser mission\u00e1ria. E foi-o, a ponto de poder ser\nproclamada Padroeira das Miss\u00f5es. O pr\u00f3prio Jesus lhe mostrou como haveria de\nviver essa voca\u00e7\u00e3o: praticando em plenitude o mandamento do amor, haveria de\nimergir-se no cora\u00e7\u00e3o mesmo da miss\u00e3o da Igreja, sustentando os anunciadores do\nEvangelho com a for\u00e7a misteriosa da ora\u00e7\u00e3o e da comunh\u00e3o. Assim, ela realizava\nquanto \u00e9 ressaltado pelo Conc\u00edlio Vaticano II, quando ensina que a Igreja \u00e9\nmission\u00e1ria por sua natureza (cf. <a href=\"http:\/\/www.vatican.va\/archive\/hist_councils\/ii_vatican_council\/documents\/vat-ii_decree_19651207_ad-gentes_po.html\"><em>Ad\ngentes<\/em><\/a>, 2). N\u00e3o s\u00f3 aqueles que optam pela vida mission\u00e1ria, mas todos\nos batizados s\u00e3o de algum modo enviados <em>ad\ngentes<\/em>.\u201d <\/p>\n\n\n\n<p>&#8230;\u201cPor este motivo eu quis escolher este domingo\nmission\u00e1rio para proclamar Santa Teresa do Menino Jesus e da Santa Face Doutora\nda Igreja Universal: uma mulher, uma jovem, uma contemplativa.\u201d <\/p>\n\n\n\n<p>&#8230;\u201cSanta Teresa de Lisieux n\u00e3o p\u00f4de frequentar\numa Universidade e nem sequer os estudos sistem\u00e1ticos. Morreu jovem:\nentretanto, a partir de hoje ser\u00e1 honrada como Doutora da Igreja, qualificado\nreconhecimento que a eleva na considera\u00e7\u00e3o da inteira comunidade crist\u00e3, muito\npara al\u00e9m de quanto possa faz\u00ea-lo um \u00abt\u00edtulo acad\u00eamico\u00bb.\u201d<\/p>\n\n\n\n<p>&#8230;\u201cQuando o Magist\u00e9rio proclama algu\u00e9m Doutor da\nIgreja, tem em vista indicar a todos os fi\u00e9is, e de modo especial a quantos na\nIgreja prestam o fundamental servi\u00e7o da prega\u00e7\u00e3o ou exercem a delicada tarefa da\ninvestiga\u00e7\u00e3o e do ensino teol\u00f3gico, que a doutrina professada e proclamada por\numa determinada pessoa pode ser um ponto de refer\u00eancia, n\u00e3o s\u00f3 porque est\u00e1 em\nconformidade com a Verdade revelada, mas tamb\u00e9m porque traz nova luz acerca dos\nmist\u00e9rios da f\u00e9, uma compreens\u00e3o mais profunda do mist\u00e9rio de Cristo.\u201d<\/p>\n\n\n\n<p>&#8230;\u201cO caminho que percorreu para chegar a este\nideal de vida n\u00e3o \u00e9 o dos grandes empreendimentos reservados a um pequeno\nn\u00famero, mas, ao contr\u00e1rio, uma via ao alcance\nde todos, a \u00abpequena via\u00bb, caminho da confian\u00e7a e do abandono total de si mesma\n\u00e0 gra\u00e7a do Senhor. N\u00e3o se trata de uma via a ser banalizada, como se fosse\nmenos exigente. Na realidade ela \u00e9 exigente, como o \u00e9 sempre o Evangelho. Mas \u00e9\numa via impregnada do sentido do abandono confiante \u00e0 miseric\u00f3rdia divina, que\ntorna suave at\u00e9 mesmo o mais rigoroso empenho espiritual.\u201d<\/p>\n\n\n\n<p>&nbsp;Jo\u00e3o Paulo II &#8211;&nbsp; <em>Domingo, 19 de Outubro de 1997<\/em> <em>Dia Mundial das Miss\u00f5es<\/em><\/p>\n\n\n\n<figure class=\"wp-block-image size-large\"><img decoding=\"async\" width=\"816\" height=\"1024\" src=\"http:\/\/saojosedoipiranga.com.br\/site\/wp-content\/uploads\/2019\/09\/santa-terezinha-816x1024.jpg\" alt=\"\" class=\"wp-image-1896\" srcset=\"https:\/\/saojosedoipiranga.com.br\/new\/wp-content\/uploads\/2019\/09\/santa-terezinha-816x1024.jpg 816w, https:\/\/saojosedoipiranga.com.br\/new\/wp-content\/uploads\/2019\/09\/santa-terezinha-239x300.jpg 239w, https:\/\/saojosedoipiranga.com.br\/new\/wp-content\/uploads\/2019\/09\/santa-terezinha-768x964.jpg 768w, https:\/\/saojosedoipiranga.com.br\/new\/wp-content\/uploads\/2019\/09\/santa-terezinha.jpg 966w\" sizes=\"(max-width: 816px) 100vw, 816px\" \/><\/figure>\n\n\n\n<p><strong>Por: Eliana Galv\u00e1n Gil<\/strong><\/p>\n\n    <div class=\"xs_social_share_widget xs_share_url after_content \t\tmain_content  wslu-style-1 wslu-share-box-shaped wslu-fill-colored wslu-none wslu-share-horizontal wslu-theme-font-no wslu-main_content\">\n\n\t\t\n        <ul>\n\t\t\t        <\/ul>\n    <\/div> \n","protected":false},"excerpt":{"rendered":"<p>Santa Terezinha ou tamb\u00e9m Teresa de Lisieux nasceu em Alen\u00e7on e morreu quando tinha 24 anos no dia 30 de setembro de 1897 em Lisieux (Fran\u00e7a). Muito importante \u00e9 mencionar&hellip; <br \/> <a class=\"read-more\" href=\"https:\/\/saojosedoipiranga.com.br\/new\/2019\/09\/30\/santa-teresinha-do-menino-jesus-e-da-sagrada-face-doutora-da-igreja\/\">Leia mais<\/a><\/p>\n","protected":false},"author":3,"featured_media":1900,"comment_status":"closed","ping_status":"closed","sticky":false,"template":"","format":"standard","meta":{"_vp_format_video_url":"","_vp_image_focal_point":[],"footnotes":""},"categories":[3],"tags":[41,121,259,262,340,341,342,399],"class_list":["post-1892","post","type-post","status-publish","format-standard","has-post-thumbnail","hentry","category-blog","tag-beatificacao","tag-doutora-da-igreja","tag-papa","tag-papa-joao-paulo-ii","tag-santa-teresa-do-menino-jesus-e-da-santa-face","tag-santa-teresinha","tag-santa-teresinha-do-menino-jesus","tag-teresa-de-lisieux"],"_links":{"self":[{"href":"https:\/\/saojosedoipiranga.com.br\/new\/wp-json\/wp\/v2\/posts\/1892","targetHints":{"allow":["GET"]}}],"collection":[{"href":"https:\/\/saojosedoipiranga.com.br\/new\/wp-json\/wp\/v2\/posts"}],"about":[{"href":"https:\/\/saojosedoipiranga.com.br\/new\/wp-json\/wp\/v2\/types\/post"}],"author":[{"embeddable":true,"href":"https:\/\/saojosedoipiranga.com.br\/new\/wp-json\/wp\/v2\/users\/3"}],"replies":[{"embeddable":true,"href":"https:\/\/saojosedoipiranga.com.br\/new\/wp-json\/wp\/v2\/comments?post=1892"}],"version-history":[{"count":0,"href":"https:\/\/saojosedoipiranga.com.br\/new\/wp-json\/wp\/v2\/posts\/1892\/revisions"}],"wp:featuredmedia":[{"embeddable":true,"href":"https:\/\/saojosedoipiranga.com.br\/new\/wp-json\/wp\/v2\/media\/1900"}],"wp:attachment":[{"href":"https:\/\/saojosedoipiranga.com.br\/new\/wp-json\/wp\/v2\/media?parent=1892"}],"wp:term":[{"taxonomy":"category","embeddable":true,"href":"https:\/\/saojosedoipiranga.com.br\/new\/wp-json\/wp\/v2\/categories?post=1892"},{"taxonomy":"post_tag","embeddable":true,"href":"https:\/\/saojosedoipiranga.com.br\/new\/wp-json\/wp\/v2\/tags?post=1892"}],"curies":[{"name":"wp","href":"https:\/\/api.w.org\/{rel}","templated":true}]}}