{"id":1862,"date":"2019-09-22T20:36:00","date_gmt":"2019-09-22T23:36:00","guid":{"rendered":"http:\/\/saojosedoipiranga.com.br\/site\/?p=1862"},"modified":"2019-09-22T20:36:00","modified_gmt":"2019-09-22T23:36:00","slug":"os-tres-misterios-da-morte-de-padre-pio","status":"publish","type":"post","link":"https:\/\/saojosedoipiranga.com.br\/new\/2019\/09\/22\/os-tres-misterios-da-morte-de-padre-pio\/","title":{"rendered":"Os tr\u00eas mist\u00e9rios da morte de Padre Pio"},"content":{"rendered":"\n<p>Padre Pio de Pietrelcina, nascido Francesco Forgione, OFM, sacerdote\ncat\u00f3lico italiano, da Ordem dos Frades Menores Capuchinhos, elevado a santo\npela Igreja Cat\u00f3lica como S\u00e3o Pio de Pietrelcina. <\/p>\n\n\n\n<p><a href=\"https:\/\/www.google.com\/search?q=padre+pio+nascimento&amp;stick=H4sIAAAAAAAAAOPgE-LUz9U3MCxLyzLXEstOttIvSM0vyEkFUkXF-XlWSflFeQAHIEPWJQAAAA&amp;sa=X&amp;ved=2ahUKEwiZmrGqn8XdAhUEx5AKHXhGACwQ6BMoADAhegQICRAq\">Nascimento<\/a>: 25 de\nmaio de 1887, <a href=\"https:\/\/www.google.com\/search?q=padre+pio+&amp;stick=H4sIAAAAAAAAAOPgE-LUz9U3MCxLyzJXAjPNjHLNq7TEspOt9AtS8wtyUoFUUXF-nlVSflEeAIZasmkwAAAA&amp;sa=X&amp;ved=2ahUKEwiZmrGqn8XdAhUEx5AKHXhGACwQmxMoATAhegQICRAr\">Pietrelcina, It\u00e1lia<\/a><\/p>\n\n\n\n<p><a href=\"https:\/\/www.google.com\/search?q=padre+pio+falecimento&amp;stick=H4sIAAAAAAAAAOPgE-LUz9U3MCxLyzLXks9OttIvSM0vyEnVT0lNTk0sTk2JL0gtKs7Ps0rJTE0BAPzU1gMuAAAA&amp;sa=X&amp;ved=2ahUKEwiZmrGqn8XdAhUEx5AKHXhGACwQ6BMoADAiegQICRAu\">Falecimento<\/a>: 23 de\nsetembro de 1968, <a href=\"https:\/\/www.google.com\/search?q=padre+pio+&amp;stick=H4sIAAAAAAAAAOPgE-LUz9U3MCxLyzJXAjPNzKriTbXks5Ot9AtS8wtyUvVTUpNTE4tTU-ILUouK8_OsUjJTUwDuqkKSOQAAAA&amp;sa=X&amp;ved=2ahUKEwiZmrGqn8XdAhUEx5AKHXhGACwQmxMoATAiegQICRAv\">San Giovanni Rotondo, It\u00e1lia<\/a><\/p>\n\n\n\n<p><a href=\"https:\/\/www.google.com\/search?q=padre+pio+sepultamento&amp;stick=H4sIAAAAAAAAAOPgE-LUz9U3MCxLyzLXUsxOttIvSM0vyEnVT0lNTk0sTk2JL0gtKs7Ps0oqLcpMTQEAvbXQ1jAAAAA&amp;sa=X&amp;ved=2ahUKEwiZmrGqn8XdAhUEx5AKHXhGACwQ6BMoADAkegQICRA1\">Sepultamento<\/a>: 26 de setembro de 1968, <a href=\"https:\/\/www.google.com\/search?q=padre+pio+igreja+de+santa+maria+das+gra%C3%A7as,+san+giovanni+rotondo&amp;stick=H4sIAAAAAAAAAOPgE-LUz9U3MCxLyzJX4tVP1zc0TDJLrrRMzsrSUsxOttIvSM0vyEnVT0lNTk0sTk2JL0gtKs7Ps0oqLcpMTQEA4J-OcD8AAAA&amp;sa=X&amp;ved=2ahUKEwiZmrGqn8XdAhUEx5AKHXhGACwQmxMoATAkegQICRA2\">Igreja de Santa Maria das Gra\u00e7as, San Giovanni Rotondo<\/a><\/p>\n\n\n\n<figure class=\"wp-block-image size-large\"><img fetchpriority=\"high\" decoding=\"async\" width=\"750\" height=\"271\" src=\"http:\/\/saojosedoipiranga.com.br\/site\/wp-content\/uploads\/2019\/09\/padre-pio-e-papa-francisco-1.jpg\" alt=\"\" class=\"wp-image-1864\" srcset=\"https:\/\/saojosedoipiranga.com.br\/new\/wp-content\/uploads\/2019\/09\/padre-pio-e-papa-francisco-1.jpg 750w, https:\/\/saojosedoipiranga.com.br\/new\/wp-content\/uploads\/2019\/09\/padre-pio-e-papa-francisco-1-300x108.jpg 300w\" sizes=\"(max-width: 750px) 100vw, 750px\" \/><figcaption> Papa Francisco neste pr\u00f3ximo s\u00e1bado, dia 17 de mar\u00e7o, ir\u00e1 a San Giovanni Rotondo <br>para rezar diante do corpo de Padre Pio. Sua visita consistir\u00e1 em rezar pelo dom <br>deste grande santo, mas tamb\u00e9m para encontrar-se com jovens, crian\u00e7as <br>enfermos, colaboradores do hospital e religiosos. <\/figcaption><\/figure>\n\n\n\n<p><strong>Cidade do Vaticano<\/strong><\/p>\n\n\n\n<p>Para falar do centen\u00e1rio dos estigmas de <strong>Padre Pio<\/strong>, um dos temas\natuais nestes \u00faltimos dias, e dos tr\u00eas grandes mist\u00e9rios deste santo, <strong>Debora\nDonnini<\/strong> entrevistou <strong>Stefano Campanella <\/strong>diretor de Tele Radio Padre\nPio.<\/p>\n\n\n\n<p><strong>Esta visita do Papa Francisco tem o centro nos estigmas. Como Padre Pio\nviveu os estigmas?<\/strong><\/p>\n\n\n\n<p>Tudo come\u00e7a a partir do momento em que Padre Pio foi ordenado sacerdote\nem 10 de agosto de 1910. Naquela ocasi\u00e3o, ele preparou uma pequena imagem de\nlembran\u00e7a na qual ele escreveu na m\u00e3o que queria ser como Jesus: um sacerdote\nsanto e uma v\u00edtima perfeita. Ent\u00e3o, de suas cartas, descobrimos que ele havia\nfeito v\u00e1rias vezes a oferta de si mesmo ao Senhor para obter a convers\u00e3o dos\npecadores e a purifica\u00e7\u00e3o das almas no Purgat\u00f3rio. Poucas semanas ap\u00f3s essa\noferta de si mesmo, o Senhor lhe respondeu a Pietrelcina, exatamente no\ndistrito de Piana Romana que ser\u00e1 visitado pelo Papa, enquanto rezava sob um\nolmo, atrav\u00e9s do dom dos estigmas.<\/p>\n\n\n\n<p>Ent\u00e3o, como ele estava confuso com esses sinais vis\u00edveis, ele pediu ao Senhor para que os sinais vis\u00edveis desaparecessem e deixassem apenas a dor. Isso aconteceu por alguns anos. Ent\u00e3o, em 20 de setembro de 1918, os estigmas voltaram a se tornar vis\u00edveis e permaneceram ao longo de sua vida; desapareceu gradualmente nos \u00faltimos meses antes da sua morte. Quando foi a realizada inspe\u00e7\u00e3o no corpo de Padre Pio, imediatamente ap\u00f3s sua morte, o m\u00e9dico assistente, que tamb\u00e9m era o prefeito de Pietrelcina, Professor Sala, observou que os estigmas haviam desaparecido completamente sem deixar nenhum tra\u00e7o de cicatriz. Isto, de acordo com a ci\u00eancia, \u00e9 chamado de absurdo fisiopatol\u00f3gico.<\/p>\n\n\n\n<p><strong>Quanto aos estigmas do padre Pio, tanto S\u00e3o Jo\u00e3o Paulo II quanto Bento XVI se concentraram nesse aspecto, falando precisamente da oferta de si mesmo que Padre Pio fez em semelhan\u00e7a \u00e0 Cristo. Algumas vozes no passado, no entanto, expressaram perplexidade. Voc\u00ea teve a oportunidade de estudar a quest\u00e3o completamente. Que ideia foi feita?<\/strong><\/p>\n\n\n\n<p>Devo dizer com um pouco de lamenta\u00e7\u00e3o que as vozes que expressaram\nperplexidade sobre a autenticidade dos estigmas do padre Pio, foram\ncaracterizadas pela falta de consci\u00eancia de tudo o que era o aprofundamento que\na Igreja queria fazer para verificar a confiabilidade do fen\u00f4meno. Em 1919,\ntr\u00eas m\u00e9dicos vieram ver os estigmas do Padre Pio, por ordem dos principais\nsuperiores da ordem e tamb\u00e9m do Santo Of\u00edcio, que produziu tr\u00eas relat\u00f3rios; Um\nsegundo relat\u00f3rio datado de 1925 foi feito por um dos tr\u00eas m\u00e9dicos.<\/p>\n\n\n\n<p>De todos esses relat\u00f3rios surge a autenticidade do fen\u00f4meno. Dois dos\ntr\u00eas m\u00e9dicos o chamavam de fen\u00f4meno cientificamente inexplic\u00e1vel; O terceiro, o\nprofessor Amico Bignami da Universidade La Sapienza de Roma, pediu um\nexperimento: envolvendo as m\u00e3os do Padre Pio por oito dias, impedindo-o de usar\nqualquer subst\u00e2ncia para manter os estigmas vivos. Ele garantiu que depois de\noito dias eles seriam curados. Este experimento foi realizado gra\u00e7as a tr\u00eas\nfrades que enfaixaram as m\u00e3os e os p\u00e9s de Padre Pio; Ap\u00f3s oito dias, os\nestigmas estavam sangrando mais do que antes.<\/p>\n\n\n\n<p><strong>O senhor acabou de publicar um livro: &#8220;Os Tr\u00eas Mist\u00e9rios do Padre\nPio&#8221;, no qual se concentra em tr\u00eas circunst\u00e2ncias muito particulares\nrelacionadas \u00e0 morte de S\u00e3o Pio de Pietrelcina &#8230;<\/strong><\/p>\n\n\n\n<p>O primeiro mist\u00e9rio, atrav\u00e9s de uma s\u00e9rie de testemunhos, alguns dos\nquais in\u00e9ditos, consegui reconstruir antes de tudo que Padre Pio conhecia o\nmomento exato de sua morte.<\/p>\n\n\n\n<p>O segundo mist\u00e9rio, no entanto, do qual n\u00e3o h\u00e1 vest\u00edgio de novidade,\nembora tenha sido publicado apenas na Positio do julgamento em um \u00fanico livro,\ndiz respeito \u00e0 possibilidade de ter concedido a uma de suas filhas espirituais\nde testemunhar a sua morte, apesar de n\u00e3o estar fisicamente no convento, porque\nquando Padre Pio morreu, estava no seu claustro.<\/p>\n\n\n\n<p>O terceiro mist\u00e9rio diz respeito ao desaparecimento dos estigmas sem deixar cicatrizes, porque cada ferida &#8211; dizem os m\u00e9dicos &#8211; quando \u00e9 produzida, desencadeia automaticamente um processo de reconstru\u00e7\u00e3o com tecido cicatricial. Em vez disso, quando a inspe\u00e7\u00e3o foi realizada no corpo de Padre Pio ap\u00f3s sua morte, descobriu-se que seus estigmas &#8211; atestados em sua autenticidade por tr\u00eas m\u00e9dicos &#8211; haviam desaparecido, sem cicatrizes. <\/p>\n\n\n\n<ul class=\"wp-block-gallery columns-2 is-cropped wp-block-gallery-1 is-layout-flex wp-block-gallery-is-layout-flex\"><li class=\"blocks-gallery-item\"><figure><img decoding=\"async\" src=\"http:\/\/saojosedoipiranga.com.br\/site\/wp-content\/uploads\/2019\/09\/padre-pio-1.jpg\" alt=\"\" data-id=\"1876\" data-link=\"http:\/\/saojosedoipiranga.com.br\/site\/?attachment_id=1876\" class=\"wp-image-1876\"\/><\/figure><\/li><li class=\"blocks-gallery-item\"><figure><img decoding=\"async\" width=\"434\" height=\"484\" src=\"http:\/\/saojosedoipiranga.com.br\/site\/wp-content\/uploads\/2019\/09\/padre-pio1-1.jpg\" alt=\"\" data-id=\"1877\" data-link=\"http:\/\/saojosedoipiranga.com.br\/site\/?attachment_id=1877\" class=\"wp-image-1877\" srcset=\"https:\/\/saojosedoipiranga.com.br\/new\/wp-content\/uploads\/2019\/09\/padre-pio1-1.jpg 434w, https:\/\/saojosedoipiranga.com.br\/new\/wp-content\/uploads\/2019\/09\/padre-pio1-1-269x300.jpg 269w\" sizes=\"(max-width: 434px) 100vw, 434px\" \/><\/figure><\/li><\/ul>\n\n\n\n<p> Fonte: VATICAN NEWS <\/p>\n\n\n\n<figure class=\"wp-block-image size-large\"><img decoding=\"async\" width=\"680\" height=\"378\" src=\"http:\/\/saojosedoipiranga.com.br\/site\/wp-content\/uploads\/2019\/09\/PioPietrelcina_23Septiembre-2.jpg\" alt=\"\" class=\"wp-image-1874\" srcset=\"https:\/\/saojosedoipiranga.com.br\/new\/wp-content\/uploads\/2019\/09\/PioPietrelcina_23Septiembre-2.jpg 680w, https:\/\/saojosedoipiranga.com.br\/new\/wp-content\/uploads\/2019\/09\/PioPietrelcina_23Septiembre-2-300x167.jpg 300w\" sizes=\"(max-width: 680px) 100vw, 680px\" \/><\/figure>\n\n\n\n<p> <strong>Por: Eliana Galv\u00e1n Gil<\/strong> <\/p>\n\n    <div class=\"xs_social_share_widget xs_share_url after_content \t\tmain_content  wslu-style-1 wslu-share-box-shaped wslu-fill-colored wslu-none wslu-share-horizontal wslu-theme-font-no wslu-main_content\">\n\n\t\t\n        <ul>\n\t\t\t        <\/ul>\n    <\/div> \n","protected":false},"excerpt":{"rendered":"<p>Padre Pio de Pietrelcina, nascido Francesco Forgione, OFM, sacerdote cat\u00f3lico italiano, da Ordem dos Frades Menores Capuchinhos, elevado a santo pela Igreja Cat\u00f3lica como S\u00e3o Pio de Pietrelcina. Nascimento: 25&hellip; <br \/> <a class=\"read-more\" href=\"https:\/\/saojosedoipiranga.com.br\/new\/2019\/09\/22\/os-tres-misterios-da-morte-de-padre-pio\/\">Leia mais<\/a><\/p>\n","protected":false},"author":3,"featured_media":1872,"comment_status":"closed","ping_status":"closed","sticky":false,"template":"","format":"standard","meta":{"_vp_format_video_url":"","_vp_image_focal_point":[],"footnotes":""},"categories":[3],"tags":[133,245,246,260,330,346],"class_list":["post-1862","post","type-post","status-publish","format-standard","has-post-thumbnail","hentry","category-blog","tag-estigmas","tag-padre-pio","tag-padre-pio-de-pietrelcina","tag-papa-francisco","tag-sacerdote","tag-santo"],"_links":{"self":[{"href":"https:\/\/saojosedoipiranga.com.br\/new\/wp-json\/wp\/v2\/posts\/1862","targetHints":{"allow":["GET"]}}],"collection":[{"href":"https:\/\/saojosedoipiranga.com.br\/new\/wp-json\/wp\/v2\/posts"}],"about":[{"href":"https:\/\/saojosedoipiranga.com.br\/new\/wp-json\/wp\/v2\/types\/post"}],"author":[{"embeddable":true,"href":"https:\/\/saojosedoipiranga.com.br\/new\/wp-json\/wp\/v2\/users\/3"}],"replies":[{"embeddable":true,"href":"https:\/\/saojosedoipiranga.com.br\/new\/wp-json\/wp\/v2\/comments?post=1862"}],"version-history":[{"count":0,"href":"https:\/\/saojosedoipiranga.com.br\/new\/wp-json\/wp\/v2\/posts\/1862\/revisions"}],"wp:featuredmedia":[{"embeddable":true,"href":"https:\/\/saojosedoipiranga.com.br\/new\/wp-json\/wp\/v2\/media\/1872"}],"wp:attachment":[{"href":"https:\/\/saojosedoipiranga.com.br\/new\/wp-json\/wp\/v2\/media?parent=1862"}],"wp:term":[{"taxonomy":"category","embeddable":true,"href":"https:\/\/saojosedoipiranga.com.br\/new\/wp-json\/wp\/v2\/categories?post=1862"},{"taxonomy":"post_tag","embeddable":true,"href":"https:\/\/saojosedoipiranga.com.br\/new\/wp-json\/wp\/v2\/tags?post=1862"}],"curies":[{"name":"wp","href":"https:\/\/api.w.org\/{rel}","templated":true}]}}