{"id":1827,"date":"2019-08-14T21:05:00","date_gmt":"2019-08-15T00:05:00","guid":{"rendered":"http:\/\/saojosedoipiranga.com.br\/site\/?p=1827"},"modified":"2019-08-14T21:05:00","modified_gmt":"2019-08-15T00:05:00","slug":"nossa-senhora-foi-elevada-ao-ceu-de-corpo-e-alma-apos-sua-morte","status":"publish","type":"post","link":"https:\/\/saojosedoipiranga.com.br\/new\/2019\/08\/14\/nossa-senhora-foi-elevada-ao-ceu-de-corpo-e-alma-apos-sua-morte\/","title":{"rendered":"Nossa Senhora foi elevada ao c\u00e9u de corpo e alma ap\u00f3s sua morte"},"content":{"rendered":"\n<h2 class=\"has-text-align-center wp-block-heading\"><strong><em>A Assun\u00e7\u00e3o de Maria<\/em><\/strong><\/h2>\n\n\n\n<figure class=\"wp-block-image size-large\"><img fetchpriority=\"high\" decoding=\"async\" width=\"662\" height=\"1024\" src=\"http:\/\/saojosedoipiranga.com.br\/site\/wp-content\/uploads\/2019\/08\/The_Assumption_of_the_Virgin_1612-17_Peter_Paul_Rubens-662x1024.jpg\" alt=\"\" class=\"wp-image-1828\" srcset=\"https:\/\/saojosedoipiranga.com.br\/new\/wp-content\/uploads\/2019\/08\/The_Assumption_of_the_Virgin_1612-17_Peter_Paul_Rubens-662x1024.jpg 662w, https:\/\/saojosedoipiranga.com.br\/new\/wp-content\/uploads\/2019\/08\/The_Assumption_of_the_Virgin_1612-17_Peter_Paul_Rubens-194x300.jpg 194w, https:\/\/saojosedoipiranga.com.br\/new\/wp-content\/uploads\/2019\/08\/The_Assumption_of_the_Virgin_1612-17_Peter_Paul_Rubens-768x1189.jpg 768w, https:\/\/saojosedoipiranga.com.br\/new\/wp-content\/uploads\/2019\/08\/The_Assumption_of_the_Virgin_1612-17_Peter_Paul_Rubens.jpg 969w\" sizes=\"(max-width: 662px) 100vw, 662px\" \/><\/figure>\n\n\n\n<p>O Dogma da Assun\u00e7\u00e3o de Nossa Senhora foi proclamado, solenemente, pelo Papa Pio XII.<\/p>\n\n\n\n<p>A Sagrada Tradi\u00e7\u00e3o da Igreja ensina que Nossa Senhora foi elevada ao c\u00e9u de corpo e alma ap\u00f3s sua morte. No entanto, as particularidades da \u201cmorte\u201d da Virgem Maria n\u00e3o s\u00e3o conhecidas. &nbsp;O Papa Pio XII proclamou solenemente o Dogma da Assun\u00e7\u00e3o da Virgem Sant\u00edssima no dia 1\u00ba de novembro de 1950, e sua festa \u00e9 celebrada no dia 15 de agosto, decretado pela Constitui\u00e7\u00e3o Apost\u00f3lica&nbsp;Munificentissimus Deus. <\/p>\n\n\n\n<p>Nesse documento, disse o Papa: \u201cCristo, com Sua morte, venceu o pecado e\na morte e sobre esta e sobre aquele alcan\u00e7ar\u00e1 tamb\u00e9m vit\u00f3ria pelos merecimentos\nde Cristo quem for regenerado sobrenaturalmente pelo batismo. Mas por lei\nnatural Deus n\u00e3o quer conceder aos justos o completo efeito dessa vit\u00f3ria sobre\na morte, sen\u00e3o quando chegar o fim dos tempos. Por isso, os corpos dos justos\nse dissolvem depois da morte, e somente no \u00faltimo dia tornar\u00e3o a unir-se, cada\num com sua pr\u00f3pria alma gloriosa. Mas desta lei geral Deus quis excetuar a\nBem-Aventurada Virgem Maria. Ela, por um privil\u00e9gio todo singular venceu o\npecado por sua Imaculada Concei\u00e7\u00e3o, n\u00e3o estando por isso, sujeita \u00e0 lei natural\nde ficar na corrup\u00e7\u00e3o do sepulcro, n\u00e3o foi preciso que esperasse at\u00e9 o fim do\nmundo para obter a ressurrei\u00e7\u00e3o do corpo\u201d.<\/p>\n\n\n\n<p>Assim, na Pra\u00e7a de S\u00e3o Pedro, em Roma, diante do p\u00f3rtico de S\u00e3o Pedro, circundado por 36 Cardeais, 555 Patriarcas, Arcebispos e Bispos e sacerdotes, e perante cerca de um milh\u00e3o de fi\u00e9is, o Papa proclamava solenemente: depois de haver mais uma vez elevado a Deus nossas s\u00faplicas e invocado as luzes do Esp\u00edrito Santo, a gl\u00f3ria de Deus Onipotente, que derramou sobre a Virgem Maria Sua especial benevol\u00eancia, em honra de Seu Filho, Rei imortal dos s\u00e9culos e vencedor do pecado e da morte, para maior gl\u00f3ria de Sua augusta M\u00e3e e para a alegria e exulta\u00e7\u00e3o de toda a santa Igreja, e pela autoridade de Nosso Senhor Jesus Cristo, dos Santos Ap\u00f3stolos Pedro e Paulo e nossa, pronunciamos, declaramos e definimos ser dogma de f\u00e9 revelado por Deus que: a Imaculada M\u00e3e de Deus, sempre Virgem Maria, terminado o curso de sua vida terrena, foi elevada \u00e0 gl\u00f3ria celeste em corpo e alma (MS, p. 282).<\/p>\n\n\n\n<h4 class=\"wp-block-heading\"><strong><em>Solenidade<\/em><\/strong><\/h4>\n\n\n\n<p>Papa Paulo VI, na Exorta\u00e7\u00e3o\nApost\u00f3lica&nbsp;Marialis Cultus, resume\na import\u00e2ncia desse dogma numa express\u00e3o cheia de densidade: \u201cA solenidade de\n15 de agosto celebra a gloriosa Assun\u00e7\u00e3o de Maria ao C\u00e9u, festa de seu destino\nde plenitude e de bem-aventuran\u00e7a, glorifica\u00e7\u00e3o de sua alma imaculada e de seu\ncorpo virginal, de sua perfeita configura\u00e7\u00e3o com Cristo ressuscitado\u201d (MC n.6).<\/p>\n\n\n\n<p>Assim, Maria participa da ressurrei\u00e7\u00e3o e glorifica\u00e7\u00e3o de Cristo. \u00c9\npreciso lembrar, aqui, que somente Jesus e Maria subiram ao C\u00e9u de corpo e\nalma. Os santos est\u00e3o l\u00e1 apenas com suas almas, pois os corpos est\u00e3o na terra,\naguardando a ressurrei\u00e7\u00e3o do \u00faltimo dia. Maria, ao contr\u00e1rio, foi elevada ao\nc\u00e9u tamb\u00e9m com seu corpo j\u00e1 ressuscitado. \u00c9 uma grande gl\u00f3ria dela.<\/p>\n\n\n\n<p>A Sagrada Congrega\u00e7\u00e3o para a Doutrina da F\u00e9, em uma Instru\u00e7\u00e3o de 17-05-1979, deixou bem claro: a Igreja, ao expor a sorte do homem ap\u00f3s a morte, exclui qualquer explica\u00e7\u00e3o que tire o sentido \u00e0 Assun\u00e7\u00e3o de Nossa Senhora naquilo que ela tem de \u00fanico, ou seja, o fato de ser a glorifica\u00e7\u00e3o corporal da Virgem Sant\u00edssima uma antecipa\u00e7\u00e3o da glorifica\u00e7\u00e3o que est\u00e1 destinada a todos os outros eleitos (n. 6).<\/p>\n\n\n\n<h4 class=\"wp-block-heading\"><strong><em>Quais os motivos da Assun\u00e7\u00e3o de Nossa Senhora?<\/em><\/strong><\/h4>\n\n\n\n<p>Como Maria n\u00e3o esteve sujeita ao poder do pecado para poder ser a M\u00e3e de\nDeus, tamb\u00e9m n\u00e3o podia ficar sob o imp\u00e9rio da morte; pois, como disse S\u00e3o\nPaulo, \u201co sal\u00e1rio do pecado \u00e9 a morte\u201d (Rm 6,23). Assim, Maria n\u00e3o experimentou\na corrup\u00e7\u00e3o da carne, mas foi glorificada em sua alma e seu corpo; a &nbsp;carne de Jesus e a de Maria s\u00e3o a mesma carne.\nPortanto, a carne de Maria devia ter a mesma gl\u00f3ria que teve a de seu Filho.<\/p>\n\n\n\n<p><strong>&nbsp;<\/strong>Foi S\u00e3o\nGreg\u00f3rio de Tours, falecido em 596, o primeiro a proclamar a Assun\u00e7\u00e3o corp\u00f3rea\nde Maria ao C\u00e9u. Um s\u00e9culo mais tarde, Santo Ildefonso de Toledo afirmou: \u201cN\u00e3o\ndevemos esquecer que muitos consideram que ela [Maria] foi, neste dia, levada\ncorporalmente ao c\u00e9u por Nosso Senhor Jesus Cristo\u201d (MS, p. 274).<\/p>\n\n\n\n<p>&nbsp;Como Maria n\u00e3o teve na alma a mancha do pecado original ficou isenta da dura senten\u00e7a dada aos demais: \u201c\u00c9s p\u00f3 e ao p\u00f3 voltar\u00e1s\u201d (Gn 3,19). A n\u00f3s que herdamos o pecado original, \u00e9 preciso voltar ao p\u00f3 da terra de onde sa\u00edmos, para que, na ressurrei\u00e7\u00e3o do \u00faltimo dia, o Senhor nos refa\u00e7a sem as sequelas do mal.<\/p>\n\n\n\n<h4 class=\"wp-block-heading\"><strong><em>Gl\u00f3ria da\nAssun\u00e7\u00e3o de Nossa Senhora<\/em><\/strong><\/h4>\n\n\n\n<p>A rica Tradi\u00e7\u00e3o da Igreja reconheceu, desde os primeiros s\u00e9culos, a gloriosa Assun\u00e7\u00e3o de Nossa Senhora. Dela d\u00e3o testemunho S. Jo\u00e3o Damasceno, S\u00e3o Jo\u00e3o Cris\u00f3stomo, S. Tom\u00e1s de Aquino, S. Boaventura, S. Anselmo, S\u00e3o Bernardo e outros luminares e te\u00f3logos famosos. Tamb\u00e9m a Sagrada Liturgia sempre confirmou a verdade desse dogma, al\u00e9m disso, nunca, em Igreja nenhuma da Terra, venerou-se uma rel\u00edquia do corpo de Maria Sant\u00edssima, mostrando com isso uma convic\u00e7\u00e3o certa e inabal\u00e1vel de que Ela est\u00e1 no c\u00e9u.<\/p>\n\n\n\n<p><strong>Por: Eliana Galv\u00e1n Gil<\/strong><\/p>\n\n\n\n<p><strong>Fonte:<\/strong> formacao.cancaonova.com\/nossa-senhora\/dogma\/conheca-os-motivos-pelos-quais-a-igreja-proclamou-a-assuncao-de-nossa-senhora <\/p>\n\n    <div class=\"xs_social_share_widget xs_share_url after_content \t\tmain_content  wslu-style-1 wslu-share-box-shaped wslu-fill-colored wslu-none wslu-share-horizontal wslu-theme-font-no wslu-main_content\">\n\n\t\t\n        <ul>\n\t\t\t        <\/ul>\n    <\/div> \n","protected":false},"excerpt":{"rendered":"<p>A Assun\u00e7\u00e3o de Maria O Dogma da Assun\u00e7\u00e3o de Nossa Senhora foi proclamado, solenemente, pelo Papa Pio XII. A Sagrada Tradi\u00e7\u00e3o da Igreja ensina que Nossa Senhora foi elevada ao&hellip; <br \/> <a class=\"read-more\" href=\"https:\/\/saojosedoipiranga.com.br\/new\/2019\/08\/14\/nossa-senhora-foi-elevada-ao-ceu-de-corpo-e-alma-apos-sua-morte\/\">Leia mais<\/a><\/p>\n","protected":false},"author":3,"featured_media":1828,"comment_status":"closed","ping_status":"closed","sticky":false,"template":"","format":"standard","meta":{"_vp_format_video_url":"","_vp_image_focal_point":[],"footnotes":""},"categories":[3,10],"tags":[36,106,116,160,171,179,226,264,270,357,359,401,421],"class_list":["post-1827","post","type-post","status-publish","format-standard","has-post-thumbnail","hentry","category-blog","category-noticias","tag-assuncao-de-maria","tag-deus","tag-dogma","tag-gloria","tag-imaculada-mae-de-deus","tag-jesus-cristo","tag-nossa-senhora","tag-papa-pio-xii","tag-paroquia-sao-jose-do-ipiranga","tag-sao-jose","tag-sao-jose-do-ipiranga","tag-tradicao-da-igreja-catolica","tag-virgem-maria"],"_links":{"self":[{"href":"https:\/\/saojosedoipiranga.com.br\/new\/wp-json\/wp\/v2\/posts\/1827","targetHints":{"allow":["GET"]}}],"collection":[{"href":"https:\/\/saojosedoipiranga.com.br\/new\/wp-json\/wp\/v2\/posts"}],"about":[{"href":"https:\/\/saojosedoipiranga.com.br\/new\/wp-json\/wp\/v2\/types\/post"}],"author":[{"embeddable":true,"href":"https:\/\/saojosedoipiranga.com.br\/new\/wp-json\/wp\/v2\/users\/3"}],"replies":[{"embeddable":true,"href":"https:\/\/saojosedoipiranga.com.br\/new\/wp-json\/wp\/v2\/comments?post=1827"}],"version-history":[{"count":0,"href":"https:\/\/saojosedoipiranga.com.br\/new\/wp-json\/wp\/v2\/posts\/1827\/revisions"}],"wp:featuredmedia":[{"embeddable":true,"href":"https:\/\/saojosedoipiranga.com.br\/new\/wp-json\/wp\/v2\/media\/1828"}],"wp:attachment":[{"href":"https:\/\/saojosedoipiranga.com.br\/new\/wp-json\/wp\/v2\/media?parent=1827"}],"wp:term":[{"taxonomy":"category","embeddable":true,"href":"https:\/\/saojosedoipiranga.com.br\/new\/wp-json\/wp\/v2\/categories?post=1827"},{"taxonomy":"post_tag","embeddable":true,"href":"https:\/\/saojosedoipiranga.com.br\/new\/wp-json\/wp\/v2\/tags?post=1827"}],"curies":[{"name":"wp","href":"https:\/\/api.w.org\/{rel}","templated":true}]}}