{"id":1814,"date":"2019-08-01T14:38:03","date_gmt":"2019-08-01T17:38:03","guid":{"rendered":"http:\/\/saojosedoipiranga.com.br\/site\/?p=1814"},"modified":"2019-08-01T14:38:03","modified_gmt":"2019-08-01T17:38:03","slug":"a-familia-como-vai","status":"publish","type":"post","link":"https:\/\/saojosedoipiranga.com.br\/new\/2019\/08\/01\/a-familia-como-vai\/","title":{"rendered":"A fam\u00edlia como vai?"},"content":{"rendered":"\n<p>Do dia 11 ao dia 18 de agosto acontecer\u00e1 aqui na Par\u00f3quia a semana da fam\u00edlia com palestrantes convidados.<\/p>\n\n\n\n<h4 class=\"wp-block-heading\">Venha participar!<\/h4>\n\n\n\n<p style=\"text-align:center\"><strong>PROGRAMA\u00c7\u00c3O COMPLETA<\/strong><\/p>\n\n\n\n<figure class=\"wp-block-image size-large\"><img fetchpriority=\"high\" decoding=\"async\" width=\"843\" height=\"1024\" src=\"http:\/\/saojosedoipiranga.com.br\/site\/wp-content\/uploads\/2019\/08\/palestra-sobre-familia-843x1024.jpg\" alt=\"\" class=\"wp-image-1815\" srcset=\"https:\/\/saojosedoipiranga.com.br\/new\/wp-content\/uploads\/2019\/08\/palestra-sobre-familia-843x1024.jpg 843w, https:\/\/saojosedoipiranga.com.br\/new\/wp-content\/uploads\/2019\/08\/palestra-sobre-familia-247x300.jpg 247w, https:\/\/saojosedoipiranga.com.br\/new\/wp-content\/uploads\/2019\/08\/palestra-sobre-familia-768x933.jpg 768w, https:\/\/saojosedoipiranga.com.br\/new\/wp-content\/uploads\/2019\/08\/palestra-sobre-familia-1264x1536.jpg 1264w, https:\/\/saojosedoipiranga.com.br\/new\/wp-content\/uploads\/2019\/08\/palestra-sobre-familia-1686x2048.jpg 1686w\" sizes=\"(max-width: 843px) 100vw, 843px\" \/><\/figure>\n\n    <div class=\"xs_social_share_widget xs_share_url after_content \t\tmain_content  wslu-style-1 wslu-share-box-shaped wslu-fill-colored wslu-none wslu-share-horizontal wslu-theme-font-no wslu-main_content\">\n\n\t\t\n        <ul>\n\t\t\t        <\/ul>\n    <\/div> \n","protected":false},"excerpt":{"rendered":"<p>Do dia 11 ao dia 18 de agosto acontecer\u00e1 aqui na Par\u00f3quia a semana da fam\u00edlia com palestrantes convidados. Venha participar! PROGRAMA\u00c7\u00c3O COMPLETA<\/p>\n","protected":false},"author":3,"featured_media":1819,"comment_status":"closed","ping_status":"closed","sticky":false,"template":"","format":"standard","meta":{"_vp_format_video_url":"","_vp_image_focal_point":[],"footnotes":""},"categories":[8,10],"tags":[140,141,151,187,235,239,253,254,256,268,270,283,302,359,367,374,398],"class_list":["post-1814","post","type-post","status-publish","format-standard","has-post-thumbnail","hentry","category-eventos","category-noticias","tag-familia","tag-fe","tag-filhos","tag-juventude","tag-oracao","tag-oracao-em-familia","tag-pais","tag-pais-e-filhos","tag-palestras","tag-paroquia-sao-jose","tag-paroquia-sao-jose-do-ipiranga","tag-pastoral-familiar","tag-psicologia-familiar","tag-sao-jose-do-ipiranga","tag-saojose","tag-semana-da-familia","tag-terco"],"_links":{"self":[{"href":"https:\/\/saojosedoipiranga.com.br\/new\/wp-json\/wp\/v2\/posts\/1814","targetHints":{"allow":["GET"]}}],"collection":[{"href":"https:\/\/saojosedoipiranga.com.br\/new\/wp-json\/wp\/v2\/posts"}],"about":[{"href":"https:\/\/saojosedoipiranga.com.br\/new\/wp-json\/wp\/v2\/types\/post"}],"author":[{"embeddable":true,"href":"https:\/\/saojosedoipiranga.com.br\/new\/wp-json\/wp\/v2\/users\/3"}],"replies":[{"embeddable":true,"href":"https:\/\/saojosedoipiranga.com.br\/new\/wp-json\/wp\/v2\/comments?post=1814"}],"version-history":[{"count":0,"href":"https:\/\/saojosedoipiranga.com.br\/new\/wp-json\/wp\/v2\/posts\/1814\/revisions"}],"wp:featuredmedia":[{"embeddable":true,"href":"https:\/\/saojosedoipiranga.com.br\/new\/wp-json\/wp\/v2\/media\/1819"}],"wp:attachment":[{"href":"https:\/\/saojosedoipiranga.com.br\/new\/wp-json\/wp\/v2\/media?parent=1814"}],"wp:term":[{"taxonomy":"category","embeddable":true,"href":"https:\/\/saojosedoipiranga.com.br\/new\/wp-json\/wp\/v2\/categories?post=1814"},{"taxonomy":"post_tag","embeddable":true,"href":"https:\/\/saojosedoipiranga.com.br\/new\/wp-json\/wp\/v2\/tags?post=1814"}],"curies":[{"name":"wp","href":"https:\/\/api.w.org\/{rel}","templated":true}]}}