{"id":1800,"date":"2019-08-03T16:32:00","date_gmt":"2019-08-03T19:32:00","guid":{"rendered":"http:\/\/saojosedoipiranga.com.br\/site\/?p=1800"},"modified":"2019-08-03T16:32:00","modified_gmt":"2019-08-03T19:32:00","slug":"sao-joao-maria-vianney","status":"publish","type":"post","link":"https:\/\/saojosedoipiranga.com.br\/new\/2019\/08\/03\/sao-joao-maria-vianney\/","title":{"rendered":"S\u00e3o Jo\u00e3o Maria Vianney"},"content":{"rendered":"\n<h4 class=\"wp-block-heading\">Padroeiro dos sacerdotes<\/h4>\n\n\n\n<figure class=\"wp-block-image size-large\"><img fetchpriority=\"high\" decoding=\"async\" width=\"1024\" height=\"555\" src=\"http:\/\/saojosedoipiranga.com.br\/site\/wp-content\/uploads\/2019\/07\/sao-Joao-Maria-Vianney-1-1024x555.jpg\" alt=\"\" class=\"wp-image-1806\" srcset=\"https:\/\/saojosedoipiranga.com.br\/new\/wp-content\/uploads\/2019\/07\/sao-Joao-Maria-Vianney-1-1024x555.jpg 1024w, https:\/\/saojosedoipiranga.com.br\/new\/wp-content\/uploads\/2019\/07\/sao-Joao-Maria-Vianney-1-300x163.jpg 300w, https:\/\/saojosedoipiranga.com.br\/new\/wp-content\/uploads\/2019\/07\/sao-Joao-Maria-Vianney-1-768x416.jpg 768w, https:\/\/saojosedoipiranga.com.br\/new\/wp-content\/uploads\/2019\/07\/sao-Joao-Maria-Vianney-1.jpg 1200w\" sizes=\"(max-width: 1024px) 100vw, 1024px\" \/><\/figure>\n\n\n\n<h4 class=\"wp-block-heading\">S\u00e3o Jo\u00e3o Maria Vianney, conhecido como Santo Cura d\u2019Ars, nasceu em Dardilly, na Fran\u00e7a, no ano de 1786.<\/h4>\n\n\n\n<div class=\"wp-block-media-text alignwide\"><figure class=\"wp-block-media-text__media\"><img decoding=\"async\" width=\"307\" height=\"400\" src=\"http:\/\/saojosedoipiranga.com.br\/site\/wp-content\/uploads\/2019\/07\/sao-joao-maria-vianney.jpg\" alt=\"\" class=\"wp-image-1803\" srcset=\"https:\/\/saojosedoipiranga.com.br\/new\/wp-content\/uploads\/2019\/07\/sao-joao-maria-vianney.jpg 307w, https:\/\/saojosedoipiranga.com.br\/new\/wp-content\/uploads\/2019\/07\/sao-joao-maria-vianney-230x300.jpg 230w\" sizes=\"(max-width: 307px) 100vw, 307px\" \/><\/figure><div class=\"wp-block-media-text__content\">\n<p>Sua fam\u00edlia era muito simples e religiosa \u2013 sendo muito jovem Jo\u00e3o levava uma vida de penit\u00eancia e tinha voca\u00e7\u00e3o para o sacerd\u00f3cio.  <\/p>\n<\/div><\/div>\n\n\n\n<h4 class=\"wp-block-heading\">Entrou para o semin\u00e1rio, mas tudo era muito incerto<\/h4>\n\n\n\n<p>N\u00e3o acompanhava intelectualmente as exig\u00eancias do estudo do latim, filosofia e teologia da \u00e9poca. Seus superiores tinham muitas d\u00favidas sobre sua poss\u00edvel ordena\u00e7\u00e3o, mas, pela vida de piedade intensa e a grande benevol\u00eancia do bispo, foi ordenado e enviado a uma pequena par\u00f3quia sem muita relev\u00e2ncia na cidade de Ars.<\/p>\n\n\n\n<p>Empreendeu com grande dedica\u00e7\u00e3o seu trabalho pastoral e aos poucos o povoado, antes nada preocupado com as quest\u00f5es de f\u00e9, foi se transformando e se tornando cheio de fervor. Formou confrarias com adultos, socorria os pobres, e abriu uma escola gratuita a \u201cCasa da Provid\u00eancia\u201d, que recebia meninas \u00f3rf\u00e3s ou abandonadas. Era muito severo no combate aos maus h\u00e1bitos, como ir a bailes e \u00e0 taberna \u2013 ali as tabernas estavam sempre abarrotadas e a igreja estava sempre vazia; havia todo tipo de viol\u00eancia como brigas, roubos e assassinatos.\u00a0 Treze anos ap\u00f3s a chegada do Pe. Jo\u00e3o Maria Vianney, a situa\u00e7\u00e3o em Ars havia se transformado: a viol\u00eancia, as brigas e as bebedeiras acabaram. O vilarejo, ent\u00e3o, come\u00e7ou a ficar famoso por causa do padre santo que ali vivia.<\/p>\n\n\n\n<p>Mas, foi no confession\u00e1rio que o Santo viveu intensamente seu apostolado, entregue totalmente \u00e0s almas. <\/p>\n\n\n\n<h4 class=\"wp-block-heading\">As confiss\u00f5es com ele eram uma verdadeira d\u00e1diva do c\u00e9u para curar os cora\u00e7\u00f5es feridos, restabelecer a esperan\u00e7a, o amor e a confian\u00e7a em Deus.<\/h4>\n\n\n\n<p>As pessoas sa\u00edam transformadas e seu nome ultrapassou os estreitos limites de Ars-em-Dombes para aldeias e cidades vizinhas. Os peregrinos vinham desde longe para se confessar viajando em carruagens e ele, al\u00e9m de n\u00e3o comer, praticamente n\u00e3o dormia, pois, n\u00e3o achava justo faz\u00ea-los esperar. Nos \u00faltimos tempos de vida atendia mais de 200 por dia. \u00c0s vezes ficava at\u00e9 18 horas dentro de um confession\u00e1rio e se alimentava de batatas e p\u00e3o.\u00a0 <\/p>\n\n\n\n<p>S\u00e3o Jo\u00e3o Maria Vianney, que viveu at\u00e9 aos 73 anos levando essa dur\u00edssima rotina de penit\u00eancias, era de\numa delicadeza e mansid\u00e3o perfeitas e\nnunca quis impor aos outros a sua disciplina, nem deixou isso transparecer. <\/p>\n\n\n\n<p>Quando chegou \u00e0 cidadezinha, ningu\u00e9m veio receb\u00ea-lo,\nmas, quando morreu, a cidade tinha crescido enormemente e multid\u00f5es foram se despedir\ndele. Morreu no dia 4 de agosto de 1859 e seu corpo incorrupto est\u00e1 na igreja\nde Ars. Foi canonizado pelo Papa Pio XI em 1925 e declarado padroeiro dos\nsacerdotes. <\/p>\n\n\n\n<p> Fonte: <a href=\"http:\/\/wiki.cancaonova.com\/index.php\">http:\/\/wiki.cancaonova.com\/index.php<\/a><\/p>\n\n\n\n<p><strong>Por: Eliana Galv\u00e1n Gil<\/strong><\/p>\n\n    <div class=\"xs_social_share_widget xs_share_url after_content \t\tmain_content  wslu-style-1 wslu-share-box-shaped wslu-fill-colored wslu-none wslu-share-horizontal wslu-theme-font-no wslu-main_content\">\n\n\t\t\n        <ul>\n\t\t\t        <\/ul>\n    <\/div> \n","protected":false},"excerpt":{"rendered":"<p>Padroeiro dos sacerdotes S\u00e3o Jo\u00e3o Maria Vianney, conhecido como Santo Cura d\u2019Ars, nasceu em Dardilly, na Fran\u00e7a, no ano de 1786. Sua fam\u00edlia era muito simples e religiosa \u2013 sendo&hellip; <br \/> <a class=\"read-more\" href=\"https:\/\/saojosedoipiranga.com.br\/new\/2019\/08\/03\/sao-joao-maria-vianney\/\">Leia mais<\/a><\/p>\n","protected":false},"author":3,"featured_media":1808,"comment_status":"closed","ping_status":"closed","sticky":false,"template":"","format":"standard","meta":{"_vp_format_video_url":"","_vp_image_focal_point":[],"footnotes":""},"categories":[3,10],"tags":[78,112,235,247,250,270,301,331,356,359],"class_list":["post-1800","post","type-post","status-publish","format-standard","has-post-thumbnail","hentry","category-blog","category-noticias","tag-confissao","tag-dia-do-padre","tag-oracao","tag-padres","tag-padroeiro-dos-padres","tag-paroquia-sao-jose-do-ipiranga","tag-protetor-dos-padres","tag-sacerdotes","tag-sao-joao-maria-vianney","tag-sao-jose-do-ipiranga"],"_links":{"self":[{"href":"https:\/\/saojosedoipiranga.com.br\/new\/wp-json\/wp\/v2\/posts\/1800","targetHints":{"allow":["GET"]}}],"collection":[{"href":"https:\/\/saojosedoipiranga.com.br\/new\/wp-json\/wp\/v2\/posts"}],"about":[{"href":"https:\/\/saojosedoipiranga.com.br\/new\/wp-json\/wp\/v2\/types\/post"}],"author":[{"embeddable":true,"href":"https:\/\/saojosedoipiranga.com.br\/new\/wp-json\/wp\/v2\/users\/3"}],"replies":[{"embeddable":true,"href":"https:\/\/saojosedoipiranga.com.br\/new\/wp-json\/wp\/v2\/comments?post=1800"}],"version-history":[{"count":0,"href":"https:\/\/saojosedoipiranga.com.br\/new\/wp-json\/wp\/v2\/posts\/1800\/revisions"}],"wp:featuredmedia":[{"embeddable":true,"href":"https:\/\/saojosedoipiranga.com.br\/new\/wp-json\/wp\/v2\/media\/1808"}],"wp:attachment":[{"href":"https:\/\/saojosedoipiranga.com.br\/new\/wp-json\/wp\/v2\/media?parent=1800"}],"wp:term":[{"taxonomy":"category","embeddable":true,"href":"https:\/\/saojosedoipiranga.com.br\/new\/wp-json\/wp\/v2\/categories?post=1800"},{"taxonomy":"post_tag","embeddable":true,"href":"https:\/\/saojosedoipiranga.com.br\/new\/wp-json\/wp\/v2\/tags?post=1800"}],"curies":[{"name":"wp","href":"https:\/\/api.w.org\/{rel}","templated":true}]}}