{"id":1788,"date":"2019-07-30T16:04:00","date_gmt":"2019-07-30T19:04:00","guid":{"rendered":"http:\/\/saojosedoipiranga.com.br\/site\/?p=1788"},"modified":"2019-07-30T16:04:00","modified_gmt":"2019-07-30T19:04:00","slug":"santo-inacio-de-loyola","status":"publish","type":"post","link":"https:\/\/saojosedoipiranga.com.br\/new\/2019\/07\/30\/santo-inacio-de-loyola\/","title":{"rendered":"Santo In\u00e1cio de Loyola"},"content":{"rendered":"\n<p><strong><em>Uma curiosidade: seu nome de batismo era I\u00f1igo<\/em> e at\u00e9 os 26 anos de idade &#8220;ele tinha sido um homem entregue \u00e0s vaidades do mundo&#8221;.<\/strong><\/p>\n\n\n\n<figure class=\"wp-block-image size-large\"><img fetchpriority=\"high\" decoding=\"async\" width=\"1000\" height=\"562\" src=\"http:\/\/saojosedoipiranga.com.br\/site\/wp-content\/uploads\/2019\/07\/inacio-de-loyola-1.jpg\" alt=\"\" class=\"wp-image-1794\" srcset=\"https:\/\/saojosedoipiranga.com.br\/new\/wp-content\/uploads\/2019\/07\/inacio-de-loyola-1.jpg 1000w, https:\/\/saojosedoipiranga.com.br\/new\/wp-content\/uploads\/2019\/07\/inacio-de-loyola-1-300x169.jpg 300w, https:\/\/saojosedoipiranga.com.br\/new\/wp-content\/uploads\/2019\/07\/inacio-de-loyola-1-768x432.jpg 768w\" sizes=\"(max-width: 1000px) 100vw, 1000px\" \/><\/figure>\n\n\n\n<h4 class=\"wp-block-heading\">O fundador da Companhia de Jesus <\/h4>\n\n\n\n<p>Nasceu no Castelo de Loyola, em Azpeitia, regi\u00e3o basca ao norte da Espanha, em 1491. Filho de fam\u00edlia crist\u00e3 da nobreza rural e ca\u00e7ula de 13 irm\u00e3os e irm\u00e3s foi batizado como I\u00f1igo. Mais tarde, entretanto, mudaria seu nome, passando a assinar In\u00e1cio. <\/p>\n\n\n\n<p>Em 1506, quando\ntinha aproximadamente 15 anos, In\u00e1cio colocou-se a servi\u00e7o de Juan Vel\u00e1zquez de\nCu\u00e9llar, ministro do Tesouro Real durante o reinado de Fernando de Arag\u00e3o. Aos\ncuidados de seu protetor, recebeu esmerada forma\u00e7\u00e3o, aprimorou sua cultura e tornou-se\nex\u00edmio cavaleiro, mostrando inclina\u00e7\u00e3o pelas aventuras militares. E, como\ndescreveu em sua autobiografia, at\u00e9 os 26 anos de idade, \u201ctinha sido um homem\nentregue \u00e0s vaidades do mundo\u201d. Essa hist\u00f3ria come\u00e7ou a mudar de rumo em 1517,\nquando Juan Vel\u00e1zquez caiu em desgra\u00e7a e In\u00e1cio passou a servir ao duque de\nN\u00e1jera e vice-rei de Navarra, Ant\u00f4nio Manrique, participando de v\u00e1rios combates\nmilitares.<\/p>\n\n\n\n<h4 class=\"wp-block-heading\">Gravemente ferido em batalha se dedicou \u00e0 leitura de livros religiosos<\/h4>\n\n\n\n<p>Em 20 de maio de\n1521, ao tentar, sem sucesso, proteger Pamplona (capital de Navarra) dos\ninvasores franceses, In\u00e1cio foi ferido por uma bala de canh\u00e3o que, al\u00e9m de\npartir sua perna direita, deixou les\u00f5es na esquerda. O grave ferimento foi\nfundamental para a mudan\u00e7a radical que aconteceria em sua vida.<\/p>\n\n\n\n<p>Durante o per\u00edodo de convalesc\u00eancia no Castelo de Loyola,\ncomo n\u00e3o havia livros de Cavalarias \u2500seus preferidos\u2500, In\u00e1cio dedicou-se \u00e0\nleitura de Vida de Cristo, escrita por Ludolfo da Sax\u00f4nia, e de uma colet\u00e2nea\nVida dos Santos. Foi ap\u00f3s o contato com os livros religiosos que ele percebeu,\ncom aten\u00e7\u00e3o e paci\u00eancia, que as ambi\u00e7\u00f5es mundanas lhe causavam alegrias\nef\u00eameras, meros prazeres, ao passo que a entrega a Jesus Cristo lhe enchia o\ncora\u00e7\u00e3o de alegria duradoura. Essa consola\u00e7\u00e3o foi, para In\u00e1cio, um sinal de\nDeus.<\/p>\n\n\n\n<p>&nbsp;Depois dessas leituras come\u00e7ou a pensar com mais seriedade\nem sua vida passada e na necessidade de se penitenciar. J\u00e1 recuperado e com o\nforte desejo de mudan\u00e7as em sua vida, In\u00e1cio decidiu partir rumo a Jerusal\u00e9m.\nSaindo de Loyola, seguiu em peregrina\u00e7\u00e3o para Montserrat. No caminho, doou suas\nroupas de fidalgo a um pobre, passando a usar trajes r\u00fasticos. A espada foi\ndeixada no altar da Igreja de Nossa Senhora de Montserrat, ap\u00f3s uma noite de\nora\u00e7\u00e3o.<\/p>\n\n\n\n<h4 class=\"wp-block-heading\">Seu objetivo era maior<\/h4>\n\n\n\n<p>Em Manresa, In\u00e1cio abrigou-se em uma gruta. Vivendo como\neremita e mendigo, passou pelas mais duras necessidades. Mas seu objetivo era\nmaior: queria ter tranquilidade para fazer anota\u00e7\u00f5es em um caderno que, mais\ntarde, iriam se transformar no livro dos Exerc\u00edcios Espirituais (EE),\nconsiderado at\u00e9 hoje um de seus mais importantes legados. Ap\u00f3s essa experi\u00eancia,\nIn\u00e1cio seguiu em sua longa peregrina\u00e7\u00e3o at\u00e9 Jerusal\u00e9m, onde permaneceu por um\ntempo. De volta \u00e0 Europa, sofreu persegui\u00e7\u00f5es e incompreens\u00f5es que lhe fizeram\nperceber a necessidade de estudar para melhor ajudar os outros.<\/p>\n\n\n\n<p>A cidade escolhida para dedicar-se aos estudos de\nFilosofia e Teologia foi Paris (Fran\u00e7a), onde conseguiu agrupar colegas a quem\npassou a chamar de companheiros ou amigos no Senhor. Esse foi o primeiro esbo\u00e7o\ndo que seria a Companhia de Jesus.<\/p>\n\n\n\n<p>Em 15 de agosto de\n1534, na capela de Montmartre, em Paris, In\u00e1cio e seis companheiros \u2013 Francisco\nXavier, Pedro Fabro, Afonso Bobadilha, Diogo La\u00ednez, Afonso Salmeir\u00e3o e Sim\u00e3o\nRodrigues \u2013 fizeram votos de dedicarem-se ao bem dos homens, imitando Cristo,\nperegrinar a Jerusal\u00e9m e, caso n\u00e3o fosse poss\u00edvel, apresentar-se ao Papa, com o\nobjetivo de colocarem-se \u00e0 disposi\u00e7\u00e3o do Pont\u00edfice. Um ano depois, os votos\nforam renovados por eles e mais tr\u00eas outros companheiros \u2013 Cl\u00e1udio Jaio, Jo\u00e3o\nCodure, Pasc\u00e1sio Broet.<\/p>\n\n\n\n<p>Por meio da bula&nbsp;<em>Regimini militantis Ecclesiae<\/em>, a Companhia de Jesus (em latim,&nbsp;<em>Societas Iesu<\/em>,&nbsp;<em>S. J.<\/em>) foi aprovada oficialmente pelo Papa Paulo III, em 27 de setembro de 1540. No ano seguinte, 1541, In\u00e1cio foi eleito o primeiro Superior Geral da Ordem, passando a viver em Roma (It\u00e1lia). Dedicou-se \u00e0 fun\u00e7\u00e3o preparando e enviando os jesu\u00edtas ao mundo todo, servindo \u00e0 Igreja e escrevendo as Constitui\u00e7\u00f5es da Companhia de Jesus. Em 31 de julho de 1556, muito debilitado, In\u00e1cio morre em Roma. <\/p>\n\n\n\n<h4 class=\"wp-block-heading\">Sua canoniza\u00e7\u00e3o aconteceu em 12 de mar\u00e7o de 1622, pelo Papa Greg\u00f3rio XV.<\/h4>\n\n\n\n<figure class=\"wp-block-image size-large\"><img decoding=\"async\" src=\"http:\/\/saojosedoipiranga.com.br\/site\/wp-content\/uploads\/2019\/07\/Santo-In\u00e1cio-990x557.jpeg\" alt=\"\" class=\"wp-image-1790\"\/><\/figure>\n\n\n\n<div class=\"wp-block-media-text alignwide\"><figure class=\"wp-block-media-text__media\"><img decoding=\"async\" width=\"268\" height=\"600\" src=\"http:\/\/saojosedoipiranga.com.br\/site\/wp-content\/uploads\/2019\/07\/inacio-de-loyola.gif\" alt=\"\" class=\"wp-image-1792\"\/><\/figure><div class=\"wp-block-media-text__content\">\n<p><strong><em>ORA\u00c7\u00c3O DE&nbsp;SANTO IN\u00c1CIO &nbsp;<\/em><\/strong><em><\/em><\/p>\n\n\n\n<p>Tomai, Senhor, e recebei<br> Toda a minha liberdade, a minha mem\u00f3ria tamb\u00e9m.<br> O meu entendimento e toda a minha vontade<br> Tudo o que tenho e possuo, v\u00f3s me destes com amor.<br>Todos os dons que me destes, com gratid\u00e3o vos devolvo<br> Disponde deles, Senhor, segundo a vossa vontade.<br> Dai-me somente, o vosso amor, vossa gra\u00e7a<br> Isto me basta, nada mais quero pedir.<\/p>\n<\/div><\/div>\n\n\n\n<p><em>Fonte: www.jesuitasbrasil.com<\/em><\/p>\n\n\n\n<p><strong>Por: Eliana Galv\u00e1n Gil<\/strong><\/p>\n\n    <div class=\"xs_social_share_widget xs_share_url after_content \t\tmain_content  wslu-style-1 wslu-share-box-shaped wslu-fill-colored wslu-none wslu-share-horizontal wslu-theme-font-no wslu-main_content\">\n\n\t\t\n        <ul>\n\t\t\t        <\/ul>\n    <\/div> \n","protected":false},"excerpt":{"rendered":"<p>Uma curiosidade: seu nome de batismo era I\u00f1igo e at\u00e9 os 26 anos de idade &#8220;ele tinha sido um homem entregue \u00e0s vaidades do mundo&#8221;. O fundador da Companhia de&hellip; <br \/> <a class=\"read-more\" href=\"https:\/\/saojosedoipiranga.com.br\/new\/2019\/07\/30\/santo-inacio-de-loyola\/\">Leia mais<\/a><\/p>\n","protected":false},"author":3,"featured_media":1797,"comment_status":"closed","ping_status":"closed","sticky":false,"template":"","format":"standard","meta":{"_vp_format_video_url":"","_vp_image_focal_point":[],"footnotes":""},"categories":[3,10],"tags":[103,106,109,162,179,235,261,263,268,270,350,357],"class_list":["post-1788","post","type-post","status-publish","format-standard","has-post-thumbnail","hentry","category-blog","category-noticias","tag-deatificacao","tag-deus","tag-devocao","tag-historia-de-santo-inacio","tag-jesus-cristo","tag-oracao","tag-papa-gregorio-xv","tag-papa-paulo-iii","tag-paroquia-sao-jose","tag-paroquia-sao-jose-do-ipiranga","tag-santo-inacio-de-loyola","tag-sao-jose"],"_links":{"self":[{"href":"https:\/\/saojosedoipiranga.com.br\/new\/wp-json\/wp\/v2\/posts\/1788","targetHints":{"allow":["GET"]}}],"collection":[{"href":"https:\/\/saojosedoipiranga.com.br\/new\/wp-json\/wp\/v2\/posts"}],"about":[{"href":"https:\/\/saojosedoipiranga.com.br\/new\/wp-json\/wp\/v2\/types\/post"}],"author":[{"embeddable":true,"href":"https:\/\/saojosedoipiranga.com.br\/new\/wp-json\/wp\/v2\/users\/3"}],"replies":[{"embeddable":true,"href":"https:\/\/saojosedoipiranga.com.br\/new\/wp-json\/wp\/v2\/comments?post=1788"}],"version-history":[{"count":0,"href":"https:\/\/saojosedoipiranga.com.br\/new\/wp-json\/wp\/v2\/posts\/1788\/revisions"}],"wp:featuredmedia":[{"embeddable":true,"href":"https:\/\/saojosedoipiranga.com.br\/new\/wp-json\/wp\/v2\/media\/1797"}],"wp:attachment":[{"href":"https:\/\/saojosedoipiranga.com.br\/new\/wp-json\/wp\/v2\/media?parent=1788"}],"wp:term":[{"taxonomy":"category","embeddable":true,"href":"https:\/\/saojosedoipiranga.com.br\/new\/wp-json\/wp\/v2\/categories?post=1788"},{"taxonomy":"post_tag","embeddable":true,"href":"https:\/\/saojosedoipiranga.com.br\/new\/wp-json\/wp\/v2\/tags?post=1788"}],"curies":[{"name":"wp","href":"https:\/\/api.w.org\/{rel}","templated":true}]}}