{"id":1770,"date":"2019-08-01T11:25:00","date_gmt":"2019-08-01T14:25:00","guid":{"rendered":"http:\/\/saojosedoipiranga.com.br\/site\/?p=1770"},"modified":"2019-08-01T11:25:00","modified_gmt":"2019-08-01T14:25:00","slug":"o-perdao-de-assis-fonte-de-misericordia","status":"publish","type":"post","link":"https:\/\/saojosedoipiranga.com.br\/new\/2019\/08\/01\/o-perdao-de-assis-fonte-de-misericordia\/","title":{"rendered":"O PERD\u00c3O DE ASSIS, FONTE DE MISERIC\u00d3RDIA."},"content":{"rendered":"\n<h3 class=\"wp-block-heading\"><sub>Celebra-se nos dias 1\u00ba e 2 de agosto o Perd\u00e3o de Assis, uma \u201cporta sempre aberta\u201d para todos aqueles que querem alcan\u00e7ar a gra\u00e7a de Deus por meio da experi\u00eancia da reconcilia\u00e7\u00e3o.<\/sub><\/h3>\n\n\n\n<figure class=\"wp-block-image size-large\"><img fetchpriority=\"high\" decoding=\"async\" width=\"1024\" height=\"683\" src=\"http:\/\/saojosedoipiranga.com.br\/site\/wp-content\/uploads\/2019\/07\/sao-francisco-de-assis-1-1024x683.jpg\" alt=\"\" class=\"wp-image-1786\" srcset=\"https:\/\/saojosedoipiranga.com.br\/new\/wp-content\/uploads\/2019\/07\/sao-francisco-de-assis-1-1024x683.jpg 1024w, https:\/\/saojosedoipiranga.com.br\/new\/wp-content\/uploads\/2019\/07\/sao-francisco-de-assis-1-300x200.jpg 300w, https:\/\/saojosedoipiranga.com.br\/new\/wp-content\/uploads\/2019\/07\/sao-francisco-de-assis-1-768x512.jpg 768w, https:\/\/saojosedoipiranga.com.br\/new\/wp-content\/uploads\/2019\/07\/sao-francisco-de-assis-1.jpg 1200w\" sizes=\"(max-width: 1024px) 100vw, 1024px\" \/><\/figure>\n\n\n\n<p>O perd\u00e3o de\nAssis \u00e9 um forte chamado a se aproximar do Senhor no Sacramento da Miseric\u00f3rdia\ne tamb\u00e9m da Comunh\u00e3o. Muitos tem medo da confiss\u00e3o pois esquecem que l\u00e1 n\u00e3o\nencontramos um juiz severo \u2013 disse o Papa Francisco &#8211; mas um pai imensamente\nmisericordioso. \u00c9 verdade que quando vamos ao confession\u00e1rio sentimos um pouco\nde vergonha isso acontece com todos. Mas devemos lembrar que tamb\u00e9m essa\nvergonha \u00e9 uma gra\u00e7a que nos prepara ao abra\u00e7o do Pai, que sempre perdoa e\nsempre perdoa tudo.<\/p>\n\n\n\n<p>Neste\nsentido, celebrar o Perd\u00e3o de Assis \u00e9 a express\u00e3o do desejo de receber a gra\u00e7a\nda liberta\u00e7\u00e3o interior e da liberta\u00e7\u00e3o a n\u00edvel relacional, a fim de que n\u00e3o\nsendo mais escravos do nosso passado e dos nossos limites humanos, possamos\nentrar no Reino dos filhos e das filhas de Deus. Significa tornar-se, de certo\nmodo, uma b\u00ean\u00e7\u00e3o e portadores da miseric\u00f3rdia espiritual e material rumo a toda\na humanidade e tamb\u00e9m rumo a toda a Cria\u00e7\u00e3o.<\/p>\n\n\n\n<p><strong>A Porci\u00fancula<\/strong><\/p>\n\n\n\n<p>O Perd\u00e3o de Assis est\u00e1 intimamente ligado \u00e0\nPonci\u00fancula, a pequena igrejinha reconstru\u00edda por S\u00e3o Francisco e que hoje se\nencontra no interior da Bas\u00edlica Santa Maria dos Anjos, em Assis.<\/p>\n\n\n\n<p>Em uma noite de inverno do ano 1216, o Pobre de\nAssis foi circundado por uma luz suave que o convidou a ir at\u00e9 a esta capela.\nAli se prostrou e adorou Jesus e venerou a Virgem e os Anjos.<\/p>\n\n\n\n<p>Vendo a sua humildade e desprendimento, Jesus lhe deu a possibilidade de pedir a gra\u00e7a que mais lhe agradasse. Francisco respondeu: \u201cSenhor, pe\u00e7o que todos aqueles que, arrependidos e confessados, entrando nesta igrejinha, tenham o perd\u00e3o de todos os seus pecados e a completa remiss\u00e3o das penas devidas \u00e0s suas culpas\u201d. Jesus ent\u00e3o lhe disse: \u201cGrande \u00e9 a gra\u00e7a que me pedes Francisco; no entanto, eu lha concedo, por interm\u00e9dio da minha M\u00e3e\u201d. Assim, ele invocou a media\u00e7\u00e3o de Nossa Senhora, que a concedeu pela s\u00faplica ao seu Filho Divino. Por\u00e9m, o Senhor pediu-lhe para se apresentar ao seu Vig\u00e1rio na terra, o Sumo Pont\u00edfice, para obter a confirma\u00e7\u00e3o da gra\u00e7a.<\/p>\n\n\n\n<figure class=\"wp-block-image size-large\"><img decoding=\"async\" width=\"1024\" height=\"683\" src=\"http:\/\/saojosedoipiranga.com.br\/site\/wp-content\/uploads\/2019\/07\/porziuncola-fora-2-1024x683.jpg\" alt=\"\" class=\"wp-image-1777\" srcset=\"https:\/\/saojosedoipiranga.com.br\/new\/wp-content\/uploads\/2019\/07\/porziuncola-fora-2-1024x683.jpg 1024w, https:\/\/saojosedoipiranga.com.br\/new\/wp-content\/uploads\/2019\/07\/porziuncola-fora-2-300x200.jpg 300w, https:\/\/saojosedoipiranga.com.br\/new\/wp-content\/uploads\/2019\/07\/porziuncola-fora-2-768x512.jpg 768w, https:\/\/saojosedoipiranga.com.br\/new\/wp-content\/uploads\/2019\/07\/porziuncola-fora-2-1536x1024.jpg 1536w, https:\/\/saojosedoipiranga.com.br\/new\/wp-content\/uploads\/2019\/07\/porziuncola-fora-2-2048x1365.jpg 2048w\" sizes=\"(max-width: 1024px) 100vw, 1024px\" \/><figcaption> <strong>A porci\u00fancula<\/strong> (Bas\u00edlica Nossa Senhora dos Anjos, Assis) <\/figcaption><\/figure>\n\n\n\n<p>Dito isto, a vis\u00e3o de\nFrancisco cessou. Ele, imediatamente, foi at\u00e9 ao Papa Hon\u00f3rio III, que, depois\nde algumas dificuldades, lhe confirmou a gra\u00e7a, limitando-a, por\u00e9m, apenas a um\ndia, por todos os anos, fixando a sua data para o dia 2 de agosto, come\u00e7ando\ncom as V\u00e9speras da Vig\u00edlia.<\/p>\n\n\n\n<p>Assim, em 2 de agosto de\n1216, na presen\u00e7a dos Bispos de Assis e das regi\u00f5es vizinhas, convidados para a\nconsagra\u00e7\u00e3o da igrejinha da \u201cPorci\u00fancula\u201d e diante de uma multid\u00e3o\nextraordin\u00e1ria de fi\u00e9is, S\u00e3o Francisco promulgou a \u201cgrande indulg\u00eancia\u201d,\nconcedendo o incompar\u00e1vel tesouro do \u201cPerd\u00e3o de Assis\u201d a todos os homens de boa\nvontade.<\/p>\n\n\n\n<p>O contexto em que S\u00e3o\nFrancisco pediu esta gra\u00e7a do Perd\u00e3o de Assis era de um mundo em guerra, em\nconflito, em que os ricos buscavam manter o poder; al\u00e9m disso, havia a guerra\nentre a Fran\u00e7a e a Alemanha, havia as Cruzadas na Terra Santa entre os crist\u00e3os\ne os mu\u00e7ulmanos; mas havia tamb\u00e9m conflitos no seio das fam\u00edlias e tamb\u00e9m\nconflitos dentro da Igreja. Isto \u00e9 o que se deve levar em conta para entender\nmelhor o significado desta Festa do Perd\u00e3o de Assis.<\/p>\n\n\n\n<p><strong>A extens\u00e3o da Indulg\u00eancia<\/strong><\/p>\n\n\n\n<p>Com a Bula de\n4 de julho de 1622, o Papa Greg\u00f3rio XV estendeu esta \u201cIndulg\u00eancia da\nPorci\u00fancula\u201d a todas as igrejas da Ordem Franciscana. Em 12 de janeiro de 1678,\no Papa Inoc\u00eancio XI declarou que esta indulg\u00eancia podia ser aplicada tamb\u00e9m \u00e0s\nalmas do Purgat\u00f3rio.<\/p>\n\n\n\n<p>Para facilitar o \u201cPerd\u00e3o de Assis\u201d aos fi\u00e9is do mundo inteiro, o Papa Pio X deu a possibilidade de obt\u00ea-lo tamb\u00e9m nas igrejas ou orat\u00f3rios. Por sua vez, Bento XV, em 16 de abril de 1921, com um solene documento, estendeu esta indulg\u00eancia a todos os dias do ano, mas, de modo solene, na Bas\u00edlica de Santa Maria dos Anjos, em Assis. Assim se concretizou o desejo de S\u00e3o Francisco.<\/p>\n\n\n\n<figure class=\"wp-block-image size-large\"><img decoding=\"async\" width=\"750\" height=\"421\" src=\"http:\/\/saojosedoipiranga.com.br\/site\/wp-content\/uploads\/2019\/07\/porciuncula-de-assis.jpg\" alt=\"\" class=\"wp-image-1772\" srcset=\"https:\/\/saojosedoipiranga.com.br\/new\/wp-content\/uploads\/2019\/07\/porciuncula-de-assis.jpg 750w, https:\/\/saojosedoipiranga.com.br\/new\/wp-content\/uploads\/2019\/07\/porciuncula-de-assis-300x168.jpg 300w\" sizes=\"(max-width: 750px) 100vw, 750px\" \/><\/figure>\n\n\n\n<figure class=\"wp-block-image size-large\"><img loading=\"lazy\" decoding=\"async\" width=\"750\" height=\"421\" src=\"http:\/\/saojosedoipiranga.com.br\/site\/wp-content\/uploads\/2019\/07\/porciuncula-de-assis-1.jpg\" alt=\"\" class=\"wp-image-1773\" srcset=\"https:\/\/saojosedoipiranga.com.br\/new\/wp-content\/uploads\/2019\/07\/porciuncula-de-assis-1.jpg 750w, https:\/\/saojosedoipiranga.com.br\/new\/wp-content\/uploads\/2019\/07\/porciuncula-de-assis-1-300x168.jpg 300w\" sizes=\"(max-width: 750px) 100vw, 750px\" \/><\/figure>\n\n\n\n<figure class=\"wp-block-image size-large\"><img loading=\"lazy\" decoding=\"async\" width=\"750\" height=\"421\" src=\"http:\/\/saojosedoipiranga.com.br\/site\/wp-content\/uploads\/2019\/07\/porciuncula-de-assis-2.jpg\" alt=\"\" class=\"wp-image-1774\" srcset=\"https:\/\/saojosedoipiranga.com.br\/new\/wp-content\/uploads\/2019\/07\/porciuncula-de-assis-2.jpg 750w, https:\/\/saojosedoipiranga.com.br\/new\/wp-content\/uploads\/2019\/07\/porciuncula-de-assis-2-300x168.jpg 300w\" sizes=\"(max-width: 750px) 100vw, 750px\" \/><\/figure>\n\n\n\n<figure class=\"wp-block-image size-large\"><img loading=\"lazy\" decoding=\"async\" width=\"750\" height=\"421\" src=\"http:\/\/saojosedoipiranga.com.br\/site\/wp-content\/uploads\/2019\/07\/porciuncula-de-assis-3.jpg\" alt=\"\" class=\"wp-image-1775\" srcset=\"https:\/\/saojosedoipiranga.com.br\/new\/wp-content\/uploads\/2019\/07\/porciuncula-de-assis-3.jpg 750w, https:\/\/saojosedoipiranga.com.br\/new\/wp-content\/uploads\/2019\/07\/porciuncula-de-assis-3-300x168.jpg 300w\" sizes=\"(max-width: 750px) 100vw, 750px\" \/><\/figure>\n\n\n\n<p>Photogallery Visita Pastoral do Papa Francisco a Assis em 4\/8\/2016<\/p>\n\n\n\n<p><em>Fonte: Vatican News<\/em><\/p>\n\n\n\n<p><strong>Por: Eliana Galv\u00e1n Gil<\/strong><\/p>\n\n    <div class=\"xs_social_share_widget xs_share_url after_content \t\tmain_content  wslu-style-1 wslu-share-box-shaped wslu-fill-colored wslu-none wslu-share-horizontal wslu-theme-font-no wslu-main_content\">\n\n\t\t\n        <ul>\n\t\t\t        <\/ul>\n    <\/div> \n","protected":false},"excerpt":{"rendered":"<p>Celebra-se nos dias 1\u00ba e 2 de agosto o Perd\u00e3o de Assis, uma \u201cporta sempre aberta\u201d para todos aqueles que querem alcan\u00e7ar a gra\u00e7a de Deus por meio da experi\u00eancia&hellip; <br \/> <a class=\"read-more\" href=\"https:\/\/saojosedoipiranga.com.br\/new\/2019\/08\/01\/o-perdao-de-assis-fonte-de-misericordia\/\">Leia mais<\/a><\/p>\n","protected":false},"author":3,"featured_media":1785,"comment_status":"closed","ping_status":"closed","sticky":false,"template":"","format":"standard","meta":{"_vp_format_video_url":"","_vp_image_focal_point":[],"footnotes":""},"categories":[3,10],"tags":[43,106,174,210,260,268,270,288,289,293,311],"class_list":["post-1770","post","type-post","status-publish","format-standard","has-post-thumbnail","hentry","category-blog","category-noticias","tag-bencao","tag-deus","tag-indulgencia","tag-misericordia","tag-papa-francisco","tag-paroquia-sao-jose","tag-paroquia-sao-jose-do-ipiranga","tag-perdao","tag-perdao-de-assis","tag-porciuncula","tag-reconciliacao"],"_links":{"self":[{"href":"https:\/\/saojosedoipiranga.com.br\/new\/wp-json\/wp\/v2\/posts\/1770","targetHints":{"allow":["GET"]}}],"collection":[{"href":"https:\/\/saojosedoipiranga.com.br\/new\/wp-json\/wp\/v2\/posts"}],"about":[{"href":"https:\/\/saojosedoipiranga.com.br\/new\/wp-json\/wp\/v2\/types\/post"}],"author":[{"embeddable":true,"href":"https:\/\/saojosedoipiranga.com.br\/new\/wp-json\/wp\/v2\/users\/3"}],"replies":[{"embeddable":true,"href":"https:\/\/saojosedoipiranga.com.br\/new\/wp-json\/wp\/v2\/comments?post=1770"}],"version-history":[{"count":0,"href":"https:\/\/saojosedoipiranga.com.br\/new\/wp-json\/wp\/v2\/posts\/1770\/revisions"}],"wp:featuredmedia":[{"embeddable":true,"href":"https:\/\/saojosedoipiranga.com.br\/new\/wp-json\/wp\/v2\/media\/1785"}],"wp:attachment":[{"href":"https:\/\/saojosedoipiranga.com.br\/new\/wp-json\/wp\/v2\/media?parent=1770"}],"wp:term":[{"taxonomy":"category","embeddable":true,"href":"https:\/\/saojosedoipiranga.com.br\/new\/wp-json\/wp\/v2\/categories?post=1770"},{"taxonomy":"post_tag","embeddable":true,"href":"https:\/\/saojosedoipiranga.com.br\/new\/wp-json\/wp\/v2\/tags?post=1770"}],"curies":[{"name":"wp","href":"https:\/\/api.w.org\/{rel}","templated":true}]}}