{"id":1740,"date":"2019-07-24T10:31:47","date_gmt":"2019-07-24T13:31:47","guid":{"rendered":"http:\/\/saojosedoipiranga.com.br\/site\/?p=1740"},"modified":"2019-07-24T10:31:47","modified_gmt":"2019-07-24T13:31:47","slug":"tiago-o-maior","status":"publish","type":"post","link":"https:\/\/saojosedoipiranga.com.br\/new\/2019\/07\/24\/tiago-o-maior\/","title":{"rendered":"Tiago, o Maior"},"content":{"rendered":"\n<h4 class=\"wp-block-heading\"><strong>Tiago foi o primeiro dentre os doze ap\u00f3stolos a ser martirizado<\/strong><\/h4>\n\n\n\n<p><strong>Santiago, numa obra de\u00a0<\/strong><a href=\"https:\/\/pt.wikipedia.org\/wiki\/Rembrandt_van_Rijn\"><strong>Rembrandt van Rijn<\/strong><\/a><\/p>\n\n\n\n<table class=\"wp-block-table aligncenter\"><tbody><tr><td><strong>Ap\u00f3stolo\u00a0e\u00a0M\u00e1rtir<\/strong>   <br><strong>Nascimento <\/strong>&#8211; Betsaida, Palestina<br><strong>Morte <\/strong>&#8211; 44 dc em Jerusalem, Paletina<br><strong>Venera\u00e7\u00e3o por<\/strong> &#8211; Igreja Cat\u00f3lica, Igrejas Orientais, Igreja Anglicana, Igreja Ortodoxa.<br><strong>Principal templo<\/strong> &#8211; Catedral de Santiago de Compostela, Galicia, Espanha<br><strong>Festa Lit\u00fargica<\/strong> &#8211; 25 de Julho<br><strong>Atribui\u00e7\u00f5es <\/strong>&#8211; peregrino, cavaleiro, [vieira], chap\u00e9u de viandante, cajado<br><strong>Padroeiro <\/strong>&#8211; dos peregrinos e dos cavaleiros<br><\/td><\/tr><\/tbody><\/table>\n\n\n\n<div class=\"wp-block-media-text alignwide is-vertically-aligned-bottom\"><figure class=\"wp-block-media-text__media\"><img fetchpriority=\"high\" decoding=\"async\" width=\"250\" height=\"304\" src=\"http:\/\/saojosedoipiranga.com.br\/site\/wp-content\/uploads\/2019\/07\/sao-tiago-apostolo.jpg\" alt=\"\" class=\"wp-image-1742\" srcset=\"https:\/\/saojosedoipiranga.com.br\/new\/wp-content\/uploads\/2019\/07\/sao-tiago-apostolo.jpg 250w, https:\/\/saojosedoipiranga.com.br\/new\/wp-content\/uploads\/2019\/07\/sao-tiago-apostolo-247x300.jpg 247w\" sizes=\"(max-width: 250px) 100vw, 250px\" \/><\/figure><div class=\"wp-block-media-text__content\">\n<p><strong>Tiago (o Maior)<\/strong>, filho de Zebedeu e de Salom\u00e9, irm\u00e3o mais velho do disc\u00edpulo Jo\u00e3o, foi chamado por Jesus no in\u00edcio da sua vida p\u00fablica:\n\n<\/p>\n<\/div><\/div>\n\n\n\n<blockquote class=\"wp-block-quote is-layout-flow wp-block-quote-is-layout-flow\"><p><em>\u201cEle viu mais dois irm\u00e3os Tiago e Jo\u00e3o filhos de Zebedeu consertando as redes. Ele os chamou e eles logo deixaram o barco e seu pai e o seguiram (Mt 4,21-22).\u201d <\/em><\/p><\/blockquote>\n\n\n\n<p>Como eles tinham um forte temperamento Jesus os chamou de Bonaerges isto \u00e9, \u201cfilhos do trov\u00e3o\u201d.\u00a0<\/p>\n\n\n\n<p><strong>Falamos de Tiago o maior para diferenciar do outro Tiago (o menor) filho de Alfeu.<\/strong><\/p>\n\n\n\n<h4 class=\"wp-block-heading\">Em diversas passagens dos Evangelhos se mencionam tr\u00eas disc\u00edpulos que faziam parte do grupo mais \u00edntimo de Jesus: <\/h4>\n\n\n\n<p>Pedro, Tiago e Jo\u00e3o. Esta proximidade com Jesus permitiu que eles fossem testemunhas de milagres importantes do Senhor como: a cura da sogra de Pedro, a volta \u00e0 vida da filha de Jairo e a Transfigura\u00e7\u00e3o de Jesus.<\/p>\n\n\n\n<p>Segundo uma tradi\u00e7\u00e3o, logo depois da Ascens\u00e3o, Tiago teria ido evangelizar na Espanha, tamb\u00e9m h\u00e1 uma tradi\u00e7\u00e3o que afirma que estando ali teve a visita de Maria Sant\u00edssima, que ainda vivia, e veio consol\u00e1-lo por que tinha convertido poucas pessoas. Isso teria acontecido nas proximidades de Zaragoza no dia 2 de fevereiro do ano 40 dc. Ela estava de p\u00e9 sobre uma coluna de luz rodeada de anjos; a coluna era de jaspe e ficou no lugar depois que a Nossa Senhora se retirou para que ali fosse edificada uma igreja; ela tamb\u00e9m prometeu atender as s\u00faplicas que ali lhe fossem dirigidas, a bas\u00edlica chama-se <em>Bas\u00edlica<\/em> <em>Virgen del Pilar<\/em>. Tiago voltou depois a Jerusal\u00e9m onde permaneceu at\u00e9 seu mart\u00edrio. \u00a0<\/p>\n\n\n\n<p>No livro dos Atos dos Ap\u00f3stolos, vemos que <strong>Tiago foi o primeiro dentre os doze ap\u00f3stolos a ser martirizado:<\/strong>\u00a0<em>\u201cPor aquele tempo, Herodes Agripa tomou medidas visando maltratar alguns membros da Igreja, e mandou matar a espada Tiago, irm\u00e3o de Jo\u00e3o\u201d\u00a0(At 12,1-2)<\/em>. Ele foi decapitado em Jerusal\u00e9m no ano 44.<\/p>\n\n\n\n<h4 class=\"wp-block-heading\">Por que o nome Santiago de Compostela?<\/h4>\n\n\n\n<p>Por causa desta tradi\u00e7\u00e3o seria esse o motivo de que, no s\u00e9culo VIII, quando a Palestina caiu em poder dos mu\u00e7ulmanos, um grupo de disc\u00edpulos decidiu levar seus restos para Espanha e os enterraram num campo em Iria na Gal\u00edcia. Segundo uma antiga tradi\u00e7\u00e3o da cidade, no s\u00e9culo IX um eremita viu uma chuva de estrelas sobre um campo e guiado por uma luz encontrou o lugar da sepultura. <\/p>\n\n\n\n<p>Mais tarde, naquele local, foi constru\u00edda uma igreja e\num mosteiro, dedicados a Tiago, o Maior, com isso a cidade de Iria passou a\nchamar-se Santiago de Compostela, ou seja, <em>Santiago\ndo<\/em> C<em>ampo de estrelas<\/em>. <\/p>\n\n\n\n<p>Espanha lutou muito tempo para expulsar os mu\u00e7ulmanos que a haviam invadido e conseguiu venc\u00ea-los e expuls\u00e1-los com a ajuda invis\u00edvel de Tiago, seu padroeiro.<\/p>\n\n\n\n<p>H\u00e1 muito tempo o santu\u00e1rio de Santiago de Compostela \u00e9 um dos mais procurados pelos peregrinos do mundo inteiro, um lugar de medita\u00e7\u00e3o e convers\u00e3o, os peregrinos fazem o trajeto a p\u00e9, chamado o Caminho de Santiago, a partir de diferentes locais tanto da Espanha como da Fran\u00e7a. <\/p>\n\n\n\n<p><strong>Por: Eliana Galv\u00e1n Gil<\/strong><\/p>\n\n    <div class=\"xs_social_share_widget xs_share_url after_content \t\tmain_content  wslu-style-1 wslu-share-box-shaped wslu-fill-colored wslu-none wslu-share-horizontal wslu-theme-font-no wslu-main_content\">\n\n\t\t\n        <ul>\n\t\t\t        <\/ul>\n    <\/div> \n","protected":false},"excerpt":{"rendered":"<p>Tiago foi o primeiro dentre os doze ap\u00f3stolos a ser martirizado Santiago, numa obra de\u00a0Rembrandt van Rijn Ap\u00f3stolo\u00a0e\u00a0M\u00e1rtir Nascimento &#8211; Betsaida, PalestinaMorte &#8211; 44 dc em Jerusalem, PaletinaVenera\u00e7\u00e3o por &#8211;&hellip; <br \/> <a class=\"read-more\" href=\"https:\/\/saojosedoipiranga.com.br\/new\/2019\/07\/24\/tiago-o-maior\/\">Leia mais<\/a><\/p>\n","protected":false},"author":3,"featured_media":1746,"comment_status":"closed","ping_status":"closed","sticky":false,"template":"","format":"standard","meta":{"_vp_format_video_url":"","_vp_image_focal_point":[],"footnotes":""},"categories":[3],"tags":[138,177,196,198,226,248,249,251,297,344,366,400],"class_list":["post-1740","post","type-post","status-publish","format-standard","has-post-thumbnail","hentry","category-blog","tag-evangelho","tag-jesus","tag-maria","tag-martir","tag-nossa-senhora","tag-padroeiro-da-espanha","tag-padroeiro-dos-cavaleiros","tag-padroeiro-dos-peregrinos","tag-primeiro-discipulo-de-jesus","tag-santiago-de-compostela","tag-sao-tiago","tag-tiago-o-maior"],"_links":{"self":[{"href":"https:\/\/saojosedoipiranga.com.br\/new\/wp-json\/wp\/v2\/posts\/1740","targetHints":{"allow":["GET"]}}],"collection":[{"href":"https:\/\/saojosedoipiranga.com.br\/new\/wp-json\/wp\/v2\/posts"}],"about":[{"href":"https:\/\/saojosedoipiranga.com.br\/new\/wp-json\/wp\/v2\/types\/post"}],"author":[{"embeddable":true,"href":"https:\/\/saojosedoipiranga.com.br\/new\/wp-json\/wp\/v2\/users\/3"}],"replies":[{"embeddable":true,"href":"https:\/\/saojosedoipiranga.com.br\/new\/wp-json\/wp\/v2\/comments?post=1740"}],"version-history":[{"count":0,"href":"https:\/\/saojosedoipiranga.com.br\/new\/wp-json\/wp\/v2\/posts\/1740\/revisions"}],"wp:featuredmedia":[{"embeddable":true,"href":"https:\/\/saojosedoipiranga.com.br\/new\/wp-json\/wp\/v2\/media\/1746"}],"wp:attachment":[{"href":"https:\/\/saojosedoipiranga.com.br\/new\/wp-json\/wp\/v2\/media?parent=1740"}],"wp:term":[{"taxonomy":"category","embeddable":true,"href":"https:\/\/saojosedoipiranga.com.br\/new\/wp-json\/wp\/v2\/categories?post=1740"},{"taxonomy":"post_tag","embeddable":true,"href":"https:\/\/saojosedoipiranga.com.br\/new\/wp-json\/wp\/v2\/tags?post=1740"}],"curies":[{"name":"wp","href":"https:\/\/api.w.org\/{rel}","templated":true}]}}